{"id":7110,"date":"2025-05-23T12:06:23","date_gmt":"2025-05-23T10:06:23","guid":{"rendered":"https:\/\/agora.xtec.cat\/iescalgravat\/?p=7110"},"modified":"2025-05-23T12:06:23","modified_gmt":"2025-05-23T10:06:23","slug":"viatge-a-mauthausen","status":"publish","type":"post","link":"https:\/\/agora.xtec.cat\/iescalgravat\/general\/viatge-a-mauthausen\/","title":{"rendered":"VIATGE A MAUTHAUSEN"},"content":{"rendered":"<p><span data-sheets-root=\"1\">L&#8217;alumnat de 1r de Batxillerat d&#8217;hist\u00f2ria del m\u00f3n contemporani juntament amb alumnes d&#8217;altres instituts de Manresa vam participar en els actes de mem\u00f2ria sobre el 80\u00e8 aniversari de l&#8217;alliberament dels camps de concentraci\u00f3 de Mauthausen, Gusen i Ebensee, i en record i homenatge als catalans i manresans que van ser deportats en aquests camps. El viatge va ser molt impactant i emocionant. Les visites als camps, els homenatges, veure gent de totes les nacionalitats fent els actes d&#8217;homenatge, la visita a les mines d&#8217;Ebensee convertides en f\u00e0briques d&#8217;armament, els forns, les cambres de gas, els barracons, la cantera i les escales de la mort, el castell de Hartheim on buscaven la perfecci\u00f3 de la ra\u00e7a \u00e0ria i practicaven amb les diferents maneres de matar&#8230;<br \/>\nEls alumnes que hem participat<\/span><\/p>\n<p><span data-sheets-root=\"1\">al viatge pensem que ara m\u00e9s que mai no podem oblidar el que van fer els nostres avantpassats per lluitar contra el feixisme, i en un moment hist\u00f2ric on torna a estar a l&#8217;al\u00e7a, creiem que \u00e9s important no oblidar el passat per a valorar la societat que tenim avui en dia, preservar la dignitat humana i el respecte cap a les idees i a la difer\u00e8ncia. Perqu\u00e8 l&#8217;oblit \u00e9s la pitjor de les condemnes. Feixisme, mai m\u00e9s!<\/span><\/p>\n\n\t\t<style type=\"text\/css\">\n\t\t\t#gallery-1 {\n\t\t\t\tmargin: auto;\n\t\t\t}\n\t\t\t#gallery-1 .gallery-item {\n\t\t\t\tfloat: left;\n\t\t\t\tmargin-top: 10px;\n\t\t\t\ttext-align: center;\n\t\t\t\twidth: 50%;\n\t\t\t}\n\t\t\t#gallery-1 img {\n\t\t\t\tborder: 2px solid #cfcfcf;\n\t\t\t}\n\t\t\t#gallery-1 .gallery-caption {\n\t\t\t\tmargin-left: 0;\n\t\t\t}\n\t\t\t\/* see gallery_shortcode() in wp-includes\/media.php *\/\n\t\t<\/style>\n\t\t<div id='gallery-1' class='gallery galleryid-7110 gallery-columns-2 gallery-size-large'><dl class='gallery-item'>\n\t\t\t<dt class='gallery-icon landscape'>\n\t\t\t\t<a href='https:\/\/agora.xtec.cat\/iescalgravat\/general\/viatge-a-mauthausen\/attachment\/20250509_144442-roger-canyadell\/'><img loading=\"lazy\" decoding=\"async\" width=\"1024\" height=\"768\" src=\"https:\/\/agora.xtec.cat\/iescalgravat\/wp-content\/uploads\/usu63\/2025\/05\/20250509_144442-Roger-Canyadell-1024x768.jpg\" class=\"attachment-large size-large\" alt=\"\" srcset=\"https:\/\/agora.xtec.cat\/iescalgravat\/wp-content\/uploads\/usu63\/2025\/05\/20250509_144442-Roger-Canyadell-1024x768.jpg 1024w, https:\/\/agora.xtec.cat\/iescalgravat\/wp-content\/uploads\/usu63\/2025\/05\/20250509_144442-Roger-Canyadell-300x225.jpg 300w, https:\/\/agora.xtec.cat\/iescalgravat\/wp-content\/uploads\/usu63\/2025\/05\/20250509_144442-Roger-Canyadell-768x576.jpg 768w, https:\/\/agora.xtec.cat\/iescalgravat\/wp-content\/uploads\/usu63\/2025\/05\/20250509_144442-Roger-Canyadell-1536x1152.jpg 1536w, https:\/\/agora.xtec.cat\/iescalgravat\/wp-content\/uploads\/usu63\/2025\/05\/20250509_144442-Roger-Canyadell-2048x1536.jpg 2048w, https:\/\/agora.xtec.cat\/iescalgravat\/wp-content\/uploads\/usu63\/2025\/05\/20250509_144442-Roger-Canyadell-200x150.jpg 200w\" sizes=\"auto, (max-width: 1024px) 100vw, 1024px\" \/><\/a>\n\t\t\t<\/dt><\/dl><dl class='gallery-item'>\n\t\t\t<dt class='gallery-icon landscape'>\n\t\t\t\t<a href='https:\/\/agora.xtec.cat\/iescalgravat\/general\/viatge-a-mauthausen\/attachment\/20250510_171824-roger-canyadell\/'><img loading=\"lazy\" decoding=\"async\" width=\"1024\" height=\"768\" src=\"https:\/\/agora.xtec.cat\/iescalgravat\/wp-content\/uploads\/usu63\/2025\/05\/20250510_171824-Roger-Canyadell-1024x768.jpg\" class=\"attachment-large size-large\" alt=\"\" srcset=\"https:\/\/agora.xtec.cat\/iescalgravat\/wp-content\/uploads\/usu63\/2025\/05\/20250510_171824-Roger-Canyadell-1024x768.jpg 1024w, https:\/\/agora.xtec.cat\/iescalgravat\/wp-content\/uploads\/usu63\/2025\/05\/20250510_171824-Roger-Canyadell-300x225.jpg 300w, https:\/\/agora.xtec.cat\/iescalgravat\/wp-content\/uploads\/usu63\/2025\/05\/20250510_171824-Roger-Canyadell-768x576.jpg 768w, https:\/\/agora.xtec.cat\/iescalgravat\/wp-content\/uploads\/usu63\/2025\/05\/20250510_171824-Roger-Canyadell-1536x1152.jpg 1536w, https:\/\/agora.xtec.cat\/iescalgravat\/wp-content\/uploads\/usu63\/2025\/05\/20250510_171824-Roger-Canyadell-2048x1536.jpg 2048w, https:\/\/agora.xtec.cat\/iescalgravat\/wp-content\/uploads\/usu63\/2025\/05\/20250510_171824-Roger-Canyadell-200x150.jpg 200w\" sizes=\"auto, (max-width: 1024px) 100vw, 1024px\" \/><\/a>\n\t\t\t<\/dt><\/dl><br style=\"clear: both\" \/><dl class='gallery-item'>\n\t\t\t<dt class='gallery-icon landscape'>\n\t\t\t\t<a href='https:\/\/agora.xtec.cat\/iescalgravat\/general\/viatge-a-mauthausen\/attachment\/20250511_090630-roger-canyadell\/'><img loading=\"lazy\" decoding=\"async\" width=\"1024\" height=\"768\" src=\"https:\/\/agora.xtec.cat\/iescalgravat\/wp-content\/uploads\/usu63\/2025\/05\/20250511_090630-Roger-Canyadell-1024x768.jpg\" class=\"attachment-large size-large\" alt=\"\" srcset=\"https:\/\/agora.xtec.cat\/iescalgravat\/wp-content\/uploads\/usu63\/2025\/05\/20250511_090630-Roger-Canyadell-1024x768.jpg 1024w, https:\/\/agora.xtec.cat\/iescalgravat\/wp-content\/uploads\/usu63\/2025\/05\/20250511_090630-Roger-Canyadell-300x225.jpg 300w, https:\/\/agora.xtec.cat\/iescalgravat\/wp-content\/uploads\/usu63\/2025\/05\/20250511_090630-Roger-Canyadell-768x576.jpg 768w, https:\/\/agora.xtec.cat\/iescalgravat\/wp-content\/uploads\/usu63\/2025\/05\/20250511_090630-Roger-Canyadell-1536x1152.jpg 1536w, https:\/\/agora.xtec.cat\/iescalgravat\/wp-content\/uploads\/usu63\/2025\/05\/20250511_090630-Roger-Canyadell-2048x1536.jpg 2048w, https:\/\/agora.xtec.cat\/iescalgravat\/wp-content\/uploads\/usu63\/2025\/05\/20250511_090630-Roger-Canyadell-200x150.jpg 200w\" sizes=\"auto, (max-width: 1024px) 100vw, 1024px\" \/><\/a>\n\t\t\t<\/dt><\/dl><dl class='gallery-item'>\n\t\t\t<dt class='gallery-icon portrait'>\n\t\t\t\t<a href='https:\/\/agora.xtec.cat\/iescalgravat\/general\/viatge-a-mauthausen\/attachment\/20250511_101315-roger-canyadell\/'><img loading=\"lazy\" decoding=\"async\" width=\"768\" height=\"1024\" src=\"https:\/\/agora.xtec.cat\/iescalgravat\/wp-content\/uploads\/usu63\/2025\/05\/20250511_101315-Roger-Canyadell-scaled-e1747994746934-768x1024.jpg\" class=\"attachment-large size-large\" alt=\"\" srcset=\"https:\/\/agora.xtec.cat\/iescalgravat\/wp-content\/uploads\/usu63\/2025\/05\/20250511_101315-Roger-Canyadell-scaled-e1747994746934-768x1024.jpg 768w, https:\/\/agora.xtec.cat\/iescalgravat\/wp-content\/uploads\/usu63\/2025\/05\/20250511_101315-Roger-Canyadell-scaled-e1747994746934-225x300.jpg 225w, https:\/\/agora.xtec.cat\/iescalgravat\/wp-content\/uploads\/usu63\/2025\/05\/20250511_101315-Roger-Canyadell-scaled-e1747994746934-1152x1536.jpg 1152w, https:\/\/agora.xtec.cat\/iescalgravat\/wp-content\/uploads\/usu63\/2025\/05\/20250511_101315-Roger-Canyadell-scaled-e1747994746934-1536x2048.jpg 1536w, https:\/\/agora.xtec.cat\/iescalgravat\/wp-content\/uploads\/usu63\/2025\/05\/20250511_101315-Roger-Canyadell-scaled-e1747994746934.jpg 1920w\" sizes=\"auto, (max-width: 768px) 100vw, 768px\" \/><\/a>\n\t\t\t<\/dt><\/dl><br style=\"clear: both\" \/>\n\t\t<\/div>\n\n","protected":false},"excerpt":{"rendered":"<p>L&#8217;alumnat de 1r de Batxillerat d&#8217;hist\u00f2ria del m\u00f3n contemporani juntament amb alumnes d&#8217;altres instituts de Manresa vam participar en els actes de mem\u00f2ria sobre el 80\u00e8 aniversari de l&#8217;alliberament dels camps de concentraci\u00f3 de Mauthausen, Gusen i Ebensee, i en record i homenatge als catalans&hellip;  <a href=\"https:\/\/agora.xtec.cat\/iescalgravat\/general\/viatge-a-mauthausen\/\" title=\"Read VIATGE A MAUTHAUSEN\">Llegeix m\u00e9s\u00bb<\/a><\/p>\n","protected":false},"author":1,"featured_media":0,"comment_status":"closed","ping_status":"closed","sticky":false,"template":"","format":"standard","meta":{"_bbp_topic_count":0,"_bbp_reply_count":0,"_bbp_total_topic_count":0,"_bbp_total_reply_count":0,"_bbp_voice_count":0,"_bbp_anonymous_reply_count":0,"_bbp_topic_count_hidden":0,"_bbp_reply_count_hidden":0,"_bbp_forum_subforum_count":0,"footnotes":""},"categories":[1,29],"tags":[],"class_list":["post-7110","post","type-post","status-publish","format-standard","hentry","category-general","category-portada"],"post_mailing_queue_ids":[],"_links":{"self":[{"href":"https:\/\/agora.xtec.cat\/iescalgravat\/wp-json\/wp\/v2\/posts\/7110","targetHints":{"allow":["GET"]}}],"collection":[{"href":"https:\/\/agora.xtec.cat\/iescalgravat\/wp-json\/wp\/v2\/posts"}],"about":[{"href":"https:\/\/agora.xtec.cat\/iescalgravat\/wp-json\/wp\/v2\/types\/post"}],"author":[{"embeddable":true,"href":"https:\/\/agora.xtec.cat\/iescalgravat\/wp-json\/wp\/v2\/users\/1"}],"replies":[{"embeddable":true,"href":"https:\/\/agora.xtec.cat\/iescalgravat\/wp-json\/wp\/v2\/comments?post=7110"}],"version-history":[{"count":1,"href":"https:\/\/agora.xtec.cat\/iescalgravat\/wp-json\/wp\/v2\/posts\/7110\/revisions"}],"predecessor-version":[{"id":7115,"href":"https:\/\/agora.xtec.cat\/iescalgravat\/wp-json\/wp\/v2\/posts\/7110\/revisions\/7115"}],"wp:attachment":[{"href":"https:\/\/agora.xtec.cat\/iescalgravat\/wp-json\/wp\/v2\/media?parent=7110"}],"wp:term":[{"taxonomy":"category","embeddable":true,"href":"https:\/\/agora.xtec.cat\/iescalgravat\/wp-json\/wp\/v2\/categories?post=7110"},{"taxonomy":"post_tag","embeddable":true,"href":"https:\/\/agora.xtec.cat\/iescalgravat\/wp-json\/wp\/v2\/tags?post=7110"}],"curies":[{"name":"wp","href":"https:\/\/api.w.org\/{rel}","templated":true}]}}