{"id":7079,"date":"2025-05-06T15:55:27","date_gmt":"2025-05-06T13:55:27","guid":{"rendered":"https:\/\/agora.xtec.cat\/iescalgravat\/?p=7079"},"modified":"2025-05-06T15:56:45","modified_gmt":"2025-05-06T13:56:45","slug":"acte-de-presentacio-dels-llibres-dels-treballs-de-recerca-2025","status":"publish","type":"post","link":"https:\/\/agora.xtec.cat\/iescalgravat\/general\/acte-de-presentacio-dels-llibres-dels-treballs-de-recerca-2025\/","title":{"rendered":"ACTE DE PRESENTACI\u00d3 DELS LLIBRES DELS TREBALLS DE RECERCA 2025"},"content":{"rendered":"<p>El Pau Sellart, el Jan Oliveras i la J\u00falia Morales han assistit a l&#8217;acte de presentaci\u00f3 del llibre dels Treballs de Recerca del Bages i el Moian\u00e8s celebrat al Museu de l&#8217;aigua i el t\u00e8xtil de Manresa.<\/p>\n<p><a href=\"https:\/\/agora.xtec.cat\/iescalgravat\/wp-content\/uploads\/usu63\/2025\/05\/IMG20250429165134-CESAR-RIOLA-DEVANT-scaled.jpg\"><img loading=\"lazy\" decoding=\"async\" class=\"aligncenter size-large wp-image-7080\" src=\"https:\/\/agora.xtec.cat\/iescalgravat\/wp-content\/uploads\/usu63\/2025\/05\/IMG20250429165134-CESAR-RIOLA-DEVANT-1024x771.jpg\" alt=\"\" width=\"1024\" height=\"771\" srcset=\"https:\/\/agora.xtec.cat\/iescalgravat\/wp-content\/uploads\/usu63\/2025\/05\/IMG20250429165134-CESAR-RIOLA-DEVANT-1024x771.jpg 1024w, https:\/\/agora.xtec.cat\/iescalgravat\/wp-content\/uploads\/usu63\/2025\/05\/IMG20250429165134-CESAR-RIOLA-DEVANT-300x226.jpg 300w, https:\/\/agora.xtec.cat\/iescalgravat\/wp-content\/uploads\/usu63\/2025\/05\/IMG20250429165134-CESAR-RIOLA-DEVANT-768x578.jpg 768w, https:\/\/agora.xtec.cat\/iescalgravat\/wp-content\/uploads\/usu63\/2025\/05\/IMG20250429165134-CESAR-RIOLA-DEVANT-1536x1157.jpg 1536w, https:\/\/agora.xtec.cat\/iescalgravat\/wp-content\/uploads\/usu63\/2025\/05\/IMG20250429165134-CESAR-RIOLA-DEVANT-2048x1542.jpg 2048w, https:\/\/agora.xtec.cat\/iescalgravat\/wp-content\/uploads\/usu63\/2025\/05\/IMG20250429165134-CESAR-RIOLA-DEVANT-200x150.jpg 200w\" sizes=\"auto, (max-width: 1024px) 100vw, 1024px\" \/><\/a><\/p>\n<p>&nbsp;<\/p>\n","protected":false},"excerpt":{"rendered":"<p>El Pau Sellart, el Jan Oliveras i la J\u00falia Morales han assistit a l&#8217;acte de presentaci\u00f3 del llibre dels Treballs de Recerca del Bages i el Moian\u00e8s celebrat al Museu de l&#8217;aigua i el t\u00e8xtil de Manresa.<br \/>\n<a href=\"https:\/\/agora.xtec.cat\/iescalgravat\/wp-content\/uploads\/usu63\/2025\/05\/IMG20250429165134-CESAR-RIOLA-DEVANT-scaled.jpg\"><\/a><br \/>\n&nbsp;<\/p>\n","protected":false},"author":1,"featured_media":0,"comment_status":"closed","ping_status":"closed","sticky":false,"template":"","format":"standard","meta":{"_bbp_topic_count":0,"_bbp_reply_count":0,"_bbp_total_topic_count":0,"_bbp_total_reply_count":0,"_bbp_voice_count":0,"_bbp_anonymous_reply_count":0,"_bbp_topic_count_hidden":0,"_bbp_reply_count_hidden":0,"_bbp_forum_subforum_count":0,"footnotes":""},"categories":[1,29],"tags":[],"class_list":["post-7079","post","type-post","status-publish","format-standard","hentry","category-general","category-portada"],"post_mailing_queue_ids":[],"_links":{"self":[{"href":"https:\/\/agora.xtec.cat\/iescalgravat\/wp-json\/wp\/v2\/posts\/7079","targetHints":{"allow":["GET"]}}],"collection":[{"href":"https:\/\/agora.xtec.cat\/iescalgravat\/wp-json\/wp\/v2\/posts"}],"about":[{"href":"https:\/\/agora.xtec.cat\/iescalgravat\/wp-json\/wp\/v2\/types\/post"}],"author":[{"embeddable":true,"href":"https:\/\/agora.xtec.cat\/iescalgravat\/wp-json\/wp\/v2\/users\/1"}],"replies":[{"embeddable":true,"href":"https:\/\/agora.xtec.cat\/iescalgravat\/wp-json\/wp\/v2\/comments?post=7079"}],"version-history":[{"count":1,"href":"https:\/\/agora.xtec.cat\/iescalgravat\/wp-json\/wp\/v2\/posts\/7079\/revisions"}],"predecessor-version":[{"id":7081,"href":"https:\/\/agora.xtec.cat\/iescalgravat\/wp-json\/wp\/v2\/posts\/7079\/revisions\/7081"}],"wp:attachment":[{"href":"https:\/\/agora.xtec.cat\/iescalgravat\/wp-json\/wp\/v2\/media?parent=7079"}],"wp:term":[{"taxonomy":"category","embeddable":true,"href":"https:\/\/agora.xtec.cat\/iescalgravat\/wp-json\/wp\/v2\/categories?post=7079"},{"taxonomy":"post_tag","embeddable":true,"href":"https:\/\/agora.xtec.cat\/iescalgravat\/wp-json\/wp\/v2\/tags?post=7079"}],"curies":[{"name":"wp","href":"https:\/\/api.w.org\/{rel}","templated":true}]}}