{"id":7020,"date":"2025-04-11T12:12:55","date_gmt":"2025-04-11T10:12:55","guid":{"rendered":"https:\/\/agora.xtec.cat\/iescalgravat\/?p=7020"},"modified":"2025-04-11T12:12:55","modified_gmt":"2025-04-11T10:12:55","slug":"servei-comunitari-venda-de-productes","status":"publish","type":"post","link":"https:\/\/agora.xtec.cat\/iescalgravat\/general\/servei-comunitari-venda-de-productes\/","title":{"rendered":"Servei Comunitari: Venda de Productes"},"content":{"rendered":"<p>Aquest dimecres 9 d&#8217;abril, els alumnes de 4t d&#8217;ESO, comen\u00e7arem la venda dels cors que hem confeccionat, per col\u00b7laborar amb la Fundaci\u00f3 Althaia, emmarcat dins del Servei Comunitari.<\/p>\n<p>Podreu adquirir-los durant el mat\u00ed al vest\u00edbul de l&#8217;institut, aix\u00ed com a l&#8217;entrada principal de l&#8217;Hospital Althaia.<\/p>\n<p>Animeu-vos a col\u00b7laborar. Les nostres aportacions es dedicaran a millorar i humanitzar el servei de neonatologia d&#8217;Althaia.<a href=\"https:\/\/agora.xtec.cat\/iescalgravat\/wp-content\/uploads\/usu63\/2025\/04\/Venda-de-cors-1-MONICA-BATALLA-SALVADO-1.pdf\">Venda de cors-1 &#8211; MONICA BATALLA SALVADO<\/a><a href=\"https:\/\/agora.xtec.cat\/iescalgravat\/wp-content\/uploads\/usu63\/2025\/04\/posem-hi-el-cor-MONICA-BATALLA-SALVADO1.png\"><img loading=\"lazy\" decoding=\"async\" class=\"aligncenter size-large wp-image-7022\" src=\"https:\/\/agora.xtec.cat\/iescalgravat\/wp-content\/uploads\/usu63\/2025\/04\/posem-hi-el-cor-MONICA-BATALLA-SALVADO1-724x1024.png\" alt=\"\" width=\"724\" height=\"1024\" srcset=\"https:\/\/agora.xtec.cat\/iescalgravat\/wp-content\/uploads\/usu63\/2025\/04\/posem-hi-el-cor-MONICA-BATALLA-SALVADO1-724x1024.png 724w, https:\/\/agora.xtec.cat\/iescalgravat\/wp-content\/uploads\/usu63\/2025\/04\/posem-hi-el-cor-MONICA-BATALLA-SALVADO1-212x300.png 212w, https:\/\/agora.xtec.cat\/iescalgravat\/wp-content\/uploads\/usu63\/2025\/04\/posem-hi-el-cor-MONICA-BATALLA-SALVADO1-768x1087.png 768w, https:\/\/agora.xtec.cat\/iescalgravat\/wp-content\/uploads\/usu63\/2025\/04\/posem-hi-el-cor-MONICA-BATALLA-SALVADO1-1085x1536.png 1085w, https:\/\/agora.xtec.cat\/iescalgravat\/wp-content\/uploads\/usu63\/2025\/04\/posem-hi-el-cor-MONICA-BATALLA-SALVADO1.png 1190w\" sizes=\"auto, (max-width: 724px) 100vw, 724px\" \/><\/a><\/p>\n","protected":false},"excerpt":{"rendered":"<p>Aquest dimecres 9 d&#8217;abril, els alumnes de 4t d&#8217;ESO, comen\u00e7arem la venda dels cors que hem confeccionat, per col\u00b7laborar amb la Fundaci\u00f3 Althaia, emmarcat dins del Servei Comunitari.<br \/>\nPodreu adquirir-los durant el mat\u00ed al vest\u00edbul de l&#8217;institut, aix\u00ed com a l&#8217;entrada principal de l&#8217;Hospital Althaia.<br \/>\nAnimeu-vos a&hellip;  <a href=\"https:\/\/agora.xtec.cat\/iescalgravat\/general\/servei-comunitari-venda-de-productes\/\" title=\"Read Servei Comunitari: Venda de Productes\">Llegeix m\u00e9s\u00bb<\/a><\/p>\n","protected":false},"author":1,"featured_media":0,"comment_status":"closed","ping_status":"closed","sticky":false,"template":"","format":"standard","meta":{"_bbp_topic_count":0,"_bbp_reply_count":0,"_bbp_total_topic_count":0,"_bbp_total_reply_count":0,"_bbp_voice_count":0,"_bbp_anonymous_reply_count":0,"_bbp_topic_count_hidden":0,"_bbp_reply_count_hidden":0,"_bbp_forum_subforum_count":0,"footnotes":""},"categories":[1,29],"tags":[],"class_list":["post-7020","post","type-post","status-publish","format-standard","hentry","category-general","category-portada"],"post_mailing_queue_ids":[],"_links":{"self":[{"href":"https:\/\/agora.xtec.cat\/iescalgravat\/wp-json\/wp\/v2\/posts\/7020","targetHints":{"allow":["GET"]}}],"collection":[{"href":"https:\/\/agora.xtec.cat\/iescalgravat\/wp-json\/wp\/v2\/posts"}],"about":[{"href":"https:\/\/agora.xtec.cat\/iescalgravat\/wp-json\/wp\/v2\/types\/post"}],"author":[{"embeddable":true,"href":"https:\/\/agora.xtec.cat\/iescalgravat\/wp-json\/wp\/v2\/users\/1"}],"replies":[{"embeddable":true,"href":"https:\/\/agora.xtec.cat\/iescalgravat\/wp-json\/wp\/v2\/comments?post=7020"}],"version-history":[{"count":1,"href":"https:\/\/agora.xtec.cat\/iescalgravat\/wp-json\/wp\/v2\/posts\/7020\/revisions"}],"predecessor-version":[{"id":7023,"href":"https:\/\/agora.xtec.cat\/iescalgravat\/wp-json\/wp\/v2\/posts\/7020\/revisions\/7023"}],"wp:attachment":[{"href":"https:\/\/agora.xtec.cat\/iescalgravat\/wp-json\/wp\/v2\/media?parent=7020"}],"wp:term":[{"taxonomy":"category","embeddable":true,"href":"https:\/\/agora.xtec.cat\/iescalgravat\/wp-json\/wp\/v2\/categories?post=7020"},{"taxonomy":"post_tag","embeddable":true,"href":"https:\/\/agora.xtec.cat\/iescalgravat\/wp-json\/wp\/v2\/tags?post=7020"}],"curies":[{"name":"wp","href":"https:\/\/api.w.org\/{rel}","templated":true}]}}