{"id":6980,"date":"2025-04-11T11:44:39","date_gmt":"2025-04-11T09:44:39","guid":{"rendered":"https:\/\/agora.xtec.cat\/iescalgravat\/?p=6980"},"modified":"2025-04-11T11:44:39","modified_gmt":"2025-04-11T09:44:39","slug":"maitines-amb-beatles","status":"publish","type":"post","link":"https:\/\/agora.xtec.cat\/iescalgravat\/general\/maitines-amb-beatles\/","title":{"rendered":"Maitines amb Beatles"},"content":{"rendered":"<p>El m\u00edtic Let it be dels Beatles ha ressonat aquest mat\u00ed pel vest\u00edbul de Cal Gravat interpretat per la J\u00falia Ru\u00edz, acompanyada pel Pau Ru\u00edz, el seu pare, i el seu professor de socials.<\/p>\n<!--[if lt IE 9]><script>document.createElement('video');<\/script><![endif]-->\n\t<div class=\"wp-playlist wp-video-playlist wp-playlist-light\">\n\t\t<video controls=\"controls\" preload=\"none\" width=\"640\"\n\t\t height=\"361\"\t><\/video>\n\t<div class=\"wp-playlist-next\"><\/div>\n\t<div class=\"wp-playlist-prev\"><\/div>\n\t<noscript>\n\t<ol>\n\t\t<li><a href='https:\/\/agora.xtec.cat\/iescalgravat\/wp-content\/uploads\/usu63\/2025\/04\/WhatsApp-Video-2025-04-07-at-09.46.31-Ramon-Barlam.mp4'>WhatsApp Video 2025-04-07 at 09.46.31 - Ramon Barlam<\/a><\/li><li><a href='https:\/\/agora.xtec.cat\/iescalgravat\/wp-content\/uploads\/usu63\/2025\/04\/WhatsApp-Video-2025-04-07-at-09.46.26-Ramon-Barlam.mp4'>WhatsApp Video 2025-04-07 at 09.46.26 - Ramon Barlam<\/a><\/li><li><a href='https:\/\/agora.xtec.cat\/iescalgravat\/wp-content\/uploads\/usu63\/2025\/04\/VIDEO-2025-04-07-09-46-26-Ramon-Barlam.mp4'>VIDEO-2025-04-07-09-46-26 - Ramon Barlam<\/a><\/li>\t<\/ol>\n\t<\/noscript>\n\t<script type=\"application\/json\" class=\"wp-playlist-script\">{\"type\":\"video\",\"tracklist\":true,\"tracknumbers\":true,\"images\":true,\"artists\":true,\"tracks\":[{\"src\":\"https:\\\/\\\/agora.xtec.cat\\\/iescalgravat\\\/wp-content\\\/uploads\\\/usu63\\\/2025\\\/04\\\/WhatsApp-Video-2025-04-07-at-09.46.31-Ramon-Barlam.mp4\",\"type\":\"video\\\/mp4\",\"title\":\"WhatsApp Video 2025-04-07 at 09.46.31 - Ramon Barlam\",\"caption\":\"\",\"description\":\"\",\"meta\":{\"length_formatted\":\"0:41\"},\"dimensions\":{\"original\":{\"width\":848,\"height\":478},\"resized\":{\"width\":640,\"height\":361}},\"image\":{\"src\":\"https:\\\/\\\/agora.xtec.cat\\\/iescalgravat\\\/wp-includes\\\/images\\\/media\\\/video.svg\",\"width\":48,\"height\":64},\"thumb\":{\"src\":\"https:\\\/\\\/agora.xtec.cat\\\/iescalgravat\\\/wp-includes\\\/images\\\/media\\\/video.svg\",\"width\":48,\"height\":64}},{\"src\":\"https:\\\/\\\/agora.xtec.cat\\\/iescalgravat\\\/wp-content\\\/uploads\\\/usu63\\\/2025\\\/04\\\/WhatsApp-Video-2025-04-07-at-09.46.26-Ramon-Barlam.mp4\",\"type\":\"video\\\/mp4\",\"title\":\"WhatsApp Video 2025-04-07 at 09.46.26 - Ramon Barlam\",\"caption\":\"\",\"description\":\"\",\"meta\":{\"length_formatted\":\"0:41\"},\"dimensions\":{\"original\":{\"width\":848,\"height\":478},\"resized\":{\"width\":640,\"height\":361}},\"image\":{\"src\":\"https:\\\/\\\/agora.xtec.cat\\\/iescalgravat\\\/wp-includes\\\/images\\\/media\\\/video.svg\",\"width\":48,\"height\":64},\"thumb\":{\"src\":\"https:\\\/\\\/agora.xtec.cat\\\/iescalgravat\\\/wp-includes\\\/images\\\/media\\\/video.svg\",\"width\":48,\"height\":64}},{\"src\":\"https:\\\/\\\/agora.xtec.cat\\\/iescalgravat\\\/wp-content\\\/uploads\\\/usu63\\\/2025\\\/04\\\/VIDEO-2025-04-07-09-46-26-Ramon-Barlam.mp4\",\"type\":\"video\\\/mp4\",\"title\":\"VIDEO-2025-04-07-09-46-26 - Ramon Barlam\",\"caption\":\"\",\"description\":\"\",\"meta\":{\"length_formatted\":\"0:41\"},\"dimensions\":{\"original\":{\"width\":848,\"height\":478},\"resized\":{\"width\":640,\"height\":361}},\"image\":{\"src\":\"https:\\\/\\\/agora.xtec.cat\\\/iescalgravat\\\/wp-includes\\\/images\\\/media\\\/video.svg\",\"width\":48,\"height\":64},\"thumb\":{\"src\":\"https:\\\/\\\/agora.xtec.cat\\\/iescalgravat\\\/wp-includes\\\/images\\\/media\\\/video.svg\",\"width\":48,\"height\":64}}]}<\/script>\n<\/div>\n\t\n","protected":false},"excerpt":{"rendered":"<p>El m\u00edtic Let it be dels Beatles ha ressonat aquest mat\u00ed pel vest\u00edbul de Cal Gravat interpretat per la J\u00falia Ru\u00edz, acompanyada pel Pau Ru\u00edz, el seu pare, i el seu professor de socials.<\/p>\n<ol>\n<li><a href='https:\/\/agora.xtec.cat\/iescalgravat\/wp-content\/uploads\/usu63\/2025\/04\/WhatsApp-Video-2025-04-07-at-09.46.31-Ramon-Barlam.mp4'>WhatsApp Video 2025-04-07 at 09.46.31 &#8211; Ramon Barlam<\/a><\/li>\n<li><a href='https:\/\/agora.xtec.cat\/iescalgravat\/wp-content\/uploads\/usu63\/2025\/04\/WhatsApp-Video-2025-04-07-at-09.46.26-Ramon-Barlam.mp4'>WhatsApp Video 2025-04-07&hellip;  <a href=\"https:\/\/agora.xtec.cat\/iescalgravat\/general\/maitines-amb-beatles\/\" title=\"Read Maitines amb Beatles\">Llegeix m\u00e9s\u00bb<\/a><br \/>\n","protected":false},"author":1,"featured_media":0,"comment_status":"closed","ping_status":"closed","sticky":false,"template":"","format":"standard","meta":{"_bbp_topic_count":0,"_bbp_reply_count":0,"_bbp_total_topic_count":0,"_bbp_total_reply_count":0,"_bbp_voice_count":0,"_bbp_anonymous_reply_count":0,"_bbp_topic_count_hidden":0,"_bbp_reply_count_hidden":0,"_bbp_forum_subforum_count":0,"footnotes":""},"categories":[1,29],"tags":[],"class_list":["post-6980","post","type-post","status-publish","format-standard","hentry","category-general","category-portada"],"post_mailing_queue_ids":[],"_links":{"self":[{"href":"https:\/\/agora.xtec.cat\/iescalgravat\/wp-json\/wp\/v2\/posts\/6980","targetHints":{"allow":["GET"]}}],"collection":[{"href":"https:\/\/agora.xtec.cat\/iescalgravat\/wp-json\/wp\/v2\/posts"}],"about":[{"href":"https:\/\/agora.xtec.cat\/iescalgravat\/wp-json\/wp\/v2\/types\/post"}],"author":[{"embeddable":true,"href":"https:\/\/agora.xtec.cat\/iescalgravat\/wp-json\/wp\/v2\/users\/1"}],"replies":[{"embeddable":true,"href":"https:\/\/agora.xtec.cat\/iescalgravat\/wp-json\/wp\/v2\/comments?post=6980"}],"version-history":[{"count":1,"href":"https:\/\/agora.xtec.cat\/iescalgravat\/wp-json\/wp\/v2\/posts\/6980\/revisions"}],"predecessor-version":[{"id":6984,"href":"https:\/\/agora.xtec.cat\/iescalgravat\/wp-json\/wp\/v2\/posts\/6980\/revisions\/6984"}],"wp:attachment":[{"href":"https:\/\/agora.xtec.cat\/iescalgravat\/wp-json\/wp\/v2\/media?parent=6980"}],"wp:term":[{"taxonomy":"category","embeddable":true,"href":"https:\/\/agora.xtec.cat\/iescalgravat\/wp-json\/wp\/v2\/categories?post=6980"},{"taxonomy":"post_tag","embeddable":true,"href":"https:\/\/agora.xtec.cat\/iescalgravat\/wp-json\/wp\/v2\/tags?post=6980"}],"curies":[{"name":"wp","href":"https:\/\/api.w.org\/{rel}","templated":true}]}}