{"id":6962,"date":"2025-04-04T12:03:52","date_gmt":"2025-04-04T10:03:52","guid":{"rendered":"https:\/\/agora.xtec.cat\/iescalgravat\/?p=6962"},"modified":"2025-04-04T12:03:52","modified_gmt":"2025-04-04T10:03:52","slug":"visita-a-la-fira-del-coneixement","status":"publish","type":"post","link":"https:\/\/agora.xtec.cat\/iescalgravat\/general\/visita-a-la-fira-del-coneixement\/","title":{"rendered":"VISITA A LA FIRA DEL CONEIXEMENT"},"content":{"rendered":"<p>Aquest dimecres l&#8217;alumnat de 4t d&#8217;ESO i de 1r de Batxillerat hem anat a la Fira del Coneixement on vam poder con\u00e8ixer projectes punters relacionats amb la ci\u00e8ncia i la tecnologia de la Universitat Polit\u00e8cnica de Catalunya i altres centres de recerca. Tamb\u00e9 va venir la S\u00f2nia Fern\u00e1ndez-Vidal, Dra. en F\u00edsica i escriptora a fer-nos una xerrada sobre la hist\u00f2ria de la f\u00edsica qu\u00e0ntica.<\/p>\n\n\t\t<style type=\"text\/css\">\n\t\t\t#gallery-1 {\n\t\t\t\tmargin: auto;\n\t\t\t}\n\t\t\t#gallery-1 .gallery-item {\n\t\t\t\tfloat: left;\n\t\t\t\tmargin-top: 10px;\n\t\t\t\ttext-align: center;\n\t\t\t\twidth: 50%;\n\t\t\t}\n\t\t\t#gallery-1 img {\n\t\t\t\tborder: 2px solid #cfcfcf;\n\t\t\t}\n\t\t\t#gallery-1 .gallery-caption {\n\t\t\t\tmargin-left: 0;\n\t\t\t}\n\t\t\t\/* see gallery_shortcode() in wp-includes\/media.php *\/\n\t\t<\/style>\n\t\t<div id='gallery-1' class='gallery galleryid-6962 gallery-columns-2 gallery-size-large'><dl class='gallery-item'>\n\t\t\t<dt class='gallery-icon landscape'>\n\t\t\t\t<a href='https:\/\/agora.xtec.cat\/iescalgravat\/general\/visita-a-la-fira-del-coneixement\/attachment\/pxl_20250402_083634795-mp\/'><img loading=\"lazy\" decoding=\"async\" width=\"1024\" height=\"771\" src=\"https:\/\/agora.xtec.cat\/iescalgravat\/wp-content\/uploads\/usu63\/2025\/04\/PXL_20250402_083634795.MP_-1024x771.jpg\" class=\"attachment-large size-large\" alt=\"\" srcset=\"https:\/\/agora.xtec.cat\/iescalgravat\/wp-content\/uploads\/usu63\/2025\/04\/PXL_20250402_083634795.MP_-1024x771.jpg 1024w, https:\/\/agora.xtec.cat\/iescalgravat\/wp-content\/uploads\/usu63\/2025\/04\/PXL_20250402_083634795.MP_-300x226.jpg 300w, https:\/\/agora.xtec.cat\/iescalgravat\/wp-content\/uploads\/usu63\/2025\/04\/PXL_20250402_083634795.MP_-768x578.jpg 768w, https:\/\/agora.xtec.cat\/iescalgravat\/wp-content\/uploads\/usu63\/2025\/04\/PXL_20250402_083634795.MP_-1536x1157.jpg 1536w, https:\/\/agora.xtec.cat\/iescalgravat\/wp-content\/uploads\/usu63\/2025\/04\/PXL_20250402_083634795.MP_-2048x1542.jpg 2048w, https:\/\/agora.xtec.cat\/iescalgravat\/wp-content\/uploads\/usu63\/2025\/04\/PXL_20250402_083634795.MP_-200x150.jpg 200w\" sizes=\"auto, (max-width: 1024px) 100vw, 1024px\" \/><\/a>\n\t\t\t<\/dt><\/dl><dl class='gallery-item'>\n\t\t\t<dt class='gallery-icon landscape'>\n\t\t\t\t<a href='https:\/\/agora.xtec.cat\/iescalgravat\/general\/visita-a-la-fira-del-coneixement\/attachment\/pxl_20250402_085832238-mp\/'><img loading=\"lazy\" decoding=\"async\" width=\"1024\" height=\"771\" src=\"https:\/\/agora.xtec.cat\/iescalgravat\/wp-content\/uploads\/usu63\/2025\/04\/PXL_20250402_085832238.MP_-1024x771.jpg\" class=\"attachment-large size-large\" alt=\"\" srcset=\"https:\/\/agora.xtec.cat\/iescalgravat\/wp-content\/uploads\/usu63\/2025\/04\/PXL_20250402_085832238.MP_-1024x771.jpg 1024w, https:\/\/agora.xtec.cat\/iescalgravat\/wp-content\/uploads\/usu63\/2025\/04\/PXL_20250402_085832238.MP_-300x226.jpg 300w, https:\/\/agora.xtec.cat\/iescalgravat\/wp-content\/uploads\/usu63\/2025\/04\/PXL_20250402_085832238.MP_-768x578.jpg 768w, https:\/\/agora.xtec.cat\/iescalgravat\/wp-content\/uploads\/usu63\/2025\/04\/PXL_20250402_085832238.MP_-1536x1157.jpg 1536w, https:\/\/agora.xtec.cat\/iescalgravat\/wp-content\/uploads\/usu63\/2025\/04\/PXL_20250402_085832238.MP_-2048x1542.jpg 2048w, https:\/\/agora.xtec.cat\/iescalgravat\/wp-content\/uploads\/usu63\/2025\/04\/PXL_20250402_085832238.MP_-200x150.jpg 200w\" sizes=\"auto, (max-width: 1024px) 100vw, 1024px\" \/><\/a>\n\t\t\t<\/dt><\/dl><br style=\"clear: both\" \/><dl class='gallery-item'>\n\t\t\t<dt class='gallery-icon landscape'>\n\t\t\t\t<a href='https:\/\/agora.xtec.cat\/iescalgravat\/general\/visita-a-la-fira-del-coneixement\/attachment\/pxl_20250402_095722436-mp\/'><img loading=\"lazy\" decoding=\"async\" width=\"1024\" height=\"771\" src=\"https:\/\/agora.xtec.cat\/iescalgravat\/wp-content\/uploads\/usu63\/2025\/04\/PXL_20250402_095722436.MP_-1024x771.jpg\" class=\"attachment-large size-large\" alt=\"\" srcset=\"https:\/\/agora.xtec.cat\/iescalgravat\/wp-content\/uploads\/usu63\/2025\/04\/PXL_20250402_095722436.MP_-1024x771.jpg 1024w, https:\/\/agora.xtec.cat\/iescalgravat\/wp-content\/uploads\/usu63\/2025\/04\/PXL_20250402_095722436.MP_-300x226.jpg 300w, https:\/\/agora.xtec.cat\/iescalgravat\/wp-content\/uploads\/usu63\/2025\/04\/PXL_20250402_095722436.MP_-768x578.jpg 768w, https:\/\/agora.xtec.cat\/iescalgravat\/wp-content\/uploads\/usu63\/2025\/04\/PXL_20250402_095722436.MP_-1536x1157.jpg 1536w, https:\/\/agora.xtec.cat\/iescalgravat\/wp-content\/uploads\/usu63\/2025\/04\/PXL_20250402_095722436.MP_-2048x1542.jpg 2048w, https:\/\/agora.xtec.cat\/iescalgravat\/wp-content\/uploads\/usu63\/2025\/04\/PXL_20250402_095722436.MP_-200x150.jpg 200w\" sizes=\"auto, (max-width: 1024px) 100vw, 1024px\" \/><\/a>\n\t\t\t<\/dt><\/dl><dl class='gallery-item'>\n\t\t\t<dt class='gallery-icon landscape'>\n\t\t\t\t<a href='https:\/\/agora.xtec.cat\/iescalgravat\/general\/visita-a-la-fira-del-coneixement\/attachment\/pxl_20250402_100854079-mp\/'><img loading=\"lazy\" decoding=\"async\" width=\"1024\" height=\"771\" src=\"https:\/\/agora.xtec.cat\/iescalgravat\/wp-content\/uploads\/usu63\/2025\/04\/PXL_20250402_100854079.MP_-1024x771.jpg\" class=\"attachment-large size-large\" alt=\"\" srcset=\"https:\/\/agora.xtec.cat\/iescalgravat\/wp-content\/uploads\/usu63\/2025\/04\/PXL_20250402_100854079.MP_-1024x771.jpg 1024w, https:\/\/agora.xtec.cat\/iescalgravat\/wp-content\/uploads\/usu63\/2025\/04\/PXL_20250402_100854079.MP_-300x226.jpg 300w, https:\/\/agora.xtec.cat\/iescalgravat\/wp-content\/uploads\/usu63\/2025\/04\/PXL_20250402_100854079.MP_-768x578.jpg 768w, https:\/\/agora.xtec.cat\/iescalgravat\/wp-content\/uploads\/usu63\/2025\/04\/PXL_20250402_100854079.MP_-1536x1157.jpg 1536w, https:\/\/agora.xtec.cat\/iescalgravat\/wp-content\/uploads\/usu63\/2025\/04\/PXL_20250402_100854079.MP_-2048x1542.jpg 2048w, https:\/\/agora.xtec.cat\/iescalgravat\/wp-content\/uploads\/usu63\/2025\/04\/PXL_20250402_100854079.MP_-200x150.jpg 200w\" sizes=\"auto, (max-width: 1024px) 100vw, 1024px\" \/><\/a>\n\t\t\t<\/dt><\/dl><br style=\"clear: both\" \/>\n\t\t<\/div>\n\n","protected":false},"excerpt":{"rendered":"<p>Aquest dimecres l&#8217;alumnat de 4t d&#8217;ESO i de 1r de Batxillerat hem anat a la Fira del Coneixement on vam poder con\u00e8ixer projectes punters relacionats amb la ci\u00e8ncia i la tecnologia de la Universitat Polit\u00e8cnica de Catalunya i altres centres de recerca. Tamb\u00e9 va venir&hellip;  <a href=\"https:\/\/agora.xtec.cat\/iescalgravat\/general\/visita-a-la-fira-del-coneixement\/\" title=\"Read VISITA A LA FIRA DEL CONEIXEMENT\">Llegeix m\u00e9s\u00bb<\/a><\/p>\n","protected":false},"author":1,"featured_media":0,"comment_status":"closed","ping_status":"closed","sticky":false,"template":"","format":"standard","meta":{"_bbp_topic_count":0,"_bbp_reply_count":0,"_bbp_total_topic_count":0,"_bbp_total_reply_count":0,"_bbp_voice_count":0,"_bbp_anonymous_reply_count":0,"_bbp_topic_count_hidden":0,"_bbp_reply_count_hidden":0,"_bbp_forum_subforum_count":0,"footnotes":""},"categories":[1,29],"tags":[],"class_list":["post-6962","post","type-post","status-publish","format-standard","hentry","category-general","category-portada"],"post_mailing_queue_ids":[],"_links":{"self":[{"href":"https:\/\/agora.xtec.cat\/iescalgravat\/wp-json\/wp\/v2\/posts\/6962","targetHints":{"allow":["GET"]}}],"collection":[{"href":"https:\/\/agora.xtec.cat\/iescalgravat\/wp-json\/wp\/v2\/posts"}],"about":[{"href":"https:\/\/agora.xtec.cat\/iescalgravat\/wp-json\/wp\/v2\/types\/post"}],"author":[{"embeddable":true,"href":"https:\/\/agora.xtec.cat\/iescalgravat\/wp-json\/wp\/v2\/users\/1"}],"replies":[{"embeddable":true,"href":"https:\/\/agora.xtec.cat\/iescalgravat\/wp-json\/wp\/v2\/comments?post=6962"}],"version-history":[{"count":1,"href":"https:\/\/agora.xtec.cat\/iescalgravat\/wp-json\/wp\/v2\/posts\/6962\/revisions"}],"predecessor-version":[{"id":6967,"href":"https:\/\/agora.xtec.cat\/iescalgravat\/wp-json\/wp\/v2\/posts\/6962\/revisions\/6967"}],"wp:attachment":[{"href":"https:\/\/agora.xtec.cat\/iescalgravat\/wp-json\/wp\/v2\/media?parent=6962"}],"wp:term":[{"taxonomy":"category","embeddable":true,"href":"https:\/\/agora.xtec.cat\/iescalgravat\/wp-json\/wp\/v2\/categories?post=6962"},{"taxonomy":"post_tag","embeddable":true,"href":"https:\/\/agora.xtec.cat\/iescalgravat\/wp-json\/wp\/v2\/tags?post=6962"}],"curies":[{"name":"wp","href":"https:\/\/api.w.org\/{rel}","templated":true}]}}