{"id":6933,"date":"2025-03-28T12:02:54","date_gmt":"2025-03-28T11:02:54","guid":{"rendered":"https:\/\/agora.xtec.cat\/iescalgravat\/?p=6933"},"modified":"2025-03-29T10:30:12","modified_gmt":"2025-03-29T09:30:12","slug":"torneig-omsclub","status":"publish","type":"post","link":"https:\/\/agora.xtec.cat\/iescalgravat\/general\/torneig-omsclub\/","title":{"rendered":"TORNEIG OMSCLUB"},"content":{"rendered":"<p>\ud83c\udfc6Matinal esportiu de futbol sala \u26bd\ufe0f dels nostres alumnes al torneig @Omscup.<br \/>\nFelicitats per l\u2019entrega i el fair play dels nostres jugadors. Molt contents per l&#8217;esfor\u00e7 fet i l&#8217;esportivitat. Felicitar tamb\u00e9 a l&#8217;organitzaci\u00f3 del torneig @OmsCup i a l&#8217;escola @Omsideprat per convidar-nos. Van participar dos equips formats per 17 jugadors on un d&#8217;ells va arribar a quarts de final i l&#8217;altre va quedar 3r \ud83d\udcaa\ud83d\udc4f Enhorabona!<\/p>\n\n\t\t<style type=\"text\/css\">\n\t\t\t#gallery-1 {\n\t\t\t\tmargin: auto;\n\t\t\t}\n\t\t\t#gallery-1 .gallery-item {\n\t\t\t\tfloat: left;\n\t\t\t\tmargin-top: 10px;\n\t\t\t\ttext-align: center;\n\t\t\t\twidth: 50%;\n\t\t\t}\n\t\t\t#gallery-1 img {\n\t\t\t\tborder: 2px solid #cfcfcf;\n\t\t\t}\n\t\t\t#gallery-1 .gallery-caption {\n\t\t\t\tmargin-left: 0;\n\t\t\t}\n\t\t\t\/* see gallery_shortcode() in wp-includes\/media.php *\/\n\t\t<\/style>\n\t\t<div id='gallery-1' class='gallery galleryid-6933 gallery-columns-2 gallery-size-large'><dl class='gallery-item'>\n\t\t\t<dt class='gallery-icon portrait'>\n\t\t\t\t<a href='https:\/\/agora.xtec.cat\/iescalgravat\/general\/torneig-omsclub\/attachment\/img_3340-andreu-clusella-vallbona\/'><img loading=\"lazy\" decoding=\"async\" width=\"768\" height=\"1024\" src=\"https:\/\/agora.xtec.cat\/iescalgravat\/wp-content\/uploads\/usu63\/2025\/03\/IMG_3340-ANDREU-CLUSELLA-VALLBONA-scaled-e1743159732411-768x1024.jpeg\" class=\"attachment-large size-large\" alt=\"\" srcset=\"https:\/\/agora.xtec.cat\/iescalgravat\/wp-content\/uploads\/usu63\/2025\/03\/IMG_3340-ANDREU-CLUSELLA-VALLBONA-scaled-e1743159732411-768x1024.jpeg 768w, https:\/\/agora.xtec.cat\/iescalgravat\/wp-content\/uploads\/usu63\/2025\/03\/IMG_3340-ANDREU-CLUSELLA-VALLBONA-scaled-e1743159732411-225x300.jpeg 225w, https:\/\/agora.xtec.cat\/iescalgravat\/wp-content\/uploads\/usu63\/2025\/03\/IMG_3340-ANDREU-CLUSELLA-VALLBONA-scaled-e1743159732411-1152x1536.jpeg 1152w, https:\/\/agora.xtec.cat\/iescalgravat\/wp-content\/uploads\/usu63\/2025\/03\/IMG_3340-ANDREU-CLUSELLA-VALLBONA-scaled-e1743159732411-1536x2048.jpeg 1536w, https:\/\/agora.xtec.cat\/iescalgravat\/wp-content\/uploads\/usu63\/2025\/03\/IMG_3340-ANDREU-CLUSELLA-VALLBONA-scaled-e1743159732411.jpeg 1920w\" sizes=\"auto, (max-width: 768px) 100vw, 768px\" \/><\/a>\n\t\t\t<\/dt><\/dl><dl class='gallery-item'>\n\t\t\t<dt class='gallery-icon portrait'>\n\t\t\t\t<a href='https:\/\/agora.xtec.cat\/iescalgravat\/general\/torneig-omsclub\/attachment\/img_3343-andreu-clusella-vallbona\/'><img loading=\"lazy\" decoding=\"async\" width=\"768\" height=\"1024\" src=\"https:\/\/agora.xtec.cat\/iescalgravat\/wp-content\/uploads\/usu63\/2025\/03\/IMG_3343-ANDREU-CLUSELLA-VALLBONA-scaled-e1743159722484-768x1024.jpeg\" class=\"attachment-large size-large\" alt=\"\" srcset=\"https:\/\/agora.xtec.cat\/iescalgravat\/wp-content\/uploads\/usu63\/2025\/03\/IMG_3343-ANDREU-CLUSELLA-VALLBONA-scaled-e1743159722484-768x1024.jpeg 768w, https:\/\/agora.xtec.cat\/iescalgravat\/wp-content\/uploads\/usu63\/2025\/03\/IMG_3343-ANDREU-CLUSELLA-VALLBONA-scaled-e1743159722484-225x300.jpeg 225w, https:\/\/agora.xtec.cat\/iescalgravat\/wp-content\/uploads\/usu63\/2025\/03\/IMG_3343-ANDREU-CLUSELLA-VALLBONA-scaled-e1743159722484-1152x1536.jpeg 1152w, https:\/\/agora.xtec.cat\/iescalgravat\/wp-content\/uploads\/usu63\/2025\/03\/IMG_3343-ANDREU-CLUSELLA-VALLBONA-scaled-e1743159722484-1536x2048.jpeg 1536w, https:\/\/agora.xtec.cat\/iescalgravat\/wp-content\/uploads\/usu63\/2025\/03\/IMG_3343-ANDREU-CLUSELLA-VALLBONA-scaled-e1743159722484.jpeg 1920w\" sizes=\"auto, (max-width: 768px) 100vw, 768px\" \/><\/a>\n\t\t\t<\/dt><\/dl><br style=\"clear: both\" \/><dl class='gallery-item'>\n\t\t\t<dt class='gallery-icon portrait'>\n\t\t\t\t<a href='https:\/\/agora.xtec.cat\/iescalgravat\/general\/torneig-omsclub\/attachment\/img_3347-andreu-clusella-vallbona\/'><img loading=\"lazy\" decoding=\"async\" width=\"768\" height=\"1024\" src=\"https:\/\/agora.xtec.cat\/iescalgravat\/wp-content\/uploads\/usu63\/2025\/03\/IMG_3347-ANDREU-CLUSELLA-VALLBONA-scaled-e1743159709915-768x1024.jpeg\" class=\"attachment-large size-large\" alt=\"\" srcset=\"https:\/\/agora.xtec.cat\/iescalgravat\/wp-content\/uploads\/usu63\/2025\/03\/IMG_3347-ANDREU-CLUSELLA-VALLBONA-scaled-e1743159709915-768x1024.jpeg 768w, https:\/\/agora.xtec.cat\/iescalgravat\/wp-content\/uploads\/usu63\/2025\/03\/IMG_3347-ANDREU-CLUSELLA-VALLBONA-scaled-e1743159709915-225x300.jpeg 225w, https:\/\/agora.xtec.cat\/iescalgravat\/wp-content\/uploads\/usu63\/2025\/03\/IMG_3347-ANDREU-CLUSELLA-VALLBONA-scaled-e1743159709915-1152x1536.jpeg 1152w, https:\/\/agora.xtec.cat\/iescalgravat\/wp-content\/uploads\/usu63\/2025\/03\/IMG_3347-ANDREU-CLUSELLA-VALLBONA-scaled-e1743159709915-1536x2048.jpeg 1536w, https:\/\/agora.xtec.cat\/iescalgravat\/wp-content\/uploads\/usu63\/2025\/03\/IMG_3347-ANDREU-CLUSELLA-VALLBONA-scaled-e1743159709915.jpeg 1920w\" sizes=\"auto, (max-width: 768px) 100vw, 768px\" \/><\/a>\n\t\t\t<\/dt><\/dl><dl class='gallery-item'>\n\t\t\t<dt class='gallery-icon portrait'>\n\t\t\t\t<a href='https:\/\/agora.xtec.cat\/iescalgravat\/general\/torneig-omsclub\/attachment\/img_3361-andreu-clusella-vallbona\/'><img loading=\"lazy\" decoding=\"async\" width=\"768\" height=\"1024\" src=\"https:\/\/agora.xtec.cat\/iescalgravat\/wp-content\/uploads\/usu63\/2025\/03\/IMG_3361-ANDREU-CLUSELLA-VALLBONA-scaled-e1743159698659-768x1024.jpeg\" class=\"attachment-large size-large\" alt=\"\" srcset=\"https:\/\/agora.xtec.cat\/iescalgravat\/wp-content\/uploads\/usu63\/2025\/03\/IMG_3361-ANDREU-CLUSELLA-VALLBONA-scaled-e1743159698659-768x1024.jpeg 768w, https:\/\/agora.xtec.cat\/iescalgravat\/wp-content\/uploads\/usu63\/2025\/03\/IMG_3361-ANDREU-CLUSELLA-VALLBONA-scaled-e1743159698659-225x300.jpeg 225w, https:\/\/agora.xtec.cat\/iescalgravat\/wp-content\/uploads\/usu63\/2025\/03\/IMG_3361-ANDREU-CLUSELLA-VALLBONA-scaled-e1743159698659-1152x1536.jpeg 1152w, https:\/\/agora.xtec.cat\/iescalgravat\/wp-content\/uploads\/usu63\/2025\/03\/IMG_3361-ANDREU-CLUSELLA-VALLBONA-scaled-e1743159698659-1536x2048.jpeg 1536w, https:\/\/agora.xtec.cat\/iescalgravat\/wp-content\/uploads\/usu63\/2025\/03\/IMG_3361-ANDREU-CLUSELLA-VALLBONA-scaled-e1743159698659.jpeg 1920w\" sizes=\"auto, (max-width: 768px) 100vw, 768px\" \/><\/a>\n\t\t\t<\/dt><\/dl><br style=\"clear: both\" \/>\n\t\t<\/div>\n\n","protected":false},"excerpt":{"rendered":"<p>\ud83c\udfc6Matinal esportiu de futbol sala \u26bd\ufe0f dels nostres alumnes al torneig @Omscup.<br \/>\nFelicitats per l\u2019entrega i el fair play dels nostres jugadors. Molt contents per l&#8217;esfor\u00e7 fet i l&#8217;esportivitat. Felicitar tamb\u00e9 a l&#8217;organitzaci\u00f3 del torneig @OmsCup i a l&#8217;escola @Omsideprat per convidar-nos. Van participar dos equips&hellip;  <a href=\"https:\/\/agora.xtec.cat\/iescalgravat\/general\/torneig-omsclub\/\" title=\"Read TORNEIG OMSCLUB\">Llegeix m\u00e9s\u00bb<\/a><\/p>\n","protected":false},"author":1,"featured_media":0,"comment_status":"closed","ping_status":"closed","sticky":false,"template":"","format":"standard","meta":{"_bbp_topic_count":0,"_bbp_reply_count":0,"_bbp_total_topic_count":0,"_bbp_total_reply_count":0,"_bbp_voice_count":0,"_bbp_anonymous_reply_count":0,"_bbp_topic_count_hidden":0,"_bbp_reply_count_hidden":0,"_bbp_forum_subforum_count":0,"footnotes":""},"categories":[1,29],"tags":[],"class_list":["post-6933","post","type-post","status-publish","format-standard","hentry","category-general","category-portada"],"post_mailing_queue_ids":[],"_links":{"self":[{"href":"https:\/\/agora.xtec.cat\/iescalgravat\/wp-json\/wp\/v2\/posts\/6933","targetHints":{"allow":["GET"]}}],"collection":[{"href":"https:\/\/agora.xtec.cat\/iescalgravat\/wp-json\/wp\/v2\/posts"}],"about":[{"href":"https:\/\/agora.xtec.cat\/iescalgravat\/wp-json\/wp\/v2\/types\/post"}],"author":[{"embeddable":true,"href":"https:\/\/agora.xtec.cat\/iescalgravat\/wp-json\/wp\/v2\/users\/1"}],"replies":[{"embeddable":true,"href":"https:\/\/agora.xtec.cat\/iescalgravat\/wp-json\/wp\/v2\/comments?post=6933"}],"version-history":[{"count":2,"href":"https:\/\/agora.xtec.cat\/iescalgravat\/wp-json\/wp\/v2\/posts\/6933\/revisions"}],"predecessor-version":[{"id":6943,"href":"https:\/\/agora.xtec.cat\/iescalgravat\/wp-json\/wp\/v2\/posts\/6933\/revisions\/6943"}],"wp:attachment":[{"href":"https:\/\/agora.xtec.cat\/iescalgravat\/wp-json\/wp\/v2\/media?parent=6933"}],"wp:term":[{"taxonomy":"category","embeddable":true,"href":"https:\/\/agora.xtec.cat\/iescalgravat\/wp-json\/wp\/v2\/categories?post=6933"},{"taxonomy":"post_tag","embeddable":true,"href":"https:\/\/agora.xtec.cat\/iescalgravat\/wp-json\/wp\/v2\/tags?post=6933"}],"curies":[{"name":"wp","href":"https:\/\/api.w.org\/{rel}","templated":true}]}}