{"id":6914,"date":"2025-03-28T11:53:24","date_gmt":"2025-03-28T10:53:24","guid":{"rendered":"https:\/\/agora.xtec.cat\/iescalgravat\/?p=6914"},"modified":"2025-03-28T11:58:14","modified_gmt":"2025-03-28T10:58:14","slug":"barcelonada-25-4t-eso","status":"publish","type":"post","link":"https:\/\/agora.xtec.cat\/iescalgravat\/general\/barcelonada-25-4t-eso\/","title":{"rendered":"BARCELONADA 25&#8242; 4t ESO"},"content":{"rendered":"<p>Avui 27 de mar\u00e7, hem anat a Barcelona a fer la #BCNada25. Ha estat una activitat divertida i entretinguda per descobrir la ciutat, els seus bonics monuments i racons que aquesta amaga. Encara que hi ha hagut alguns inconvenients, gaireb\u00e9 tots hem aconseguit superar les proves i passar-nos-ho d&#8217;all\u00f2 m\u00e9s b\u00e9!! #WMCP25 #Lacenet #calgravat #4tESO<\/p>\n\n\t\t<style type=\"text\/css\">\n\t\t\t#gallery-1 {\n\t\t\t\tmargin: auto;\n\t\t\t}\n\t\t\t#gallery-1 .gallery-item {\n\t\t\t\tfloat: left;\n\t\t\t\tmargin-top: 10px;\n\t\t\t\ttext-align: center;\n\t\t\t\twidth: 50%;\n\t\t\t}\n\t\t\t#gallery-1 img {\n\t\t\t\tborder: 2px solid #cfcfcf;\n\t\t\t}\n\t\t\t#gallery-1 .gallery-caption {\n\t\t\t\tmargin-left: 0;\n\t\t\t}\n\t\t\t\/* see gallery_shortcode() in wp-includes\/media.php *\/\n\t\t<\/style>\n\t\t<div id='gallery-1' class='gallery galleryid-6914 gallery-columns-2 gallery-size-large'><dl class='gallery-item'>\n\t\t\t<dt class='gallery-icon landscape'>\n\t\t\t\t<a href='https:\/\/agora.xtec.cat\/iescalgravat\/general\/barcelonada-25-4t-eso\/attachment\/img_3478-andreu-clusella-vallbona\/'><img loading=\"lazy\" decoding=\"async\" width=\"1024\" height=\"768\" src=\"https:\/\/agora.xtec.cat\/iescalgravat\/wp-content\/uploads\/usu63\/2025\/03\/IMG_3478-ANDREU-CLUSELLA-VALLBONA-1024x768.jpeg\" class=\"attachment-large size-large\" alt=\"\" srcset=\"https:\/\/agora.xtec.cat\/iescalgravat\/wp-content\/uploads\/usu63\/2025\/03\/IMG_3478-ANDREU-CLUSELLA-VALLBONA-1024x768.jpeg 1024w, https:\/\/agora.xtec.cat\/iescalgravat\/wp-content\/uploads\/usu63\/2025\/03\/IMG_3478-ANDREU-CLUSELLA-VALLBONA-300x225.jpeg 300w, https:\/\/agora.xtec.cat\/iescalgravat\/wp-content\/uploads\/usu63\/2025\/03\/IMG_3478-ANDREU-CLUSELLA-VALLBONA-768x576.jpeg 768w, https:\/\/agora.xtec.cat\/iescalgravat\/wp-content\/uploads\/usu63\/2025\/03\/IMG_3478-ANDREU-CLUSELLA-VALLBONA-1536x1152.jpeg 1536w, https:\/\/agora.xtec.cat\/iescalgravat\/wp-content\/uploads\/usu63\/2025\/03\/IMG_3478-ANDREU-CLUSELLA-VALLBONA-2048x1536.jpeg 2048w, https:\/\/agora.xtec.cat\/iescalgravat\/wp-content\/uploads\/usu63\/2025\/03\/IMG_3478-ANDREU-CLUSELLA-VALLBONA-200x150.jpeg 200w\" sizes=\"auto, (max-width: 1024px) 100vw, 1024px\" \/><\/a>\n\t\t\t<\/dt><\/dl><dl class='gallery-item'>\n\t\t\t<dt class='gallery-icon landscape'>\n\t\t\t\t<a href='https:\/\/agora.xtec.cat\/iescalgravat\/general\/barcelonada-25-4t-eso\/attachment\/25b1637d-abe4-4fa7-a6cf-949ca1e118de-andreu-clusella-vallbona1\/'><img loading=\"lazy\" decoding=\"async\" width=\"1024\" height=\"875\" src=\"https:\/\/agora.xtec.cat\/iescalgravat\/wp-content\/uploads\/usu63\/2025\/03\/25b1637d-abe4-4fa7-a6cf-949ca1e118de-ANDREU-CLUSELLA-VALLBONA1-1024x875.jpeg\" class=\"attachment-large size-large\" alt=\"\" srcset=\"https:\/\/agora.xtec.cat\/iescalgravat\/wp-content\/uploads\/usu63\/2025\/03\/25b1637d-abe4-4fa7-a6cf-949ca1e118de-ANDREU-CLUSELLA-VALLBONA1-1024x875.jpeg 1024w, https:\/\/agora.xtec.cat\/iescalgravat\/wp-content\/uploads\/usu63\/2025\/03\/25b1637d-abe4-4fa7-a6cf-949ca1e118de-ANDREU-CLUSELLA-VALLBONA1-300x256.jpeg 300w, https:\/\/agora.xtec.cat\/iescalgravat\/wp-content\/uploads\/usu63\/2025\/03\/25b1637d-abe4-4fa7-a6cf-949ca1e118de-ANDREU-CLUSELLA-VALLBONA1-768x657.jpeg 768w, https:\/\/agora.xtec.cat\/iescalgravat\/wp-content\/uploads\/usu63\/2025\/03\/25b1637d-abe4-4fa7-a6cf-949ca1e118de-ANDREU-CLUSELLA-VALLBONA1.jpeg 1241w\" sizes=\"auto, (max-width: 1024px) 100vw, 1024px\" \/><\/a>\n\t\t\t<\/dt><\/dl><br style=\"clear: both\" \/><dl class='gallery-item'>\n\t\t\t<dt class='gallery-icon portrait'>\n\t\t\t\t<a href='https:\/\/agora.xtec.cat\/iescalgravat\/general\/barcelonada-25-4t-eso\/attachment\/9078067b-2ecd-4b20-9c6b-4005a188b50e-andreu-clusella-vallbona\/'><img loading=\"lazy\" decoding=\"async\" width=\"768\" height=\"1024\" src=\"https:\/\/agora.xtec.cat\/iescalgravat\/wp-content\/uploads\/usu63\/2025\/03\/9078067b-2ecd-4b20-9c6b-4005a188b50e-ANDREU-CLUSELLA-VALLBONA-768x1024.jpeg\" class=\"attachment-large size-large\" alt=\"\" srcset=\"https:\/\/agora.xtec.cat\/iescalgravat\/wp-content\/uploads\/usu63\/2025\/03\/9078067b-2ecd-4b20-9c6b-4005a188b50e-ANDREU-CLUSELLA-VALLBONA-768x1024.jpeg 768w, https:\/\/agora.xtec.cat\/iescalgravat\/wp-content\/uploads\/usu63\/2025\/03\/9078067b-2ecd-4b20-9c6b-4005a188b50e-ANDREU-CLUSELLA-VALLBONA-225x300.jpeg 225w, https:\/\/agora.xtec.cat\/iescalgravat\/wp-content\/uploads\/usu63\/2025\/03\/9078067b-2ecd-4b20-9c6b-4005a188b50e-ANDREU-CLUSELLA-VALLBONA-1152x1536.jpeg 1152w, https:\/\/agora.xtec.cat\/iescalgravat\/wp-content\/uploads\/usu63\/2025\/03\/9078067b-2ecd-4b20-9c6b-4005a188b50e-ANDREU-CLUSELLA-VALLBONA.jpeg 1536w\" sizes=\"auto, (max-width: 768px) 100vw, 768px\" \/><\/a>\n\t\t\t<\/dt><\/dl><dl class='gallery-item'>\n\t\t\t<dt class='gallery-icon portrait'>\n\t\t\t\t<a href='https:\/\/agora.xtec.cat\/iescalgravat\/general\/barcelonada-25-4t-eso\/attachment\/img_3482-andreu-clusella-vallbona\/'><img loading=\"lazy\" decoding=\"async\" width=\"708\" height=\"1024\" src=\"https:\/\/agora.xtec.cat\/iescalgravat\/wp-content\/uploads\/usu63\/2025\/03\/IMG_3482-ANDREU-CLUSELLA-VALLBONA-708x1024.jpeg\" class=\"attachment-large size-large\" alt=\"\" srcset=\"https:\/\/agora.xtec.cat\/iescalgravat\/wp-content\/uploads\/usu63\/2025\/03\/IMG_3482-ANDREU-CLUSELLA-VALLBONA-708x1024.jpeg 708w, https:\/\/agora.xtec.cat\/iescalgravat\/wp-content\/uploads\/usu63\/2025\/03\/IMG_3482-ANDREU-CLUSELLA-VALLBONA-207x300.jpeg 207w, https:\/\/agora.xtec.cat\/iescalgravat\/wp-content\/uploads\/usu63\/2025\/03\/IMG_3482-ANDREU-CLUSELLA-VALLBONA-768x1111.jpeg 768w, https:\/\/agora.xtec.cat\/iescalgravat\/wp-content\/uploads\/usu63\/2025\/03\/IMG_3482-ANDREU-CLUSELLA-VALLBONA-1062x1536.jpeg 1062w, https:\/\/agora.xtec.cat\/iescalgravat\/wp-content\/uploads\/usu63\/2025\/03\/IMG_3482-ANDREU-CLUSELLA-VALLBONA-1415x2048.jpeg 1415w, https:\/\/agora.xtec.cat\/iescalgravat\/wp-content\/uploads\/usu63\/2025\/03\/IMG_3482-ANDREU-CLUSELLA-VALLBONA-scaled.jpeg 1769w\" sizes=\"auto, (max-width: 708px) 100vw, 708px\" \/><\/a>\n\t\t\t<\/dt><\/dl><br style=\"clear: both\" \/>\n\t\t<\/div>\n\n","protected":false},"excerpt":{"rendered":"<p>Avui 27 de mar\u00e7, hem anat a Barcelona a fer la #BCNada25. Ha estat una activitat divertida i entretinguda per descobrir la ciutat, els seus bonics monuments i racons que aquesta amaga. Encara que hi ha hagut alguns inconvenients, gaireb\u00e9 tots hem aconseguit superar les&hellip;  <a href=\"https:\/\/agora.xtec.cat\/iescalgravat\/general\/barcelonada-25-4t-eso\/\" title=\"Read BARCELONADA 25&#8242; 4t ESO\">Llegeix m\u00e9s\u00bb<\/a><\/p>\n","protected":false},"author":1,"featured_media":0,"comment_status":"closed","ping_status":"closed","sticky":false,"template":"","format":"standard","meta":{"_bbp_topic_count":0,"_bbp_reply_count":0,"_bbp_total_topic_count":0,"_bbp_total_reply_count":0,"_bbp_voice_count":0,"_bbp_anonymous_reply_count":0,"_bbp_topic_count_hidden":0,"_bbp_reply_count_hidden":0,"_bbp_forum_subforum_count":0,"footnotes":""},"categories":[1,29],"tags":[],"class_list":["post-6914","post","type-post","status-publish","format-standard","hentry","category-general","category-portada"],"post_mailing_queue_ids":[],"_links":{"self":[{"href":"https:\/\/agora.xtec.cat\/iescalgravat\/wp-json\/wp\/v2\/posts\/6914","targetHints":{"allow":["GET"]}}],"collection":[{"href":"https:\/\/agora.xtec.cat\/iescalgravat\/wp-json\/wp\/v2\/posts"}],"about":[{"href":"https:\/\/agora.xtec.cat\/iescalgravat\/wp-json\/wp\/v2\/types\/post"}],"author":[{"embeddable":true,"href":"https:\/\/agora.xtec.cat\/iescalgravat\/wp-json\/wp\/v2\/users\/1"}],"replies":[{"embeddable":true,"href":"https:\/\/agora.xtec.cat\/iescalgravat\/wp-json\/wp\/v2\/comments?post=6914"}],"version-history":[{"count":2,"href":"https:\/\/agora.xtec.cat\/iescalgravat\/wp-json\/wp\/v2\/posts\/6914\/revisions"}],"predecessor-version":[{"id":6930,"href":"https:\/\/agora.xtec.cat\/iescalgravat\/wp-json\/wp\/v2\/posts\/6914\/revisions\/6930"}],"wp:attachment":[{"href":"https:\/\/agora.xtec.cat\/iescalgravat\/wp-json\/wp\/v2\/media?parent=6914"}],"wp:term":[{"taxonomy":"category","embeddable":true,"href":"https:\/\/agora.xtec.cat\/iescalgravat\/wp-json\/wp\/v2\/categories?post=6914"},{"taxonomy":"post_tag","embeddable":true,"href":"https:\/\/agora.xtec.cat\/iescalgravat\/wp-json\/wp\/v2\/tags?post=6914"}],"curies":[{"name":"wp","href":"https:\/\/api.w.org\/{rel}","templated":true}]}}