{"id":6913,"date":"2025-03-28T11:52:43","date_gmt":"2025-03-28T10:52:43","guid":{"rendered":"https:\/\/agora.xtec.cat\/iescalgravat\/?p=6913"},"modified":"2025-03-28T12:08:07","modified_gmt":"2025-03-28T11:08:07","slug":"visita-al-refugi-antiaeri-de-la-renaixenca-2","status":"publish","type":"post","link":"https:\/\/agora.xtec.cat\/iescalgravat\/general\/visita-al-refugi-antiaeri-de-la-renaixenca-2\/","title":{"rendered":"Visita al refugi antiaeri de la Renaixen\u00e7a"},"content":{"rendered":"<p><a href=\"https:\/\/agora.xtec.cat\/iescalgravat\/wp-content\/uploads\/usu63\/2025\/03\/baixa-CESAR-RIOLA-DEVANT.jpeg\"><img loading=\"lazy\" decoding=\"async\" class=\"aligncenter size-full wp-image-6940\" src=\"https:\/\/agora.xtec.cat\/iescalgravat\/wp-content\/uploads\/usu63\/2025\/03\/baixa-CESAR-RIOLA-DEVANT.jpeg\" alt=\"\" width=\"300\" height=\"168\" \/><\/a>Visita guiada al refugi antiaeri de la Renaixen\u00e7a un dels m\u00e9s ben conservats del pa\u00eds que compta amb una peculiaritat, \u00e9s dels pocs on s&#8217;hi entra a peu del carrer. Han apr\u00e8s com era un refugi i el significat dels bombardeigs franquistes sobre la poblaci\u00f3 civil. Una pr\u00e0ctica macabre que es va estrenar per desgr\u00e0cia durant la Guerra Civil Espanyola gr\u00e0cies a l&#8217;aviaci\u00f3 feixista i nazi que va ajudar al b\u00e0ndol franquista.<\/p>\n","protected":false},"excerpt":{"rendered":"<p><a href=\"https:\/\/agora.xtec.cat\/iescalgravat\/wp-content\/uploads\/usu63\/2025\/03\/baixa-CESAR-RIOLA-DEVANT.jpeg\"><\/a>Visita guiada al refugi antiaeri de la Renaixen\u00e7a un dels m\u00e9s ben conservats del pa\u00eds que compta amb una peculiaritat, \u00e9s dels pocs on s&#8217;hi entra a peu del carrer. Han apr\u00e8s com era un refugi i el significat dels bombardeigs franquistes sobre la&hellip;  <a href=\"https:\/\/agora.xtec.cat\/iescalgravat\/general\/visita-al-refugi-antiaeri-de-la-renaixenca-2\/\" title=\"Read Visita al refugi antiaeri de la Renaixen\u00e7a\">Llegeix m\u00e9s\u00bb<\/a><\/p>\n","protected":false},"author":1,"featured_media":0,"comment_status":"closed","ping_status":"closed","sticky":false,"template":"","format":"standard","meta":{"_bbp_topic_count":0,"_bbp_reply_count":0,"_bbp_total_topic_count":0,"_bbp_total_reply_count":0,"_bbp_voice_count":0,"_bbp_anonymous_reply_count":0,"_bbp_topic_count_hidden":0,"_bbp_reply_count_hidden":0,"_bbp_forum_subforum_count":0,"footnotes":""},"categories":[1,29],"tags":[],"class_list":["post-6913","post","type-post","status-publish","format-standard","hentry","category-general","category-portada"],"post_mailing_queue_ids":[],"_links":{"self":[{"href":"https:\/\/agora.xtec.cat\/iescalgravat\/wp-json\/wp\/v2\/posts\/6913","targetHints":{"allow":["GET"]}}],"collection":[{"href":"https:\/\/agora.xtec.cat\/iescalgravat\/wp-json\/wp\/v2\/posts"}],"about":[{"href":"https:\/\/agora.xtec.cat\/iescalgravat\/wp-json\/wp\/v2\/types\/post"}],"author":[{"embeddable":true,"href":"https:\/\/agora.xtec.cat\/iescalgravat\/wp-json\/wp\/v2\/users\/1"}],"replies":[{"embeddable":true,"href":"https:\/\/agora.xtec.cat\/iescalgravat\/wp-json\/wp\/v2\/comments?post=6913"}],"version-history":[{"count":3,"href":"https:\/\/agora.xtec.cat\/iescalgravat\/wp-json\/wp\/v2\/posts\/6913\/revisions"}],"predecessor-version":[{"id":6941,"href":"https:\/\/agora.xtec.cat\/iescalgravat\/wp-json\/wp\/v2\/posts\/6913\/revisions\/6941"}],"wp:attachment":[{"href":"https:\/\/agora.xtec.cat\/iescalgravat\/wp-json\/wp\/v2\/media?parent=6913"}],"wp:term":[{"taxonomy":"category","embeddable":true,"href":"https:\/\/agora.xtec.cat\/iescalgravat\/wp-json\/wp\/v2\/categories?post=6913"},{"taxonomy":"post_tag","embeddable":true,"href":"https:\/\/agora.xtec.cat\/iescalgravat\/wp-json\/wp\/v2\/tags?post=6913"}],"curies":[{"name":"wp","href":"https:\/\/api.w.org\/{rel}","templated":true}]}}