{"id":6889,"date":"2025-03-14T11:42:11","date_gmt":"2025-03-14T10:42:11","guid":{"rendered":"https:\/\/agora.xtec.cat\/iescalgravat\/?p=6889"},"modified":"2025-03-14T11:45:54","modified_gmt":"2025-03-14T10:45:54","slug":"final-torneig-futbol-sala","status":"publish","type":"post","link":"https:\/\/agora.xtec.cat\/iescalgravat\/general\/final-torneig-futbol-sala\/","title":{"rendered":"Final torneig futbol sala"},"content":{"rendered":"<div class=\"softmerge-inner\">\n<p>El dimarts 10 de mar\u00e7 es va jugar la final de la lligueta de futbol sala del segon cicle. La lligueta va comen\u00e7ar al setembre i s&#8217;ha disputat la final aquesta setmana despr\u00e9s d&#8217;unes semifinals apassionants. La final va ser disputada entre l&#8217;equip Xori\u00e7os i Cabros i va guanyar l&#8217;equip dels X<\/p>\n\n\t\t<style type=\"text\/css\">\n\t\t\t#gallery-1 {\n\t\t\t\tmargin: auto;\n\t\t\t}\n\t\t\t#gallery-1 .gallery-item {\n\t\t\t\tfloat: left;\n\t\t\t\tmargin-top: 10px;\n\t\t\t\ttext-align: center;\n\t\t\t\twidth: 50%;\n\t\t\t}\n\t\t\t#gallery-1 img {\n\t\t\t\tborder: 2px solid #cfcfcf;\n\t\t\t}\n\t\t\t#gallery-1 .gallery-caption {\n\t\t\t\tmargin-left: 0;\n\t\t\t}\n\t\t\t\/* see gallery_shortcode() in wp-includes\/media.php *\/\n\t\t<\/style>\n\t\t<div id='gallery-1' class='gallery galleryid-6889 gallery-columns-2 gallery-size-thumbnail'><dl class='gallery-item'>\n\t\t\t<dt class='gallery-icon portrait'>\n\t\t\t\t<a href='https:\/\/agora.xtec.cat\/iescalgravat\/general\/final-torneig-futbol-sala\/attachment\/img_3194-andreu-clusella-vallbona1\/'><img loading=\"lazy\" decoding=\"async\" width=\"150\" height=\"150\" src=\"https:\/\/agora.xtec.cat\/iescalgravat\/wp-content\/uploads\/usu63\/2025\/03\/IMG_3194-ANDREU-CLUSELLA-VALLBONA1-150x150.jpg\" class=\"attachment-thumbnail size-thumbnail\" alt=\"\" \/><\/a>\n\t\t\t<\/dt><\/dl><dl class='gallery-item'>\n\t\t\t<dt class='gallery-icon portrait'>\n\t\t\t\t<a href='https:\/\/agora.xtec.cat\/iescalgravat\/general\/final-torneig-futbol-sala\/attachment\/img_3194-andreu-clusella-vallbona\/'><img loading=\"lazy\" decoding=\"async\" width=\"150\" height=\"150\" src=\"https:\/\/agora.xtec.cat\/iescalgravat\/wp-content\/uploads\/usu63\/2025\/03\/IMG_3194-ANDREU-CLUSELLA-VALLBONA-150x150.jpg\" class=\"attachment-thumbnail size-thumbnail\" alt=\"\" \/><\/a>\n\t\t\t<\/dt><\/dl><br style=\"clear: both\" \/>\n\t\t<\/div>\n\n<p>ori\u00e7os. Moltes felicitats!<\/p>\n<\/div>\n","protected":false},"excerpt":{"rendered":"<p>El dimarts 10 de mar\u00e7 es va jugar la final de la lligueta de futbol sala del segon cicle. La lligueta va comen\u00e7ar al setembre i s&#8217;ha disputat la final aquesta setmana despr\u00e9s d&#8217;unes semifinals apassionants. La final va ser disputada entre l&#8217;equip Xori\u00e7os i&hellip;  <a href=\"https:\/\/agora.xtec.cat\/iescalgravat\/general\/final-torneig-futbol-sala\/\" title=\"Read Final torneig futbol sala\">Llegeix m\u00e9s\u00bb<\/a><\/p>\n","protected":false},"author":1,"featured_media":0,"comment_status":"open","ping_status":"closed","sticky":false,"template":"","format":"standard","meta":{"_bbp_topic_count":0,"_bbp_reply_count":0,"_bbp_total_topic_count":0,"_bbp_total_reply_count":0,"_bbp_voice_count":0,"_bbp_anonymous_reply_count":0,"_bbp_topic_count_hidden":0,"_bbp_reply_count_hidden":0,"_bbp_forum_subforum_count":0,"footnotes":""},"categories":[1,29],"tags":[],"class_list":["post-6889","post","type-post","status-publish","format-standard","hentry","category-general","category-portada"],"post_mailing_queue_ids":[],"_links":{"self":[{"href":"https:\/\/agora.xtec.cat\/iescalgravat\/wp-json\/wp\/v2\/posts\/6889","targetHints":{"allow":["GET"]}}],"collection":[{"href":"https:\/\/agora.xtec.cat\/iescalgravat\/wp-json\/wp\/v2\/posts"}],"about":[{"href":"https:\/\/agora.xtec.cat\/iescalgravat\/wp-json\/wp\/v2\/types\/post"}],"author":[{"embeddable":true,"href":"https:\/\/agora.xtec.cat\/iescalgravat\/wp-json\/wp\/v2\/users\/1"}],"replies":[{"embeddable":true,"href":"https:\/\/agora.xtec.cat\/iescalgravat\/wp-json\/wp\/v2\/comments?post=6889"}],"version-history":[{"count":2,"href":"https:\/\/agora.xtec.cat\/iescalgravat\/wp-json\/wp\/v2\/posts\/6889\/revisions"}],"predecessor-version":[{"id":6895,"href":"https:\/\/agora.xtec.cat\/iescalgravat\/wp-json\/wp\/v2\/posts\/6889\/revisions\/6895"}],"wp:attachment":[{"href":"https:\/\/agora.xtec.cat\/iescalgravat\/wp-json\/wp\/v2\/media?parent=6889"}],"wp:term":[{"taxonomy":"category","embeddable":true,"href":"https:\/\/agora.xtec.cat\/iescalgravat\/wp-json\/wp\/v2\/categories?post=6889"},{"taxonomy":"post_tag","embeddable":true,"href":"https:\/\/agora.xtec.cat\/iescalgravat\/wp-json\/wp\/v2\/tags?post=6889"}],"curies":[{"name":"wp","href":"https:\/\/api.w.org\/{rel}","templated":true}]}}