{"id":6874,"date":"2025-03-11T15:44:06","date_gmt":"2025-03-11T14:44:06","guid":{"rendered":"https:\/\/agora.xtec.cat\/iescalgravat\/?p=6874"},"modified":"2025-03-11T15:45:39","modified_gmt":"2025-03-11T14:45:39","slug":"exposicio-moviment","status":"publish","type":"post","link":"https:\/\/agora.xtec.cat\/iescalgravat\/general\/exposicio-moviment\/","title":{"rendered":"EXPOSICI\u00d3 \u201cMOVIMENT\u201d"},"content":{"rendered":"<p>Aquest any participem en l&#8217;exposici\u00f3 &#8220;Moviment&#8221; creada per deu centres educatius del Bages i rodalies. L&#8217;alumnat<\/p>\n<p>de 1r ESO, amb l&#8217;ajuda de la professora Gl\u00f2ria Fargas, han presentat l&#8217;obra &#8220;La dansa de les grues i de les criatures de paper&#8221;.<br \/>\nLa mostra s&#8217;emmarca dins el projecte AMiC (Art, Mestres i Creaci\u00f3) i es podr\u00e0 veure cada tarda de dimarts a diumenge fins al 23 de mar\u00e7 al Centre Cultural el Casino.<br \/>\nUs convidem a visitar-la, no us la podeu perdre!<\/p>\n\n\t\t<style type=\"text\/css\">\n\t\t\t#gallery-1 {\n\t\t\t\tmargin: auto;\n\t\t\t}\n\t\t\t#gallery-1 .gallery-item {\n\t\t\t\tfloat: left;\n\t\t\t\tmargin-top: 10px;\n\t\t\t\ttext-align: center;\n\t\t\t\twidth: 50%;\n\t\t\t}\n\t\t\t#gallery-1 img {\n\t\t\t\tborder: 2px solid #cfcfcf;\n\t\t\t}\n\t\t\t#gallery-1 .gallery-caption {\n\t\t\t\tmargin-left: 0;\n\t\t\t}\n\t\t\t\/* see gallery_shortcode() in wp-includes\/media.php *\/\n\t\t<\/style>\n\t\t<div id='gallery-1' class='gallery galleryid-6874 gallery-columns-2 gallery-size-large'><dl class='gallery-item'>\n\t\t\t<dt class='gallery-icon landscape'>\n\t\t\t\t<a href='https:\/\/agora.xtec.cat\/iescalgravat\/general\/exposicio-moviment\/attachment\/d5f1d2aa-f58d-4575-b57f-441936c9bb87-meritxell-guillen-gaja\/'><img loading=\"lazy\" decoding=\"async\" width=\"1024\" height=\"768\" src=\"https:\/\/agora.xtec.cat\/iescalgravat\/wp-content\/uploads\/usu63\/2025\/03\/d5f1d2aa-f58d-4575-b57f-441936c9bb87-MERITXELL-GUILLEN-GAJA-1024x768.jpg\" class=\"attachment-large size-large\" alt=\"\" srcset=\"https:\/\/agora.xtec.cat\/iescalgravat\/wp-content\/uploads\/usu63\/2025\/03\/d5f1d2aa-f58d-4575-b57f-441936c9bb87-MERITXELL-GUILLEN-GAJA-1024x768.jpg 1024w, https:\/\/agora.xtec.cat\/iescalgravat\/wp-content\/uploads\/usu63\/2025\/03\/d5f1d2aa-f58d-4575-b57f-441936c9bb87-MERITXELL-GUILLEN-GAJA-300x225.jpg 300w, https:\/\/agora.xtec.cat\/iescalgravat\/wp-content\/uploads\/usu63\/2025\/03\/d5f1d2aa-f58d-4575-b57f-441936c9bb87-MERITXELL-GUILLEN-GAJA-768x576.jpg 768w, https:\/\/agora.xtec.cat\/iescalgravat\/wp-content\/uploads\/usu63\/2025\/03\/d5f1d2aa-f58d-4575-b57f-441936c9bb87-MERITXELL-GUILLEN-GAJA-1536x1152.jpg 1536w, https:\/\/agora.xtec.cat\/iescalgravat\/wp-content\/uploads\/usu63\/2025\/03\/d5f1d2aa-f58d-4575-b57f-441936c9bb87-MERITXELL-GUILLEN-GAJA-200x150.jpg 200w, https:\/\/agora.xtec.cat\/iescalgravat\/wp-content\/uploads\/usu63\/2025\/03\/d5f1d2aa-f58d-4575-b57f-441936c9bb87-MERITXELL-GUILLEN-GAJA.jpg 2016w\" sizes=\"auto, (max-width: 1024px) 100vw, 1024px\" \/><\/a>\n\t\t\t<\/dt><\/dl><dl class='gallery-item'>\n\t\t\t<dt class='gallery-icon landscape'>\n\t\t\t\t<a href='https:\/\/agora.xtec.cat\/iescalgravat\/general\/exposicio-moviment\/attachment\/9c15c040-9b6b-4056-ba34-d156bbd016e8-meritxell-guillen-gaja\/'><img loading=\"lazy\" decoding=\"async\" width=\"1024\" height=\"768\" src=\"https:\/\/agora.xtec.cat\/iescalgravat\/wp-content\/uploads\/usu63\/2025\/03\/9c15c040-9b6b-4056-ba34-d156bbd016e8-MERITXELL-GUILLEN-GAJA-1024x768.jpg\" class=\"attachment-large size-large\" alt=\"\" srcset=\"https:\/\/agora.xtec.cat\/iescalgravat\/wp-content\/uploads\/usu63\/2025\/03\/9c15c040-9b6b-4056-ba34-d156bbd016e8-MERITXELL-GUILLEN-GAJA-1024x768.jpg 1024w, https:\/\/agora.xtec.cat\/iescalgravat\/wp-content\/uploads\/usu63\/2025\/03\/9c15c040-9b6b-4056-ba34-d156bbd016e8-MERITXELL-GUILLEN-GAJA-300x225.jpg 300w, https:\/\/agora.xtec.cat\/iescalgravat\/wp-content\/uploads\/usu63\/2025\/03\/9c15c040-9b6b-4056-ba34-d156bbd016e8-MERITXELL-GUILLEN-GAJA-768x576.jpg 768w, https:\/\/agora.xtec.cat\/iescalgravat\/wp-content\/uploads\/usu63\/2025\/03\/9c15c040-9b6b-4056-ba34-d156bbd016e8-MERITXELL-GUILLEN-GAJA-1536x1152.jpg 1536w, https:\/\/agora.xtec.cat\/iescalgravat\/wp-content\/uploads\/usu63\/2025\/03\/9c15c040-9b6b-4056-ba34-d156bbd016e8-MERITXELL-GUILLEN-GAJA-200x150.jpg 200w, https:\/\/agora.xtec.cat\/iescalgravat\/wp-content\/uploads\/usu63\/2025\/03\/9c15c040-9b6b-4056-ba34-d156bbd016e8-MERITXELL-GUILLEN-GAJA.jpg 2016w\" sizes=\"auto, (max-width: 1024px) 100vw, 1024px\" \/><\/a>\n\t\t\t<\/dt><\/dl><br style=\"clear: both\" \/><dl class='gallery-item'>\n\t\t\t<dt class='gallery-icon landscape'>\n\t\t\t\t<a href='https:\/\/agora.xtec.cat\/iescalgravat\/general\/exposicio-moviment\/attachment\/03da2a64-8d92-4584-a94e-ad86feadeea3-meritxell-guillen-gaja\/'><img loading=\"lazy\" decoding=\"async\" width=\"1024\" height=\"768\" src=\"https:\/\/agora.xtec.cat\/iescalgravat\/wp-content\/uploads\/usu63\/2025\/03\/03da2a64-8d92-4584-a94e-ad86feadeea3-MERITXELL-GUILLEN-GAJA-1024x768.jpg\" class=\"attachment-large size-large\" alt=\"\" srcset=\"https:\/\/agora.xtec.cat\/iescalgravat\/wp-content\/uploads\/usu63\/2025\/03\/03da2a64-8d92-4584-a94e-ad86feadeea3-MERITXELL-GUILLEN-GAJA-1024x768.jpg 1024w, https:\/\/agora.xtec.cat\/iescalgravat\/wp-content\/uploads\/usu63\/2025\/03\/03da2a64-8d92-4584-a94e-ad86feadeea3-MERITXELL-GUILLEN-GAJA-300x225.jpg 300w, https:\/\/agora.xtec.cat\/iescalgravat\/wp-content\/uploads\/usu63\/2025\/03\/03da2a64-8d92-4584-a94e-ad86feadeea3-MERITXELL-GUILLEN-GAJA-768x576.jpg 768w, https:\/\/agora.xtec.cat\/iescalgravat\/wp-content\/uploads\/usu63\/2025\/03\/03da2a64-8d92-4584-a94e-ad86feadeea3-MERITXELL-GUILLEN-GAJA-1536x1152.jpg 1536w, https:\/\/agora.xtec.cat\/iescalgravat\/wp-content\/uploads\/usu63\/2025\/03\/03da2a64-8d92-4584-a94e-ad86feadeea3-MERITXELL-GUILLEN-GAJA-200x150.jpg 200w, https:\/\/agora.xtec.cat\/iescalgravat\/wp-content\/uploads\/usu63\/2025\/03\/03da2a64-8d92-4584-a94e-ad86feadeea3-MERITXELL-GUILLEN-GAJA.jpg 1925w\" sizes=\"auto, (max-width: 1024px) 100vw, 1024px\" \/><\/a>\n\t\t\t<\/dt><\/dl><dl class='gallery-item'>\n\t\t\t<dt class='gallery-icon portrait'>\n\t\t\t\t<a href='https:\/\/agora.xtec.cat\/iescalgravat\/general\/exposicio-moviment\/attachment\/f628ae42-53c7-48b3-afd2-10e594be45ee-meritxell-guillen-gaja\/'><img loading=\"lazy\" decoding=\"async\" width=\"682\" height=\"1024\" src=\"https:\/\/agora.xtec.cat\/iescalgravat\/wp-content\/uploads\/usu63\/2025\/03\/f628ae42-53c7-48b3-afd2-10e594be45ee-MERITXELL-GUILLEN-GAJA-682x1024.jpg\" class=\"attachment-large size-large\" alt=\"\" srcset=\"https:\/\/agora.xtec.cat\/iescalgravat\/wp-content\/uploads\/usu63\/2025\/03\/f628ae42-53c7-48b3-afd2-10e594be45ee-MERITXELL-GUILLEN-GAJA-682x1024.jpg 682w, https:\/\/agora.xtec.cat\/iescalgravat\/wp-content\/uploads\/usu63\/2025\/03\/f628ae42-53c7-48b3-afd2-10e594be45ee-MERITXELL-GUILLEN-GAJA-200x300.jpg 200w, https:\/\/agora.xtec.cat\/iescalgravat\/wp-content\/uploads\/usu63\/2025\/03\/f628ae42-53c7-48b3-afd2-10e594be45ee-MERITXELL-GUILLEN-GAJA-768x1152.jpg 768w, https:\/\/agora.xtec.cat\/iescalgravat\/wp-content\/uploads\/usu63\/2025\/03\/f628ae42-53c7-48b3-afd2-10e594be45ee-MERITXELL-GUILLEN-GAJA-1024x1536.jpg 1024w, https:\/\/agora.xtec.cat\/iescalgravat\/wp-content\/uploads\/usu63\/2025\/03\/f628ae42-53c7-48b3-afd2-10e594be45ee-MERITXELL-GUILLEN-GAJA.jpg 1209w\" sizes=\"auto, (max-width: 682px) 100vw, 682px\" \/><\/a>\n\t\t\t<\/dt><\/dl><br style=\"clear: both\" \/>\n\t\t<\/div>\n\n","protected":false},"excerpt":{"rendered":"<p>Aquest any participem en l&#8217;exposici\u00f3 &#8220;Moviment&#8221; creada per deu centres educatius del Bages i rodalies. L&#8217;alumnat<br \/>\nde 1r ESO, amb l&#8217;ajuda de la professora Gl\u00f2ria Fargas, han presentat l&#8217;obra &#8220;La dansa de les grues i de les criatures de paper&#8221;.<br \/>\nLa mostra s&#8217;emmarca dins el projecte AMiC&hellip;  <a href=\"https:\/\/agora.xtec.cat\/iescalgravat\/general\/exposicio-moviment\/\" title=\"Read EXPOSICI\u00d3 \u201cMOVIMENT\u201d\">Llegeix m\u00e9s\u00bb<\/a><\/p>\n","protected":false},"author":1,"featured_media":0,"comment_status":"closed","ping_status":"closed","sticky":false,"template":"","format":"standard","meta":{"_bbp_topic_count":0,"_bbp_reply_count":0,"_bbp_total_topic_count":0,"_bbp_total_reply_count":0,"_bbp_voice_count":0,"_bbp_anonymous_reply_count":0,"_bbp_topic_count_hidden":0,"_bbp_reply_count_hidden":0,"_bbp_forum_subforum_count":0,"footnotes":""},"categories":[1,29],"tags":[],"class_list":["post-6874","post","type-post","status-publish","format-standard","hentry","category-general","category-portada"],"post_mailing_queue_ids":[],"_links":{"self":[{"href":"https:\/\/agora.xtec.cat\/iescalgravat\/wp-json\/wp\/v2\/posts\/6874","targetHints":{"allow":["GET"]}}],"collection":[{"href":"https:\/\/agora.xtec.cat\/iescalgravat\/wp-json\/wp\/v2\/posts"}],"about":[{"href":"https:\/\/agora.xtec.cat\/iescalgravat\/wp-json\/wp\/v2\/types\/post"}],"author":[{"embeddable":true,"href":"https:\/\/agora.xtec.cat\/iescalgravat\/wp-json\/wp\/v2\/users\/1"}],"replies":[{"embeddable":true,"href":"https:\/\/agora.xtec.cat\/iescalgravat\/wp-json\/wp\/v2\/comments?post=6874"}],"version-history":[{"count":1,"href":"https:\/\/agora.xtec.cat\/iescalgravat\/wp-json\/wp\/v2\/posts\/6874\/revisions"}],"predecessor-version":[{"id":6880,"href":"https:\/\/agora.xtec.cat\/iescalgravat\/wp-json\/wp\/v2\/posts\/6874\/revisions\/6880"}],"wp:attachment":[{"href":"https:\/\/agora.xtec.cat\/iescalgravat\/wp-json\/wp\/v2\/media?parent=6874"}],"wp:term":[{"taxonomy":"category","embeddable":true,"href":"https:\/\/agora.xtec.cat\/iescalgravat\/wp-json\/wp\/v2\/categories?post=6874"},{"taxonomy":"post_tag","embeddable":true,"href":"https:\/\/agora.xtec.cat\/iescalgravat\/wp-json\/wp\/v2\/tags?post=6874"}],"curies":[{"name":"wp","href":"https:\/\/api.w.org\/{rel}","templated":true}]}}