{"id":6785,"date":"2025-02-17T08:32:45","date_gmt":"2025-02-17T07:32:45","guid":{"rendered":"https:\/\/agora.xtec.cat\/iescalgravat\/?p=6785"},"modified":"2025-02-17T08:37:12","modified_gmt":"2025-02-17T07:37:12","slug":"els-republicans-als-camps-de-concentracio-nazis","status":"publish","type":"post","link":"https:\/\/agora.xtec.cat\/iescalgravat\/general\/els-republicans-als-camps-de-concentracio-nazis\/","title":{"rendered":"ELS REPUBLICANS ALS CAMPS DE CONCENTRACI\u00d3 NAZIS"},"content":{"rendered":"<p>La setmana del 10 al 14 de febrer l&#8217;exposici\u00f3 itinerant &#8221; Els republicans als caps de concentraci\u00f3 nazis&#8221; en record i homenatge a Joaquim Amat i Piniella, ha estat al vest\u00edbul de l&#8217;institut. Tots els grups classe de l&#8217;institut han passat a veure-la i han pogut treballar-la en les classes de socials i filosofia.<br \/>\nL&#8217;exposici\u00f3 va de l&#8217;escriptor manres\u00e0 supervivent del camp de Mauthausen i del seu testimoni que va deixar per escrit en el seu llibre K.L.Reich.<\/p>\n\n\t\t<style type=\"text\/css\">\n\t\t\t#gallery-1 {\n\t\t\t\tmargin: auto;\n\t\t\t}\n\t\t\t#gallery-1 .gallery-item {\n\t\t\t\tfloat: left;\n\t\t\t\tmargin-top: 10px;\n\t\t\t\ttext-align: center;\n\t\t\t\twidth: 50%;\n\t\t\t}\n\t\t\t#gallery-1 img {\n\t\t\t\tborder: 2px solid #cfcfcf;\n\t\t\t}\n\t\t\t#gallery-1 .gallery-caption {\n\t\t\t\tmargin-left: 0;\n\t\t\t}\n\t\t\t\/* see gallery_shortcode() in wp-includes\/media.php *\/\n\t\t<\/style>\n\t\t<div id='gallery-1' class='gallery galleryid-6785 gallery-columns-2 gallery-size-large'><dl class='gallery-item'>\n\t\t\t<dt class='gallery-icon portrait'>\n\t\t\t\t<a href='https:\/\/agora.xtec.cat\/iescalgravat\/general\/els-republicans-als-camps-de-concentracio-nazis\/attachment\/captura-de-pantalla-2025-02-14-a-las-18-24-39\/'><img loading=\"lazy\" decoding=\"async\" width=\"788\" height=\"1024\" src=\"https:\/\/agora.xtec.cat\/iescalgravat\/wp-content\/uploads\/usu63\/2025\/02\/Captura-de-pantalla-2025-02-14-a-las-18.24.39-788x1024.png\" class=\"attachment-large size-large\" alt=\"\" srcset=\"https:\/\/agora.xtec.cat\/iescalgravat\/wp-content\/uploads\/usu63\/2025\/02\/Captura-de-pantalla-2025-02-14-a-las-18.24.39-788x1024.png 788w, https:\/\/agora.xtec.cat\/iescalgravat\/wp-content\/uploads\/usu63\/2025\/02\/Captura-de-pantalla-2025-02-14-a-las-18.24.39-231x300.png 231w, https:\/\/agora.xtec.cat\/iescalgravat\/wp-content\/uploads\/usu63\/2025\/02\/Captura-de-pantalla-2025-02-14-a-las-18.24.39-768x998.png 768w, https:\/\/agora.xtec.cat\/iescalgravat\/wp-content\/uploads\/usu63\/2025\/02\/Captura-de-pantalla-2025-02-14-a-las-18.24.39-1181x1536.png 1181w, https:\/\/agora.xtec.cat\/iescalgravat\/wp-content\/uploads\/usu63\/2025\/02\/Captura-de-pantalla-2025-02-14-a-las-18.24.39-1575x2048.png 1575w, https:\/\/agora.xtec.cat\/iescalgravat\/wp-content\/uploads\/usu63\/2025\/02\/Captura-de-pantalla-2025-02-14-a-las-18.24.39.png 1606w\" sizes=\"auto, (max-width: 788px) 100vw, 788px\" \/><\/a>\n\t\t\t<\/dt><\/dl><dl class='gallery-item'>\n\t\t\t<dt class='gallery-icon portrait'>\n\t\t\t\t<a href='https:\/\/agora.xtec.cat\/iescalgravat\/general\/els-republicans-als-camps-de-concentracio-nazis\/attachment\/captura-de-pantalla-2025-02-14-a-las-18-25-35\/'><img loading=\"lazy\" decoding=\"async\" width=\"595\" height=\"1024\" src=\"https:\/\/agora.xtec.cat\/iescalgravat\/wp-content\/uploads\/usu63\/2025\/02\/Captura-de-pantalla-2025-02-14-a-las-18.25.35-595x1024.png\" class=\"attachment-large size-large\" alt=\"\" srcset=\"https:\/\/agora.xtec.cat\/iescalgravat\/wp-content\/uploads\/usu63\/2025\/02\/Captura-de-pantalla-2025-02-14-a-las-18.25.35-595x1024.png 595w, https:\/\/agora.xtec.cat\/iescalgravat\/wp-content\/uploads\/usu63\/2025\/02\/Captura-de-pantalla-2025-02-14-a-las-18.25.35-174x300.png 174w, https:\/\/agora.xtec.cat\/iescalgravat\/wp-content\/uploads\/usu63\/2025\/02\/Captura-de-pantalla-2025-02-14-a-las-18.25.35-768x1321.png 768w, https:\/\/agora.xtec.cat\/iescalgravat\/wp-content\/uploads\/usu63\/2025\/02\/Captura-de-pantalla-2025-02-14-a-las-18.25.35-893x1536.png 893w, https:\/\/agora.xtec.cat\/iescalgravat\/wp-content\/uploads\/usu63\/2025\/02\/Captura-de-pantalla-2025-02-14-a-las-18.25.35-1191x2048.png 1191w, https:\/\/agora.xtec.cat\/iescalgravat\/wp-content\/uploads\/usu63\/2025\/02\/Captura-de-pantalla-2025-02-14-a-las-18.25.35.png 1272w\" sizes=\"auto, (max-width: 595px) 100vw, 595px\" \/><\/a>\n\t\t\t<\/dt><\/dl><br style=\"clear: both\" \/><dl class='gallery-item'>\n\t\t\t<dt class='gallery-icon portrait'>\n\t\t\t\t<a href='https:\/\/agora.xtec.cat\/iescalgravat\/general\/els-republicans-als-camps-de-concentracio-nazis\/attachment\/captura-de-pantalla-2025-02-14-a-las-18-25-01\/'><img loading=\"lazy\" decoding=\"async\" width=\"965\" height=\"1024\" src=\"https:\/\/agora.xtec.cat\/iescalgravat\/wp-content\/uploads\/usu63\/2025\/02\/Captura-de-pantalla-2025-02-14-a-las-18.25.01-965x1024.png\" class=\"attachment-large size-large\" alt=\"\" srcset=\"https:\/\/agora.xtec.cat\/iescalgravat\/wp-content\/uploads\/usu63\/2025\/02\/Captura-de-pantalla-2025-02-14-a-las-18.25.01-965x1024.png 965w, https:\/\/agora.xtec.cat\/iescalgravat\/wp-content\/uploads\/usu63\/2025\/02\/Captura-de-pantalla-2025-02-14-a-las-18.25.01-283x300.png 283w, https:\/\/agora.xtec.cat\/iescalgravat\/wp-content\/uploads\/usu63\/2025\/02\/Captura-de-pantalla-2025-02-14-a-las-18.25.01-768x815.png 768w, https:\/\/agora.xtec.cat\/iescalgravat\/wp-content\/uploads\/usu63\/2025\/02\/Captura-de-pantalla-2025-02-14-a-las-18.25.01-1448x1536.png 1448w, https:\/\/agora.xtec.cat\/iescalgravat\/wp-content\/uploads\/usu63\/2025\/02\/Captura-de-pantalla-2025-02-14-a-las-18.25.01.png 1710w\" sizes=\"auto, (max-width: 965px) 100vw, 965px\" \/><\/a>\n\t\t\t<\/dt><\/dl><dl class='gallery-item'>\n\t\t\t<dt class='gallery-icon landscape'>\n\t\t\t\t<a href='https:\/\/agora.xtec.cat\/iescalgravat\/general\/els-republicans-als-camps-de-concentracio-nazis\/attachment\/captura-de-pantalla-2025-02-14-a-las-18-25-55\/'><img loading=\"lazy\" decoding=\"async\" width=\"1024\" height=\"486\" src=\"https:\/\/agora.xtec.cat\/iescalgravat\/wp-content\/uploads\/usu63\/2025\/02\/Captura-de-pantalla-2025-02-14-a-las-18.25.55-1024x486.png\" class=\"attachment-large size-large\" alt=\"\" srcset=\"https:\/\/agora.xtec.cat\/iescalgravat\/wp-content\/uploads\/usu63\/2025\/02\/Captura-de-pantalla-2025-02-14-a-las-18.25.55-1024x486.png 1024w, https:\/\/agora.xtec.cat\/iescalgravat\/wp-content\/uploads\/usu63\/2025\/02\/Captura-de-pantalla-2025-02-14-a-las-18.25.55-300x142.png 300w, https:\/\/agora.xtec.cat\/iescalgravat\/wp-content\/uploads\/usu63\/2025\/02\/Captura-de-pantalla-2025-02-14-a-las-18.25.55-768x365.png 768w, https:\/\/agora.xtec.cat\/iescalgravat\/wp-content\/uploads\/usu63\/2025\/02\/Captura-de-pantalla-2025-02-14-a-las-18.25.55-1536x729.png 1536w, https:\/\/agora.xtec.cat\/iescalgravat\/wp-content\/uploads\/usu63\/2025\/02\/Captura-de-pantalla-2025-02-14-a-las-18.25.55.png 1550w\" sizes=\"auto, (max-width: 1024px) 100vw, 1024px\" \/><\/a>\n\t\t\t<\/dt><\/dl><br style=\"clear: both\" \/>\n\t\t<\/div>\n\n","protected":false},"excerpt":{"rendered":"<p>La setmana del 10 al 14 de febrer l&#8217;exposici\u00f3 itinerant &#8221; Els republicans als caps de concentraci\u00f3 nazis&#8221; en record i homenatge a Joaquim Amat i Piniella, ha estat al vest\u00edbul de l&#8217;institut. Tots els grups classe de l&#8217;institut han passat a veure-la i han&hellip;  <a href=\"https:\/\/agora.xtec.cat\/iescalgravat\/general\/els-republicans-als-camps-de-concentracio-nazis\/\" title=\"Read ELS REPUBLICANS ALS CAMPS DE CONCENTRACI\u00d3 NAZIS\">Llegeix m\u00e9s\u00bb<\/a><\/p>\n","protected":false},"author":1,"featured_media":0,"comment_status":"closed","ping_status":"closed","sticky":false,"template":"","format":"standard","meta":{"_bbp_topic_count":0,"_bbp_reply_count":0,"_bbp_total_topic_count":0,"_bbp_total_reply_count":0,"_bbp_voice_count":0,"_bbp_anonymous_reply_count":0,"_bbp_topic_count_hidden":0,"_bbp_reply_count_hidden":0,"_bbp_forum_subforum_count":0,"footnotes":""},"categories":[1,29],"tags":[],"class_list":["post-6785","post","type-post","status-publish","format-standard","hentry","category-general","category-portada"],"post_mailing_queue_ids":[],"_links":{"self":[{"href":"https:\/\/agora.xtec.cat\/iescalgravat\/wp-json\/wp\/v2\/posts\/6785","targetHints":{"allow":["GET"]}}],"collection":[{"href":"https:\/\/agora.xtec.cat\/iescalgravat\/wp-json\/wp\/v2\/posts"}],"about":[{"href":"https:\/\/agora.xtec.cat\/iescalgravat\/wp-json\/wp\/v2\/types\/post"}],"author":[{"embeddable":true,"href":"https:\/\/agora.xtec.cat\/iescalgravat\/wp-json\/wp\/v2\/users\/1"}],"replies":[{"embeddable":true,"href":"https:\/\/agora.xtec.cat\/iescalgravat\/wp-json\/wp\/v2\/comments?post=6785"}],"version-history":[{"count":1,"href":"https:\/\/agora.xtec.cat\/iescalgravat\/wp-json\/wp\/v2\/posts\/6785\/revisions"}],"predecessor-version":[{"id":6790,"href":"https:\/\/agora.xtec.cat\/iescalgravat\/wp-json\/wp\/v2\/posts\/6785\/revisions\/6790"}],"wp:attachment":[{"href":"https:\/\/agora.xtec.cat\/iescalgravat\/wp-json\/wp\/v2\/media?parent=6785"}],"wp:term":[{"taxonomy":"category","embeddable":true,"href":"https:\/\/agora.xtec.cat\/iescalgravat\/wp-json\/wp\/v2\/categories?post=6785"},{"taxonomy":"post_tag","embeddable":true,"href":"https:\/\/agora.xtec.cat\/iescalgravat\/wp-json\/wp\/v2\/tags?post=6785"}],"curies":[{"name":"wp","href":"https:\/\/api.w.org\/{rel}","templated":true}]}}