{"id":6776,"date":"2025-02-14T12:02:27","date_gmt":"2025-02-14T11:02:27","guid":{"rendered":"https:\/\/agora.xtec.cat\/iescalgravat\/?p=6776"},"modified":"2025-03-14T11:46:10","modified_gmt":"2025-03-14T10:46:10","slug":"iniciem-la-construccio-dun-espai-chill-out-pel-pati","status":"publish","type":"post","link":"https:\/\/agora.xtec.cat\/iescalgravat\/general\/iniciem-la-construccio-dun-espai-chill-out-pel-pati\/","title":{"rendered":"Iniciem la construcci\u00f3 d&#8217;un espai chill out pel pati"},"content":{"rendered":"<div class=\"softmerge-inner\">\n<p>Aquesta setmana hem comen\u00e7at a construir amb moltes ganes el mobiliari del projecte &#8220;Chill out pel pati&#8221; amb l&#8217;alumnat del grup Plus de 3ESO. Despr\u00e9s d&#8217;uns mesos de treball en el disseny i valoraci\u00f3 de les opcions, ara ens posem mans a l&#8217;obra. Esperem gaudir molt del proc\u00e9s i encara m\u00e9s del resultat!<\/p>\n\n\t\t<style type=\"text\/css\">\n\t\t\t#gallery-1 {\n\t\t\t\tmargin: auto;\n\t\t\t}\n\t\t\t#gallery-1 .gallery-item {\n\t\t\t\tfloat: left;\n\t\t\t\tmargin-top: 10px;\n\t\t\t\ttext-align: center;\n\t\t\t\twidth: 33%;\n\t\t\t}\n\t\t\t#gallery-1 img {\n\t\t\t\tborder: 2px solid #cfcfcf;\n\t\t\t}\n\t\t\t#gallery-1 .gallery-caption {\n\t\t\t\tmargin-left: 0;\n\t\t\t}\n\t\t\t\/* see gallery_shortcode() in wp-includes\/media.php *\/\n\t\t<\/style>\n\t\t<div id='gallery-1' class='gallery galleryid-6776 gallery-columns-3 gallery-size-thumbnail'><dl class='gallery-item'>\n\t\t\t<dt class='gallery-icon portrait'>\n\t\t\t\t<a href='https:\/\/agora.xtec.cat\/iescalgravat\/general\/iniciem-la-construccio-dun-espai-chill-out-pel-pati\/attachment\/img_20250206_105703_1-anna-suris-suner\/'><img loading=\"lazy\" decoding=\"async\" width=\"150\" height=\"150\" src=\"https:\/\/agora.xtec.cat\/iescalgravat\/wp-content\/uploads\/usu63\/2025\/02\/IMG_20250206_105703_1-ANNA-SURIS-SUNER-150x150.jpg\" class=\"attachment-thumbnail size-thumbnail\" alt=\"\" \/><\/a>\n\t\t\t<\/dt><\/dl><dl class='gallery-item'>\n\t\t\t<dt class='gallery-icon portrait'>\n\t\t\t\t<a href='https:\/\/agora.xtec.cat\/iescalgravat\/general\/iniciem-la-construccio-dun-espai-chill-out-pel-pati\/attachment\/img_20250206_105712-anna-suris-suner\/'><img loading=\"lazy\" decoding=\"async\" width=\"150\" height=\"150\" src=\"https:\/\/agora.xtec.cat\/iescalgravat\/wp-content\/uploads\/usu63\/2025\/02\/IMG_20250206_105712-ANNA-SURIS-SUNER-150x150.jpg\" class=\"attachment-thumbnail size-thumbnail\" alt=\"\" \/><\/a>\n\t\t\t<\/dt><\/dl><dl class='gallery-item'>\n\t\t\t<dt class='gallery-icon portrait'>\n\t\t\t\t<a href='https:\/\/agora.xtec.cat\/iescalgravat\/general\/iniciem-la-construccio-dun-espai-chill-out-pel-pati\/attachment\/img_20250206_111739_1-1-anna-suris-suner\/'><img loading=\"lazy\" decoding=\"async\" width=\"150\" height=\"150\" src=\"https:\/\/agora.xtec.cat\/iescalgravat\/wp-content\/uploads\/usu63\/2025\/02\/IMG_20250206_111739_1-1-ANNA-SURIS-SUNER-150x150.jpg\" class=\"attachment-thumbnail size-thumbnail\" alt=\"\" \/><\/a>\n\t\t\t<\/dt><\/dl><br style=\"clear: both\" \/>\n\t\t<\/div>\n\n<\/div>\n","protected":false},"excerpt":{"rendered":"<p>Aquesta setmana hem comen\u00e7at a construir amb moltes ganes el mobiliari del projecte &#8220;Chill out pel pati&#8221; amb l&#8217;alumnat del grup Plus de 3ESO. Despr\u00e9s d&#8217;uns mesos de treball en el disseny i valoraci\u00f3 de les opcions, ara ens posem mans a l&#8217;obra. Esperem gaudir&hellip;  <a href=\"https:\/\/agora.xtec.cat\/iescalgravat\/general\/iniciem-la-construccio-dun-espai-chill-out-pel-pati\/\" title=\"Read Iniciem la construcci\u00f3 d&#8217;un espai chill out pel pati\">Llegeix m\u00e9s\u00bb<\/a><\/p>\n","protected":false},"author":1,"featured_media":0,"comment_status":"closed","ping_status":"closed","sticky":false,"template":"","format":"standard","meta":{"_bbp_topic_count":0,"_bbp_reply_count":0,"_bbp_total_topic_count":0,"_bbp_total_reply_count":0,"_bbp_voice_count":0,"_bbp_anonymous_reply_count":0,"_bbp_topic_count_hidden":0,"_bbp_reply_count_hidden":0,"_bbp_forum_subforum_count":0,"footnotes":""},"categories":[1,29],"tags":[],"class_list":["post-6776","post","type-post","status-publish","format-standard","hentry","category-general","category-portada"],"post_mailing_queue_ids":[],"_links":{"self":[{"href":"https:\/\/agora.xtec.cat\/iescalgravat\/wp-json\/wp\/v2\/posts\/6776","targetHints":{"allow":["GET"]}}],"collection":[{"href":"https:\/\/agora.xtec.cat\/iescalgravat\/wp-json\/wp\/v2\/posts"}],"about":[{"href":"https:\/\/agora.xtec.cat\/iescalgravat\/wp-json\/wp\/v2\/types\/post"}],"author":[{"embeddable":true,"href":"https:\/\/agora.xtec.cat\/iescalgravat\/wp-json\/wp\/v2\/users\/1"}],"replies":[{"embeddable":true,"href":"https:\/\/agora.xtec.cat\/iescalgravat\/wp-json\/wp\/v2\/comments?post=6776"}],"version-history":[{"count":2,"href":"https:\/\/agora.xtec.cat\/iescalgravat\/wp-json\/wp\/v2\/posts\/6776\/revisions"}],"predecessor-version":[{"id":6896,"href":"https:\/\/agora.xtec.cat\/iescalgravat\/wp-json\/wp\/v2\/posts\/6776\/revisions\/6896"}],"wp:attachment":[{"href":"https:\/\/agora.xtec.cat\/iescalgravat\/wp-json\/wp\/v2\/media?parent=6776"}],"wp:term":[{"taxonomy":"category","embeddable":true,"href":"https:\/\/agora.xtec.cat\/iescalgravat\/wp-json\/wp\/v2\/categories?post=6776"},{"taxonomy":"post_tag","embeddable":true,"href":"https:\/\/agora.xtec.cat\/iescalgravat\/wp-json\/wp\/v2\/tags?post=6776"}],"curies":[{"name":"wp","href":"https:\/\/api.w.org\/{rel}","templated":true}]}}