{"id":6752,"date":"2025-02-06T11:27:39","date_gmt":"2025-02-06T10:27:39","guid":{"rendered":"https:\/\/agora.xtec.cat\/iescalgravat\/?p=6752"},"modified":"2025-02-06T11:28:22","modified_gmt":"2025-02-06T10:28:22","slug":"commemoracio-del-dia-de-les-victimes-de-lholocaust-2","status":"publish","type":"post","link":"https:\/\/agora.xtec.cat\/iescalgravat\/general\/commemoracio-del-dia-de-les-victimes-de-lholocaust-2\/","title":{"rendered":"COMMEMORACI\u00d3 DEL DIA DE LES V\u00cdCTIMES DE L&#8217;HOLOCAUST"},"content":{"rendered":"<p>L&#8217;alumnat d&#8217;Hist\u00f2ria del M\u00f3n Contemporani de 1r de Batxillerat va participar al dilluns 27 de gener en la Commemoraci\u00f3 del dia de les v\u00edctimes de l&#8217;Holocaust en el 80\u00e8 aniversari de l&#8217;alliberament del camp d&#8217;extermini d&#8217;Auswitch. Van recordar algunes plaques stolpersteine de deportats manresans i van participar de l&#8217;acte del Kursaal organitzat pel Departament d&#8217;Educaci\u00f3, l&#8217;Ajuntament i la Generalitat. En acabar van visitar el mural del carrer de la Mel fet per la Lily Bricks expressament per a l&#8217;ocasi\u00f3 i a partir del treball fet a classe dels alumnes dels diferents instituts participants.<\/p>\n\n\t\t<style type=\"text\/css\">\n\t\t\t#gallery-1 {\n\t\t\t\tmargin: auto;\n\t\t\t}\n\t\t\t#gallery-1 .gallery-item {\n\t\t\t\tfloat: left;\n\t\t\t\tmargin-top: 10px;\n\t\t\t\ttext-align: center;\n\t\t\t\twidth: 33%;\n\t\t\t}\n\t\t\t#gallery-1 img {\n\t\t\t\tborder: 2px solid #cfcfcf;\n\t\t\t}\n\t\t\t#gallery-1 .gallery-caption {\n\t\t\t\tmargin-left: 0;\n\t\t\t}\n\t\t\t\/* see gallery_shortcode() in wp-includes\/media.php *\/\n\t\t<\/style>\n\t\t<div id='gallery-1' class='gallery galleryid-6752 gallery-columns-3 gallery-size-large'><dl class='gallery-item'>\n\t\t\t<dt class='gallery-icon landscape'>\n\t\t\t\t<a href='https:\/\/agora.xtec.cat\/iescalgravat\/general\/commemoracio-del-dia-de-les-victimes-de-lholocaust-2\/attachment\/img-20250127-wa0024-roger-canyadell\/'><img loading=\"lazy\" decoding=\"async\" width=\"1024\" height=\"768\" src=\"https:\/\/agora.xtec.cat\/iescalgravat\/wp-content\/uploads\/usu63\/2025\/02\/IMG-20250127-WA0024-Roger-Canyadell-1024x768.jpg\" class=\"attachment-large size-large\" alt=\"\" srcset=\"https:\/\/agora.xtec.cat\/iescalgravat\/wp-content\/uploads\/usu63\/2025\/02\/IMG-20250127-WA0024-Roger-Canyadell-1024x768.jpg 1024w, https:\/\/agora.xtec.cat\/iescalgravat\/wp-content\/uploads\/usu63\/2025\/02\/IMG-20250127-WA0024-Roger-Canyadell-300x225.jpg 300w, https:\/\/agora.xtec.cat\/iescalgravat\/wp-content\/uploads\/usu63\/2025\/02\/IMG-20250127-WA0024-Roger-Canyadell-768x576.jpg 768w, https:\/\/agora.xtec.cat\/iescalgravat\/wp-content\/uploads\/usu63\/2025\/02\/IMG-20250127-WA0024-Roger-Canyadell-1536x1152.jpg 1536w, https:\/\/agora.xtec.cat\/iescalgravat\/wp-content\/uploads\/usu63\/2025\/02\/IMG-20250127-WA0024-Roger-Canyadell-200x150.jpg 200w, https:\/\/agora.xtec.cat\/iescalgravat\/wp-content\/uploads\/usu63\/2025\/02\/IMG-20250127-WA0024-Roger-Canyadell.jpg 1600w\" sizes=\"auto, (max-width: 1024px) 100vw, 1024px\" \/><\/a>\n\t\t\t<\/dt><\/dl><dl class='gallery-item'>\n\t\t\t<dt class='gallery-icon landscape'>\n\t\t\t\t<a href='https:\/\/agora.xtec.cat\/iescalgravat\/general\/commemoracio-del-dia-de-les-victimes-de-lholocaust-2\/attachment\/20250127_111332-roger-canyadell\/'><img loading=\"lazy\" decoding=\"async\" width=\"1024\" height=\"768\" src=\"https:\/\/agora.xtec.cat\/iescalgravat\/wp-content\/uploads\/usu63\/2025\/02\/20250127_111332-Roger-Canyadell-1024x768.jpg\" class=\"attachment-large size-large\" alt=\"\" srcset=\"https:\/\/agora.xtec.cat\/iescalgravat\/wp-content\/uploads\/usu63\/2025\/02\/20250127_111332-Roger-Canyadell-1024x768.jpg 1024w, https:\/\/agora.xtec.cat\/iescalgravat\/wp-content\/uploads\/usu63\/2025\/02\/20250127_111332-Roger-Canyadell-300x225.jpg 300w, https:\/\/agora.xtec.cat\/iescalgravat\/wp-content\/uploads\/usu63\/2025\/02\/20250127_111332-Roger-Canyadell-768x576.jpg 768w, https:\/\/agora.xtec.cat\/iescalgravat\/wp-content\/uploads\/usu63\/2025\/02\/20250127_111332-Roger-Canyadell-1536x1152.jpg 1536w, https:\/\/agora.xtec.cat\/iescalgravat\/wp-content\/uploads\/usu63\/2025\/02\/20250127_111332-Roger-Canyadell-2048x1536.jpg 2048w, https:\/\/agora.xtec.cat\/iescalgravat\/wp-content\/uploads\/usu63\/2025\/02\/20250127_111332-Roger-Canyadell-200x150.jpg 200w\" sizes=\"auto, (max-width: 1024px) 100vw, 1024px\" \/><\/a>\n\t\t\t<\/dt><\/dl><dl class='gallery-item'>\n\t\t\t<dt class='gallery-icon landscape'>\n\t\t\t\t<a href='https:\/\/agora.xtec.cat\/iescalgravat\/general\/commemoracio-del-dia-de-les-victimes-de-lholocaust-2\/attachment\/20250127_090113-roger-canyadell\/'><img loading=\"lazy\" decoding=\"async\" width=\"1024\" height=\"768\" src=\"https:\/\/agora.xtec.cat\/iescalgravat\/wp-content\/uploads\/usu63\/2025\/02\/20250127_090113-Roger-Canyadell-1024x768.jpg\" class=\"attachment-large size-large\" alt=\"\" srcset=\"https:\/\/agora.xtec.cat\/iescalgravat\/wp-content\/uploads\/usu63\/2025\/02\/20250127_090113-Roger-Canyadell-1024x768.jpg 1024w, https:\/\/agora.xtec.cat\/iescalgravat\/wp-content\/uploads\/usu63\/2025\/02\/20250127_090113-Roger-Canyadell-300x225.jpg 300w, https:\/\/agora.xtec.cat\/iescalgravat\/wp-content\/uploads\/usu63\/2025\/02\/20250127_090113-Roger-Canyadell-768x576.jpg 768w, https:\/\/agora.xtec.cat\/iescalgravat\/wp-content\/uploads\/usu63\/2025\/02\/20250127_090113-Roger-Canyadell-1536x1152.jpg 1536w, https:\/\/agora.xtec.cat\/iescalgravat\/wp-content\/uploads\/usu63\/2025\/02\/20250127_090113-Roger-Canyadell-2048x1536.jpg 2048w, https:\/\/agora.xtec.cat\/iescalgravat\/wp-content\/uploads\/usu63\/2025\/02\/20250127_090113-Roger-Canyadell-200x150.jpg 200w\" sizes=\"auto, (max-width: 1024px) 100vw, 1024px\" \/><\/a>\n\t\t\t<\/dt><\/dl><br style=\"clear: both\" \/><dl class='gallery-item'>\n\t\t\t<dt class='gallery-icon landscape'>\n\t\t\t\t<a href='https:\/\/agora.xtec.cat\/iescalgravat\/general\/commemoracio-del-dia-de-les-victimes-de-lholocaust-2\/attachment\/20250127_085734-roger-canyadell\/'><img loading=\"lazy\" decoding=\"async\" width=\"1024\" height=\"768\" src=\"https:\/\/agora.xtec.cat\/iescalgravat\/wp-content\/uploads\/usu63\/2025\/02\/20250127_085734-Roger-Canyadell-1024x768.jpg\" class=\"attachment-large size-large\" alt=\"\" srcset=\"https:\/\/agora.xtec.cat\/iescalgravat\/wp-content\/uploads\/usu63\/2025\/02\/20250127_085734-Roger-Canyadell-1024x768.jpg 1024w, https:\/\/agora.xtec.cat\/iescalgravat\/wp-content\/uploads\/usu63\/2025\/02\/20250127_085734-Roger-Canyadell-300x225.jpg 300w, https:\/\/agora.xtec.cat\/iescalgravat\/wp-content\/uploads\/usu63\/2025\/02\/20250127_085734-Roger-Canyadell-768x576.jpg 768w, https:\/\/agora.xtec.cat\/iescalgravat\/wp-content\/uploads\/usu63\/2025\/02\/20250127_085734-Roger-Canyadell-1536x1152.jpg 1536w, https:\/\/agora.xtec.cat\/iescalgravat\/wp-content\/uploads\/usu63\/2025\/02\/20250127_085734-Roger-Canyadell-2048x1536.jpg 2048w, https:\/\/agora.xtec.cat\/iescalgravat\/wp-content\/uploads\/usu63\/2025\/02\/20250127_085734-Roger-Canyadell-200x150.jpg 200w\" sizes=\"auto, (max-width: 1024px) 100vw, 1024px\" \/><\/a>\n\t\t\t<\/dt><\/dl><dl class='gallery-item'>\n\t\t\t<dt class='gallery-icon portrait'>\n\t\t\t\t<a href='https:\/\/agora.xtec.cat\/iescalgravat\/general\/commemoracio-del-dia-de-les-victimes-de-lholocaust-2\/attachment\/img-20250127-wa0012-roger-canyadell\/'><img loading=\"lazy\" decoding=\"async\" width=\"768\" height=\"1024\" src=\"https:\/\/agora.xtec.cat\/iescalgravat\/wp-content\/uploads\/usu63\/2025\/02\/IMG-20250127-WA0012-Roger-Canyadell-768x1024.jpg\" class=\"attachment-large size-large\" alt=\"\" srcset=\"https:\/\/agora.xtec.cat\/iescalgravat\/wp-content\/uploads\/usu63\/2025\/02\/IMG-20250127-WA0012-Roger-Canyadell-768x1024.jpg 768w, https:\/\/agora.xtec.cat\/iescalgravat\/wp-content\/uploads\/usu63\/2025\/02\/IMG-20250127-WA0012-Roger-Canyadell-225x300.jpg 225w, https:\/\/agora.xtec.cat\/iescalgravat\/wp-content\/uploads\/usu63\/2025\/02\/IMG-20250127-WA0012-Roger-Canyadell-1152x1536.jpg 1152w, https:\/\/agora.xtec.cat\/iescalgravat\/wp-content\/uploads\/usu63\/2025\/02\/IMG-20250127-WA0012-Roger-Canyadell.jpg 1200w\" sizes=\"auto, (max-width: 768px) 100vw, 768px\" \/><\/a>\n\t\t\t<\/dt><\/dl>\n\t\t\t<br style='clear: both' \/>\n\t\t<\/div>\n\n","protected":false},"excerpt":{"rendered":"<p>L&#8217;alumnat d&#8217;Hist\u00f2ria del M\u00f3n Contemporani de 1r de Batxillerat va participar al dilluns 27 de gener en la Commemoraci\u00f3 del dia de les v\u00edctimes de l&#8217;Holocaust en el 80\u00e8 aniversari de l&#8217;alliberament del camp d&#8217;extermini d&#8217;Auswitch. Van recordar algunes plaques stolpersteine de deportats manresans i&hellip;  <a href=\"https:\/\/agora.xtec.cat\/iescalgravat\/general\/commemoracio-del-dia-de-les-victimes-de-lholocaust-2\/\" title=\"Read COMMEMORACI\u00d3 DEL DIA DE LES V\u00cdCTIMES DE L&#8217;HOLOCAUST\">Llegeix m\u00e9s\u00bb<\/a><\/p>\n","protected":false},"author":1,"featured_media":0,"comment_status":"closed","ping_status":"closed","sticky":false,"template":"","format":"standard","meta":{"_bbp_topic_count":0,"_bbp_reply_count":0,"_bbp_total_topic_count":0,"_bbp_total_reply_count":0,"_bbp_voice_count":0,"_bbp_anonymous_reply_count":0,"_bbp_topic_count_hidden":0,"_bbp_reply_count_hidden":0,"_bbp_forum_subforum_count":0,"footnotes":""},"categories":[8,1,29],"tags":[],"class_list":["post-6752","post","type-post","status-publish","format-standard","hentry","category-batxillerat","category-general","category-portada"],"post_mailing_queue_ids":[],"_links":{"self":[{"href":"https:\/\/agora.xtec.cat\/iescalgravat\/wp-json\/wp\/v2\/posts\/6752","targetHints":{"allow":["GET"]}}],"collection":[{"href":"https:\/\/agora.xtec.cat\/iescalgravat\/wp-json\/wp\/v2\/posts"}],"about":[{"href":"https:\/\/agora.xtec.cat\/iescalgravat\/wp-json\/wp\/v2\/types\/post"}],"author":[{"embeddable":true,"href":"https:\/\/agora.xtec.cat\/iescalgravat\/wp-json\/wp\/v2\/users\/1"}],"replies":[{"embeddable":true,"href":"https:\/\/agora.xtec.cat\/iescalgravat\/wp-json\/wp\/v2\/comments?post=6752"}],"version-history":[{"count":1,"href":"https:\/\/agora.xtec.cat\/iescalgravat\/wp-json\/wp\/v2\/posts\/6752\/revisions"}],"predecessor-version":[{"id":6758,"href":"https:\/\/agora.xtec.cat\/iescalgravat\/wp-json\/wp\/v2\/posts\/6752\/revisions\/6758"}],"wp:attachment":[{"href":"https:\/\/agora.xtec.cat\/iescalgravat\/wp-json\/wp\/v2\/media?parent=6752"}],"wp:term":[{"taxonomy":"category","embeddable":true,"href":"https:\/\/agora.xtec.cat\/iescalgravat\/wp-json\/wp\/v2\/categories?post=6752"},{"taxonomy":"post_tag","embeddable":true,"href":"https:\/\/agora.xtec.cat\/iescalgravat\/wp-json\/wp\/v2\/tags?post=6752"}],"curies":[{"name":"wp","href":"https:\/\/api.w.org\/{rel}","templated":true}]}}