{"id":6712,"date":"2025-01-27T10:56:35","date_gmt":"2025-01-27T09:56:35","guid":{"rendered":"https:\/\/agora.xtec.cat\/iescalgravat\/?p=6712"},"modified":"2025-01-27T11:06:14","modified_gmt":"2025-01-27T10:06:14","slug":"final-interna-copa-cangur","status":"publish","type":"post","link":"https:\/\/agora.xtec.cat\/iescalgravat\/general\/final-interna-copa-cangur\/","title":{"rendered":"FINAL INTERNA COPA CANGUR"},"content":{"rendered":"<p><span data-sheets-root=\"1\">Cal Gravat celebra la seva final per seleccionar els representants a la Copa Cangur! Hem viscut un moment molt especial en organitzar <\/span><span data-sheets-root=\"1\">una final particular per decidir qui representar\u00e0 el centre a la competici\u00f3 de la Copa Cangur, que es dur\u00e0 a terme a Manresa el proper 29 de gener.<br \/>\nLa Copa Cangur \u00e9s una competici\u00f3 matem\u00e0tica per equips que desafia estudiants d\u2019ESO i batxillerat a resoldre problemes matem\u00e0tics enginyosos en un temps limitat. L\u2019objectiu principal d\u2019aquesta prova \u00e9s fomentar l\u2019inter\u00e8s i el gust per les matem\u00e0tiques, aix\u00ed com desenvolupar el treball en equip, el pensament cr\u00edtic i la creativitat.<br \/>\nDurant la final interna, els equips participants han demostrat no nom\u00e9s les seves habilitats matem\u00e0tiques, sin\u00f3 tamb\u00e9 la seva capacitat per col\u00b7laborar i gestionar l\u2019estr\u00e8s en un ambient competitiu per\u00f2 tamb\u00e9 l\u00fadic i educatiu.<br \/>\nEn conclusi\u00f3, ha estat una experi\u00e8ncia emocionant i enriquidora veure com adolescents gaudien resolent reptes matem\u00e0tics i compartien el seu entusiasme per aprendre. Desitgem molta sort als nostres representants a Manresa!<\/span><\/p>\n\n\t\t<style type=\"text\/css\">\n\t\t\t#gallery-1 {\n\t\t\t\tmargin: auto;\n\t\t\t}\n\t\t\t#gallery-1 .gallery-item {\n\t\t\t\tfloat: left;\n\t\t\t\tmargin-top: 10px;\n\t\t\t\ttext-align: center;\n\t\t\t\twidth: 50%;\n\t\t\t}\n\t\t\t#gallery-1 img {\n\t\t\t\tborder: 2px solid #cfcfcf;\n\t\t\t}\n\t\t\t#gallery-1 .gallery-caption {\n\t\t\t\tmargin-left: 0;\n\t\t\t}\n\t\t\t\/* see gallery_shortcode() in wp-includes\/media.php *\/\n\t\t<\/style>\n\t\t<div id='gallery-1' class='gallery galleryid-6712 gallery-columns-2 gallery-size-large'><dl class='gallery-item'>\n\t\t\t<dt class='gallery-icon landscape'>\n\t\t\t\t<a href='https:\/\/agora.xtec.cat\/iescalgravat\/general\/final-interna-copa-cangur\/attachment\/image0-gerard-girbau-fonts\/'><img loading=\"lazy\" decoding=\"async\" width=\"1024\" height=\"768\" src=\"https:\/\/agora.xtec.cat\/iescalgravat\/wp-content\/uploads\/usu63\/2025\/01\/image0-GERARD-GIRBAU-FONTS-1024x768.jpeg\" class=\"attachment-large size-large\" alt=\"\" srcset=\"https:\/\/agora.xtec.cat\/iescalgravat\/wp-content\/uploads\/usu63\/2025\/01\/image0-GERARD-GIRBAU-FONTS-1024x768.jpeg 1024w, https:\/\/agora.xtec.cat\/iescalgravat\/wp-content\/uploads\/usu63\/2025\/01\/image0-GERARD-GIRBAU-FONTS-300x225.jpeg 300w, https:\/\/agora.xtec.cat\/iescalgravat\/wp-content\/uploads\/usu63\/2025\/01\/image0-GERARD-GIRBAU-FONTS-768x576.jpeg 768w, https:\/\/agora.xtec.cat\/iescalgravat\/wp-content\/uploads\/usu63\/2025\/01\/image0-GERARD-GIRBAU-FONTS-1536x1152.jpeg 1536w, https:\/\/agora.xtec.cat\/iescalgravat\/wp-content\/uploads\/usu63\/2025\/01\/image0-GERARD-GIRBAU-FONTS-200x150.jpeg 200w, https:\/\/agora.xtec.cat\/iescalgravat\/wp-content\/uploads\/usu63\/2025\/01\/image0-GERARD-GIRBAU-FONTS.jpeg 2016w\" sizes=\"auto, (max-width: 1024px) 100vw, 1024px\" \/><\/a>\n\t\t\t<\/dt><\/dl><dl class='gallery-item'>\n\t\t\t<dt class='gallery-icon landscape'>\n\t\t\t\t<a href='https:\/\/agora.xtec.cat\/iescalgravat\/general\/final-interna-copa-cangur\/attachment\/image2-gerard-girbau-fonts\/'><img loading=\"lazy\" decoding=\"async\" width=\"1024\" height=\"768\" src=\"https:\/\/agora.xtec.cat\/iescalgravat\/wp-content\/uploads\/usu63\/2025\/01\/image2-GERARD-GIRBAU-FONTS-1024x768.jpeg\" class=\"attachment-large size-large\" alt=\"\" srcset=\"https:\/\/agora.xtec.cat\/iescalgravat\/wp-content\/uploads\/usu63\/2025\/01\/image2-GERARD-GIRBAU-FONTS-1024x768.jpeg 1024w, https:\/\/agora.xtec.cat\/iescalgravat\/wp-content\/uploads\/usu63\/2025\/01\/image2-GERARD-GIRBAU-FONTS-300x225.jpeg 300w, https:\/\/agora.xtec.cat\/iescalgravat\/wp-content\/uploads\/usu63\/2025\/01\/image2-GERARD-GIRBAU-FONTS-768x576.jpeg 768w, https:\/\/agora.xtec.cat\/iescalgravat\/wp-content\/uploads\/usu63\/2025\/01\/image2-GERARD-GIRBAU-FONTS-1536x1152.jpeg 1536w, https:\/\/agora.xtec.cat\/iescalgravat\/wp-content\/uploads\/usu63\/2025\/01\/image2-GERARD-GIRBAU-FONTS-200x150.jpeg 200w, https:\/\/agora.xtec.cat\/iescalgravat\/wp-content\/uploads\/usu63\/2025\/01\/image2-GERARD-GIRBAU-FONTS.jpeg 2016w\" sizes=\"auto, (max-width: 1024px) 100vw, 1024px\" \/><\/a>\n\t\t\t<\/dt><\/dl><br style=\"clear: both\" \/><dl class='gallery-item'>\n\t\t\t<dt class='gallery-icon landscape'>\n\t\t\t\t<a href='https:\/\/agora.xtec.cat\/iescalgravat\/general\/final-interna-copa-cangur\/attachment\/image5-gerard-girbau-fonts\/'><img loading=\"lazy\" decoding=\"async\" width=\"1024\" height=\"768\" src=\"https:\/\/agora.xtec.cat\/iescalgravat\/wp-content\/uploads\/usu63\/2025\/01\/image5-GERARD-GIRBAU-FONTS-1024x768.jpeg\" class=\"attachment-large size-large\" alt=\"\" srcset=\"https:\/\/agora.xtec.cat\/iescalgravat\/wp-content\/uploads\/usu63\/2025\/01\/image5-GERARD-GIRBAU-FONTS-1024x768.jpeg 1024w, https:\/\/agora.xtec.cat\/iescalgravat\/wp-content\/uploads\/usu63\/2025\/01\/image5-GERARD-GIRBAU-FONTS-300x225.jpeg 300w, https:\/\/agora.xtec.cat\/iescalgravat\/wp-content\/uploads\/usu63\/2025\/01\/image5-GERARD-GIRBAU-FONTS-768x576.jpeg 768w, https:\/\/agora.xtec.cat\/iescalgravat\/wp-content\/uploads\/usu63\/2025\/01\/image5-GERARD-GIRBAU-FONTS-1536x1152.jpeg 1536w, https:\/\/agora.xtec.cat\/iescalgravat\/wp-content\/uploads\/usu63\/2025\/01\/image5-GERARD-GIRBAU-FONTS-200x150.jpeg 200w, https:\/\/agora.xtec.cat\/iescalgravat\/wp-content\/uploads\/usu63\/2025\/01\/image5-GERARD-GIRBAU-FONTS.jpeg 2016w\" sizes=\"auto, (max-width: 1024px) 100vw, 1024px\" \/><\/a>\n\t\t\t<\/dt><\/dl><dl class='gallery-item'>\n\t\t\t<dt class='gallery-icon landscape'>\n\t\t\t\t<a href='https:\/\/agora.xtec.cat\/iescalgravat\/general\/final-interna-copa-cangur\/attachment\/resultatsfinal-gerard-girbau-fonts\/'><img loading=\"lazy\" decoding=\"async\" width=\"1024\" height=\"314\" src=\"https:\/\/agora.xtec.cat\/iescalgravat\/wp-content\/uploads\/usu63\/2025\/01\/resultatsFinal-GERARD-GIRBAU-FONTS-1024x314.png\" class=\"attachment-large size-large\" alt=\"\" srcset=\"https:\/\/agora.xtec.cat\/iescalgravat\/wp-content\/uploads\/usu63\/2025\/01\/resultatsFinal-GERARD-GIRBAU-FONTS-1024x314.png 1024w, https:\/\/agora.xtec.cat\/iescalgravat\/wp-content\/uploads\/usu63\/2025\/01\/resultatsFinal-GERARD-GIRBAU-FONTS-300x92.png 300w, https:\/\/agora.xtec.cat\/iescalgravat\/wp-content\/uploads\/usu63\/2025\/01\/resultatsFinal-GERARD-GIRBAU-FONTS-768x236.png 768w, https:\/\/agora.xtec.cat\/iescalgravat\/wp-content\/uploads\/usu63\/2025\/01\/resultatsFinal-GERARD-GIRBAU-FONTS-1536x471.png 1536w, https:\/\/agora.xtec.cat\/iescalgravat\/wp-content\/uploads\/usu63\/2025\/01\/resultatsFinal-GERARD-GIRBAU-FONTS.png 1688w\" sizes=\"auto, (max-width: 1024px) 100vw, 1024px\" \/><\/a>\n\t\t\t<\/dt><\/dl><br style=\"clear: both\" \/>\n\t\t<\/div>\n\n","protected":false},"excerpt":{"rendered":"<p>Cal Gravat celebra la seva final per seleccionar els representants a la Copa Cangur! Hem viscut un moment molt especial en organitzar una final particular per decidir qui representar\u00e0 el centre a la competici\u00f3 de la Copa Cangur, que es dur\u00e0 a terme a Manresa&hellip;  <a href=\"https:\/\/agora.xtec.cat\/iescalgravat\/general\/final-interna-copa-cangur\/\" title=\"Read FINAL INTERNA COPA CANGUR\">Llegeix m\u00e9s\u00bb<\/a><\/p>\n","protected":false},"author":1,"featured_media":0,"comment_status":"closed","ping_status":"closed","sticky":false,"template":"","format":"standard","meta":{"_bbp_topic_count":0,"_bbp_reply_count":0,"_bbp_total_topic_count":0,"_bbp_total_reply_count":0,"_bbp_voice_count":0,"_bbp_anonymous_reply_count":0,"_bbp_topic_count_hidden":0,"_bbp_reply_count_hidden":0,"_bbp_forum_subforum_count":0,"footnotes":""},"categories":[3,1,29],"tags":[],"class_list":["post-6712","post","type-post","status-publish","format-standard","hentry","category-eso","category-general","category-portada"],"post_mailing_queue_ids":[],"_links":{"self":[{"href":"https:\/\/agora.xtec.cat\/iescalgravat\/wp-json\/wp\/v2\/posts\/6712","targetHints":{"allow":["GET"]}}],"collection":[{"href":"https:\/\/agora.xtec.cat\/iescalgravat\/wp-json\/wp\/v2\/posts"}],"about":[{"href":"https:\/\/agora.xtec.cat\/iescalgravat\/wp-json\/wp\/v2\/types\/post"}],"author":[{"embeddable":true,"href":"https:\/\/agora.xtec.cat\/iescalgravat\/wp-json\/wp\/v2\/users\/1"}],"replies":[{"embeddable":true,"href":"https:\/\/agora.xtec.cat\/iescalgravat\/wp-json\/wp\/v2\/comments?post=6712"}],"version-history":[{"count":2,"href":"https:\/\/agora.xtec.cat\/iescalgravat\/wp-json\/wp\/v2\/posts\/6712\/revisions"}],"predecessor-version":[{"id":6726,"href":"https:\/\/agora.xtec.cat\/iescalgravat\/wp-json\/wp\/v2\/posts\/6712\/revisions\/6726"}],"wp:attachment":[{"href":"https:\/\/agora.xtec.cat\/iescalgravat\/wp-json\/wp\/v2\/media?parent=6712"}],"wp:term":[{"taxonomy":"category","embeddable":true,"href":"https:\/\/agora.xtec.cat\/iescalgravat\/wp-json\/wp\/v2\/categories?post=6712"},{"taxonomy":"post_tag","embeddable":true,"href":"https:\/\/agora.xtec.cat\/iescalgravat\/wp-json\/wp\/v2\/tags?post=6712"}],"curies":[{"name":"wp","href":"https:\/\/api.w.org\/{rel}","templated":true}]}}