{"id":6685,"date":"2025-01-14T15:53:43","date_gmt":"2025-01-14T14:53:43","guid":{"rendered":"https:\/\/agora.xtec.cat\/iescalgravat\/?p=6685"},"modified":"2025-01-14T15:54:42","modified_gmt":"2025-01-14T14:54:42","slug":"nou-perfil-a-la-xarxa-social-bluesky","status":"publish","type":"post","link":"https:\/\/agora.xtec.cat\/iescalgravat\/general\/nou-perfil-a-la-xarxa-social-bluesky\/","title":{"rendered":"NOU PERFIL A LA XARXA SOCIAL BLUESKY"},"content":{"rendered":"<p>Us fem saber que Cal Gravat estrena canal a <a href=\"https:\/\/bsky.app\/profile\/inscalgravat.bsky.social\">Bluesky<\/a>, que funcionar\u00e0 paral\u00b7lelament una temporada amb el de Twitter (X). Com a instituci\u00f3 no compartim la l\u00ednia que els darrers temps est\u00e0 seguint la xarxa esmentada i apostem per una alternativa m\u00e9s democr\u00e0tica, sostenible i que respecti millor la llibertat d&#8217;expressi\u00f3. El compte de Twitter institucional deixar\u00e0 de ser operatiu a finals del present curs.<\/p>\n<p>Podeu accedir al nostre perfil a trav\u00e9s del seg\u00fcent enlla\u00e7: <a href=\"https:\/\/bsky.app\/profile\/inscalgravat.bsky.social\">https:\/\/bsky.app\/profile\/inscalgravat.bsky.social\u00a0<\/a><\/p>\n<p><a href=\"https:\/\/agora.xtec.cat\/iescalgravat\/wp-content\/uploads\/usu63\/2025\/01\/Bluesky_Logo.svg\"><img loading=\"lazy\" decoding=\"async\" class=\"aligncenter wp-image-6686\" src=\"https:\/\/agora.xtec.cat\/iescalgravat\/wp-content\/uploads\/usu63\/2025\/01\/Bluesky_Logo.svg\" alt=\"\" width=\"600\" height=\"530\" \/><\/a><\/p>\n","protected":false},"excerpt":{"rendered":"<p>Us fem saber que Cal Gravat estrena canal a <a href=\"https:\/\/bsky.app\/profile\/inscalgravat.bsky.social\">Bluesky<\/a>, que funcionar\u00e0 paral\u00b7lelament una temporada amb el de Twitter (X). Com a instituci\u00f3 no compartim la l\u00ednia que els darrers temps est\u00e0 seguint la xarxa esmentada i apostem per una alternativa m\u00e9s democr\u00e0tica, sostenible&hellip;  <a href=\"https:\/\/agora.xtec.cat\/iescalgravat\/general\/nou-perfil-a-la-xarxa-social-bluesky\/\" title=\"Read NOU PERFIL A LA XARXA SOCIAL BLUESKY\">Llegeix m\u00e9s\u00bb<\/a><\/p>\n","protected":false},"author":1,"featured_media":0,"comment_status":"closed","ping_status":"closed","sticky":false,"template":"","format":"standard","meta":{"_bbp_topic_count":0,"_bbp_reply_count":0,"_bbp_total_topic_count":0,"_bbp_total_reply_count":0,"_bbp_voice_count":0,"_bbp_anonymous_reply_count":0,"_bbp_topic_count_hidden":0,"_bbp_reply_count_hidden":0,"_bbp_forum_subforum_count":0,"footnotes":""},"categories":[1,29],"tags":[],"class_list":["post-6685","post","type-post","status-publish","format-standard","hentry","category-general","category-portada"],"post_mailing_queue_ids":[],"_links":{"self":[{"href":"https:\/\/agora.xtec.cat\/iescalgravat\/wp-json\/wp\/v2\/posts\/6685","targetHints":{"allow":["GET"]}}],"collection":[{"href":"https:\/\/agora.xtec.cat\/iescalgravat\/wp-json\/wp\/v2\/posts"}],"about":[{"href":"https:\/\/agora.xtec.cat\/iescalgravat\/wp-json\/wp\/v2\/types\/post"}],"author":[{"embeddable":true,"href":"https:\/\/agora.xtec.cat\/iescalgravat\/wp-json\/wp\/v2\/users\/1"}],"replies":[{"embeddable":true,"href":"https:\/\/agora.xtec.cat\/iescalgravat\/wp-json\/wp\/v2\/comments?post=6685"}],"version-history":[{"count":2,"href":"https:\/\/agora.xtec.cat\/iescalgravat\/wp-json\/wp\/v2\/posts\/6685\/revisions"}],"predecessor-version":[{"id":6693,"href":"https:\/\/agora.xtec.cat\/iescalgravat\/wp-json\/wp\/v2\/posts\/6685\/revisions\/6693"}],"wp:attachment":[{"href":"https:\/\/agora.xtec.cat\/iescalgravat\/wp-json\/wp\/v2\/media?parent=6685"}],"wp:term":[{"taxonomy":"category","embeddable":true,"href":"https:\/\/agora.xtec.cat\/iescalgravat\/wp-json\/wp\/v2\/categories?post=6685"},{"taxonomy":"post_tag","embeddable":true,"href":"https:\/\/agora.xtec.cat\/iescalgravat\/wp-json\/wp\/v2\/tags?post=6685"}],"curies":[{"name":"wp","href":"https:\/\/api.w.org\/{rel}","templated":true}]}}