{"id":6678,"date":"2025-01-14T15:41:56","date_gmt":"2025-01-14T14:41:56","guid":{"rendered":"https:\/\/agora.xtec.cat\/iescalgravat\/?p=6678"},"modified":"2025-01-14T15:41:56","modified_gmt":"2025-01-14T14:41:56","slug":"taller-de-festes-i-tradicions-del-regne-unit","status":"publish","type":"post","link":"https:\/\/agora.xtec.cat\/iescalgravat\/general\/taller-de-festes-i-tradicions-del-regne-unit\/","title":{"rendered":"TALLER DE FESTES I TRADICIONS DEL REGNE UNIT"},"content":{"rendered":"<p>Dimecres 8 de gener hem anat a la biblioteca a fer un taller sobre festes tradicionals del Regne Unit (Halloween, St. Patrick&#8217;s Day, etc.). All\u00e0 ens han explicat d&#8217;on venen les tradicions, qu\u00e8 es fa els dies festius (decoracions, balls, etc.), si els nens van o no a escola, etc. Tota la xerrada ha estat en angl\u00e8s i ha estat molt din\u00e0mica perqu\u00e8 el Danny ens ha anat fent preguntes sobre el que anava explicant. El taller ha estat molt divertit i tot i que el Danny nom\u00e9s parlava angl\u00e8s l&#8217;hem ent\u00e8s molt b\u00e9 perqu\u00e8 s&#8217;adaptava al nostre nivell.<\/p>\n<p>Llibert Brunet<\/p>\n\n\t\t<style type=\"text\/css\">\n\t\t\t#gallery-1 {\n\t\t\t\tmargin: auto;\n\t\t\t}\n\t\t\t#gallery-1 .gallery-item {\n\t\t\t\tfloat: left;\n\t\t\t\tmargin-top: 10px;\n\t\t\t\ttext-align: center;\n\t\t\t\twidth: 50%;\n\t\t\t}\n\t\t\t#gallery-1 img {\n\t\t\t\tborder: 2px solid #cfcfcf;\n\t\t\t}\n\t\t\t#gallery-1 .gallery-caption {\n\t\t\t\tmargin-left: 0;\n\t\t\t}\n\t\t\t\/* see gallery_shortcode() in wp-includes\/media.php *\/\n\t\t<\/style>\n\t\t<div id='gallery-1' class='gallery galleryid-6678 gallery-columns-2 gallery-size-large'><dl class='gallery-item'>\n\t\t\t<dt class='gallery-icon landscape'>\n\t\t\t\t<a href='https:\/\/agora.xtec.cat\/iescalgravat\/general\/taller-de-festes-i-tradicions-del-regne-unit\/attachment\/whatsapp-image-2025-01-10-at-14-45-12-joana-angrill-farreny\/'><img loading=\"lazy\" decoding=\"async\" width=\"1024\" height=\"768\" src=\"https:\/\/agora.xtec.cat\/iescalgravat\/wp-content\/uploads\/usu63\/2025\/01\/WhatsApp-Image-2025-01-10-at-14.45.12-JOANA-ANGRILL-FARRENY-1024x768.jpeg\" class=\"attachment-large size-large\" alt=\"\" srcset=\"https:\/\/agora.xtec.cat\/iescalgravat\/wp-content\/uploads\/usu63\/2025\/01\/WhatsApp-Image-2025-01-10-at-14.45.12-JOANA-ANGRILL-FARRENY-1024x768.jpeg 1024w, https:\/\/agora.xtec.cat\/iescalgravat\/wp-content\/uploads\/usu63\/2025\/01\/WhatsApp-Image-2025-01-10-at-14.45.12-JOANA-ANGRILL-FARRENY-300x225.jpeg 300w, https:\/\/agora.xtec.cat\/iescalgravat\/wp-content\/uploads\/usu63\/2025\/01\/WhatsApp-Image-2025-01-10-at-14.45.12-JOANA-ANGRILL-FARRENY-768x576.jpeg 768w, https:\/\/agora.xtec.cat\/iescalgravat\/wp-content\/uploads\/usu63\/2025\/01\/WhatsApp-Image-2025-01-10-at-14.45.12-JOANA-ANGRILL-FARRENY-1536x1152.jpeg 1536w, https:\/\/agora.xtec.cat\/iescalgravat\/wp-content\/uploads\/usu63\/2025\/01\/WhatsApp-Image-2025-01-10-at-14.45.12-JOANA-ANGRILL-FARRENY-200x150.jpeg 200w, https:\/\/agora.xtec.cat\/iescalgravat\/wp-content\/uploads\/usu63\/2025\/01\/WhatsApp-Image-2025-01-10-at-14.45.12-JOANA-ANGRILL-FARRENY.jpeg 1600w\" sizes=\"auto, (max-width: 1024px) 100vw, 1024px\" \/><\/a>\n\t\t\t<\/dt><\/dl><dl class='gallery-item'>\n\t\t\t<dt class='gallery-icon landscape'>\n\t\t\t\t<a href='https:\/\/agora.xtec.cat\/iescalgravat\/general\/taller-de-festes-i-tradicions-del-regne-unit\/attachment\/whatsapp-image-2025-01-10-at-14-45-12-2-joana-angrill-farreny\/'><img loading=\"lazy\" decoding=\"async\" width=\"1024\" height=\"768\" src=\"https:\/\/agora.xtec.cat\/iescalgravat\/wp-content\/uploads\/usu63\/2025\/01\/WhatsApp-Image-2025-01-10-at-14.45.12-2-JOANA-ANGRILL-FARRENY-1024x768.jpeg\" class=\"attachment-large size-large\" alt=\"\" srcset=\"https:\/\/agora.xtec.cat\/iescalgravat\/wp-content\/uploads\/usu63\/2025\/01\/WhatsApp-Image-2025-01-10-at-14.45.12-2-JOANA-ANGRILL-FARRENY-1024x768.jpeg 1024w, https:\/\/agora.xtec.cat\/iescalgravat\/wp-content\/uploads\/usu63\/2025\/01\/WhatsApp-Image-2025-01-10-at-14.45.12-2-JOANA-ANGRILL-FARRENY-300x225.jpeg 300w, https:\/\/agora.xtec.cat\/iescalgravat\/wp-content\/uploads\/usu63\/2025\/01\/WhatsApp-Image-2025-01-10-at-14.45.12-2-JOANA-ANGRILL-FARRENY-768x576.jpeg 768w, https:\/\/agora.xtec.cat\/iescalgravat\/wp-content\/uploads\/usu63\/2025\/01\/WhatsApp-Image-2025-01-10-at-14.45.12-2-JOANA-ANGRILL-FARRENY-1536x1152.jpeg 1536w, https:\/\/agora.xtec.cat\/iescalgravat\/wp-content\/uploads\/usu63\/2025\/01\/WhatsApp-Image-2025-01-10-at-14.45.12-2-JOANA-ANGRILL-FARRENY-200x150.jpeg 200w, https:\/\/agora.xtec.cat\/iescalgravat\/wp-content\/uploads\/usu63\/2025\/01\/WhatsApp-Image-2025-01-10-at-14.45.12-2-JOANA-ANGRILL-FARRENY.jpeg 1600w\" sizes=\"auto, (max-width: 1024px) 100vw, 1024px\" \/><\/a>\n\t\t\t<\/dt><\/dl><br style=\"clear: both\" \/><dl class='gallery-item'>\n\t\t\t<dt class='gallery-icon landscape'>\n\t\t\t\t<a href='https:\/\/agora.xtec.cat\/iescalgravat\/general\/taller-de-festes-i-tradicions-del-regne-unit\/attachment\/whatsapp-image-2025-01-10-at-14-45-13-joana-angrill-farreny\/'><img loading=\"lazy\" decoding=\"async\" width=\"1024\" height=\"768\" src=\"https:\/\/agora.xtec.cat\/iescalgravat\/wp-content\/uploads\/usu63\/2025\/01\/WhatsApp-Image-2025-01-10-at-14.45.13-JOANA-ANGRILL-FARRENY-1024x768.jpeg\" class=\"attachment-large size-large\" alt=\"\" srcset=\"https:\/\/agora.xtec.cat\/iescalgravat\/wp-content\/uploads\/usu63\/2025\/01\/WhatsApp-Image-2025-01-10-at-14.45.13-JOANA-ANGRILL-FARRENY-1024x768.jpeg 1024w, https:\/\/agora.xtec.cat\/iescalgravat\/wp-content\/uploads\/usu63\/2025\/01\/WhatsApp-Image-2025-01-10-at-14.45.13-JOANA-ANGRILL-FARRENY-300x225.jpeg 300w, https:\/\/agora.xtec.cat\/iescalgravat\/wp-content\/uploads\/usu63\/2025\/01\/WhatsApp-Image-2025-01-10-at-14.45.13-JOANA-ANGRILL-FARRENY-768x576.jpeg 768w, https:\/\/agora.xtec.cat\/iescalgravat\/wp-content\/uploads\/usu63\/2025\/01\/WhatsApp-Image-2025-01-10-at-14.45.13-JOANA-ANGRILL-FARRENY-1536x1152.jpeg 1536w, https:\/\/agora.xtec.cat\/iescalgravat\/wp-content\/uploads\/usu63\/2025\/01\/WhatsApp-Image-2025-01-10-at-14.45.13-JOANA-ANGRILL-FARRENY-200x150.jpeg 200w, https:\/\/agora.xtec.cat\/iescalgravat\/wp-content\/uploads\/usu63\/2025\/01\/WhatsApp-Image-2025-01-10-at-14.45.13-JOANA-ANGRILL-FARRENY.jpeg 1600w\" sizes=\"auto, (max-width: 1024px) 100vw, 1024px\" \/><\/a>\n\t\t\t<\/dt><\/dl><dl class='gallery-item'>\n\t\t\t<dt class='gallery-icon landscape'>\n\t\t\t\t<a href='https:\/\/agora.xtec.cat\/iescalgravat\/general\/taller-de-festes-i-tradicions-del-regne-unit\/attachment\/whatsapp-image-2025-01-10-at-14-45-13-1-joana-angrill-farreny\/'><img loading=\"lazy\" decoding=\"async\" width=\"1024\" height=\"768\" src=\"https:\/\/agora.xtec.cat\/iescalgravat\/wp-content\/uploads\/usu63\/2025\/01\/WhatsApp-Image-2025-01-10-at-14.45.13-1-JOANA-ANGRILL-FARRENY-1024x768.jpeg\" class=\"attachment-large size-large\" alt=\"\" srcset=\"https:\/\/agora.xtec.cat\/iescalgravat\/wp-content\/uploads\/usu63\/2025\/01\/WhatsApp-Image-2025-01-10-at-14.45.13-1-JOANA-ANGRILL-FARRENY-1024x768.jpeg 1024w, https:\/\/agora.xtec.cat\/iescalgravat\/wp-content\/uploads\/usu63\/2025\/01\/WhatsApp-Image-2025-01-10-at-14.45.13-1-JOANA-ANGRILL-FARRENY-300x225.jpeg 300w, https:\/\/agora.xtec.cat\/iescalgravat\/wp-content\/uploads\/usu63\/2025\/01\/WhatsApp-Image-2025-01-10-at-14.45.13-1-JOANA-ANGRILL-FARRENY-768x576.jpeg 768w, https:\/\/agora.xtec.cat\/iescalgravat\/wp-content\/uploads\/usu63\/2025\/01\/WhatsApp-Image-2025-01-10-at-14.45.13-1-JOANA-ANGRILL-FARRENY-1536x1152.jpeg 1536w, https:\/\/agora.xtec.cat\/iescalgravat\/wp-content\/uploads\/usu63\/2025\/01\/WhatsApp-Image-2025-01-10-at-14.45.13-1-JOANA-ANGRILL-FARRENY-200x150.jpeg 200w, https:\/\/agora.xtec.cat\/iescalgravat\/wp-content\/uploads\/usu63\/2025\/01\/WhatsApp-Image-2025-01-10-at-14.45.13-1-JOANA-ANGRILL-FARRENY.jpeg 1600w\" sizes=\"auto, (max-width: 1024px) 100vw, 1024px\" \/><\/a>\n\t\t\t<\/dt><\/dl><br style=\"clear: both\" \/>\n\t\t<\/div>\n\n","protected":false},"excerpt":{"rendered":"<p>Dimecres 8 de gener hem anat a la biblioteca a fer un taller sobre festes tradicionals del Regne Unit (Halloween, St. Patrick&#8217;s Day, etc.). All\u00e0 ens han explicat d&#8217;on venen les tradicions, qu\u00e8 es fa els dies festius (decoracions, balls, etc.), si els nens van&hellip;  <a href=\"https:\/\/agora.xtec.cat\/iescalgravat\/general\/taller-de-festes-i-tradicions-del-regne-unit\/\" title=\"Read TALLER DE FESTES I TRADICIONS DEL REGNE UNIT\">Llegeix m\u00e9s\u00bb<\/a><\/p>\n","protected":false},"author":1,"featured_media":0,"comment_status":"closed","ping_status":"closed","sticky":false,"template":"","format":"standard","meta":{"_bbp_topic_count":0,"_bbp_reply_count":0,"_bbp_total_topic_count":0,"_bbp_total_reply_count":0,"_bbp_voice_count":0,"_bbp_anonymous_reply_count":0,"_bbp_topic_count_hidden":0,"_bbp_reply_count_hidden":0,"_bbp_forum_subforum_count":0,"footnotes":""},"categories":[3,1,29],"tags":[],"class_list":["post-6678","post","type-post","status-publish","format-standard","hentry","category-eso","category-general","category-portada"],"post_mailing_queue_ids":[],"_links":{"self":[{"href":"https:\/\/agora.xtec.cat\/iescalgravat\/wp-json\/wp\/v2\/posts\/6678","targetHints":{"allow":["GET"]}}],"collection":[{"href":"https:\/\/agora.xtec.cat\/iescalgravat\/wp-json\/wp\/v2\/posts"}],"about":[{"href":"https:\/\/agora.xtec.cat\/iescalgravat\/wp-json\/wp\/v2\/types\/post"}],"author":[{"embeddable":true,"href":"https:\/\/agora.xtec.cat\/iescalgravat\/wp-json\/wp\/v2\/users\/1"}],"replies":[{"embeddable":true,"href":"https:\/\/agora.xtec.cat\/iescalgravat\/wp-json\/wp\/v2\/comments?post=6678"}],"version-history":[{"count":1,"href":"https:\/\/agora.xtec.cat\/iescalgravat\/wp-json\/wp\/v2\/posts\/6678\/revisions"}],"predecessor-version":[{"id":6683,"href":"https:\/\/agora.xtec.cat\/iescalgravat\/wp-json\/wp\/v2\/posts\/6678\/revisions\/6683"}],"wp:attachment":[{"href":"https:\/\/agora.xtec.cat\/iescalgravat\/wp-json\/wp\/v2\/media?parent=6678"}],"wp:term":[{"taxonomy":"category","embeddable":true,"href":"https:\/\/agora.xtec.cat\/iescalgravat\/wp-json\/wp\/v2\/categories?post=6678"},{"taxonomy":"post_tag","embeddable":true,"href":"https:\/\/agora.xtec.cat\/iescalgravat\/wp-json\/wp\/v2\/tags?post=6678"}],"curies":[{"name":"wp","href":"https:\/\/api.w.org\/{rel}","templated":true}]}}