{"id":6647,"date":"2024-12-20T09:30:20","date_gmt":"2024-12-20T08:30:20","guid":{"rendered":"https:\/\/agora.xtec.cat\/iescalgravat\/?p=6647"},"modified":"2024-12-20T09:30:20","modified_gmt":"2024-12-20T08:30:20","slug":"2n-concurs-de-postals-de-nadal","status":"publish","type":"post","link":"https:\/\/agora.xtec.cat\/iescalgravat\/general\/2n-concurs-de-postals-de-nadal\/","title":{"rendered":"2n CONCURS DE POSTALS DE NADAL"},"content":{"rendered":"<p>Hem atorgat els premis del 2n Concurs de Postals de Nadal, valorant l&#8217;originalitat, la creativitat i la t\u00e8cnica. El primer premi ha sigut per l&#8217;Ainhoa C\u00e9spedes de 1r d&#8217;ESO D, i el 1r i 2n Acc\u00e8ssit ha sigut per la Valeria G\u00f3mez de 1r d&#8217;ESO A, i la In\u00e9s Alamo de 3r d&#8217;ESO C. Enhorabona a les guanyadores i moltes gr\u00e0cies a tots\/es les participants en el concurs.<\/p>\n\n\t\t<style type=\"text\/css\">\n\t\t\t#gallery-1 {\n\t\t\t\tmargin: auto;\n\t\t\t}\n\t\t\t#gallery-1 .gallery-item {\n\t\t\t\tfloat: left;\n\t\t\t\tmargin-top: 10px;\n\t\t\t\ttext-align: center;\n\t\t\t\twidth: 33%;\n\t\t\t}\n\t\t\t#gallery-1 img {\n\t\t\t\tborder: 2px solid #cfcfcf;\n\t\t\t}\n\t\t\t#gallery-1 .gallery-caption {\n\t\t\t\tmargin-left: 0;\n\t\t\t}\n\t\t\t\/* see gallery_shortcode() in wp-includes\/media.php *\/\n\t\t<\/style>\n\t\t<div id='gallery-1' class='gallery galleryid-6647 gallery-columns-3 gallery-size-large'><dl class='gallery-item'>\n\t\t\t<dt class='gallery-icon landscape'>\n\t\t\t\t<a href='https:\/\/agora.xtec.cat\/iescalgravat\/general\/2n-concurs-de-postals-de-nadal\/attachment\/3-miriam-navarro-vacas\/'><img loading=\"lazy\" decoding=\"async\" width=\"1024\" height=\"1024\" src=\"https:\/\/agora.xtec.cat\/iescalgravat\/wp-content\/uploads\/usu63\/2024\/12\/3-MIRIAM-NAVARRO-VACAS-1024x1024.jpg\" class=\"attachment-large size-large\" alt=\"\" srcset=\"https:\/\/agora.xtec.cat\/iescalgravat\/wp-content\/uploads\/usu63\/2024\/12\/3-MIRIAM-NAVARRO-VACAS-1024x1024.jpg 1024w, https:\/\/agora.xtec.cat\/iescalgravat\/wp-content\/uploads\/usu63\/2024\/12\/3-MIRIAM-NAVARRO-VACAS-300x300.jpg 300w, https:\/\/agora.xtec.cat\/iescalgravat\/wp-content\/uploads\/usu63\/2024\/12\/3-MIRIAM-NAVARRO-VACAS-150x150.jpg 150w, https:\/\/agora.xtec.cat\/iescalgravat\/wp-content\/uploads\/usu63\/2024\/12\/3-MIRIAM-NAVARRO-VACAS-768x768.jpg 768w, https:\/\/agora.xtec.cat\/iescalgravat\/wp-content\/uploads\/usu63\/2024\/12\/3-MIRIAM-NAVARRO-VACAS.jpg 1080w\" sizes=\"auto, (max-width: 1024px) 100vw, 1024px\" \/><\/a>\n\t\t\t<\/dt><\/dl><dl class='gallery-item'>\n\t\t\t<dt class='gallery-icon landscape'>\n\t\t\t\t<a href='https:\/\/agora.xtec.cat\/iescalgravat\/general\/2n-concurs-de-postals-de-nadal\/attachment\/2-miriam-navarro-vacas\/'><img loading=\"lazy\" decoding=\"async\" width=\"1024\" height=\"1024\" src=\"https:\/\/agora.xtec.cat\/iescalgravat\/wp-content\/uploads\/usu63\/2024\/12\/2-MIRIAM-NAVARRO-VACAS-1024x1024.jpg\" class=\"attachment-large size-large\" alt=\"\" srcset=\"https:\/\/agora.xtec.cat\/iescalgravat\/wp-content\/uploads\/usu63\/2024\/12\/2-MIRIAM-NAVARRO-VACAS-1024x1024.jpg 1024w, https:\/\/agora.xtec.cat\/iescalgravat\/wp-content\/uploads\/usu63\/2024\/12\/2-MIRIAM-NAVARRO-VACAS-300x300.jpg 300w, https:\/\/agora.xtec.cat\/iescalgravat\/wp-content\/uploads\/usu63\/2024\/12\/2-MIRIAM-NAVARRO-VACAS-150x150.jpg 150w, https:\/\/agora.xtec.cat\/iescalgravat\/wp-content\/uploads\/usu63\/2024\/12\/2-MIRIAM-NAVARRO-VACAS-768x768.jpg 768w, https:\/\/agora.xtec.cat\/iescalgravat\/wp-content\/uploads\/usu63\/2024\/12\/2-MIRIAM-NAVARRO-VACAS.jpg 1080w\" sizes=\"auto, (max-width: 1024px) 100vw, 1024px\" \/><\/a>\n\t\t\t<\/dt><\/dl><dl class='gallery-item'>\n\t\t\t<dt class='gallery-icon landscape'>\n\t\t\t\t<a href='https:\/\/agora.xtec.cat\/iescalgravat\/general\/2n-concurs-de-postals-de-nadal\/attachment\/1-miriam-navarro-vacas\/'><img loading=\"lazy\" decoding=\"async\" width=\"1024\" height=\"1024\" src=\"https:\/\/agora.xtec.cat\/iescalgravat\/wp-content\/uploads\/usu63\/2024\/12\/1-MIRIAM-NAVARRO-VACAS-1024x1024.jpg\" class=\"attachment-large size-large\" alt=\"\" srcset=\"https:\/\/agora.xtec.cat\/iescalgravat\/wp-content\/uploads\/usu63\/2024\/12\/1-MIRIAM-NAVARRO-VACAS-1024x1024.jpg 1024w, https:\/\/agora.xtec.cat\/iescalgravat\/wp-content\/uploads\/usu63\/2024\/12\/1-MIRIAM-NAVARRO-VACAS-300x300.jpg 300w, https:\/\/agora.xtec.cat\/iescalgravat\/wp-content\/uploads\/usu63\/2024\/12\/1-MIRIAM-NAVARRO-VACAS-150x150.jpg 150w, https:\/\/agora.xtec.cat\/iescalgravat\/wp-content\/uploads\/usu63\/2024\/12\/1-MIRIAM-NAVARRO-VACAS-768x768.jpg 768w, https:\/\/agora.xtec.cat\/iescalgravat\/wp-content\/uploads\/usu63\/2024\/12\/1-MIRIAM-NAVARRO-VACAS.jpg 1080w\" sizes=\"auto, (max-width: 1024px) 100vw, 1024px\" \/><\/a>\n\t\t\t<\/dt><\/dl><br style=\"clear: both\" \/><dl class='gallery-item'>\n\t\t\t<dt class='gallery-icon portrait'>\n\t\t\t\t<a href='https:\/\/agora.xtec.cat\/iescalgravat\/general\/2n-concurs-de-postals-de-nadal\/attachment\/concurspostals2024-miriam-navarro-vacas\/'><img loading=\"lazy\" decoding=\"async\" width=\"768\" height=\"1024\" src=\"https:\/\/agora.xtec.cat\/iescalgravat\/wp-content\/uploads\/usu63\/2024\/12\/ConcursPostals2024-MIRIAM-NAVARRO-VACAS-768x1024.jpeg\" class=\"attachment-large size-large\" alt=\"\" srcset=\"https:\/\/agora.xtec.cat\/iescalgravat\/wp-content\/uploads\/usu63\/2024\/12\/ConcursPostals2024-MIRIAM-NAVARRO-VACAS-768x1024.jpeg 768w, https:\/\/agora.xtec.cat\/iescalgravat\/wp-content\/uploads\/usu63\/2024\/12\/ConcursPostals2024-MIRIAM-NAVARRO-VACAS-225x300.jpeg 225w, https:\/\/agora.xtec.cat\/iescalgravat\/wp-content\/uploads\/usu63\/2024\/12\/ConcursPostals2024-MIRIAM-NAVARRO-VACAS-1152x1536.jpeg 1152w, https:\/\/agora.xtec.cat\/iescalgravat\/wp-content\/uploads\/usu63\/2024\/12\/ConcursPostals2024-MIRIAM-NAVARRO-VACAS.jpeg 1200w\" sizes=\"auto, (max-width: 768px) 100vw, 768px\" \/><\/a>\n\t\t\t<\/dt><\/dl>\n\t\t\t<br style='clear: both' \/>\n\t\t<\/div>\n\n","protected":false},"excerpt":{"rendered":"<p>Hem atorgat els premis del 2n Concurs de Postals de Nadal, valorant l&#8217;originalitat, la creativitat i la t\u00e8cnica. El primer premi ha sigut per l&#8217;Ainhoa C\u00e9spedes de 1r d&#8217;ESO D, i el 1r i 2n Acc\u00e8ssit ha sigut per la Valeria G\u00f3mez de 1r d&#8217;ESO&hellip;  <a href=\"https:\/\/agora.xtec.cat\/iescalgravat\/general\/2n-concurs-de-postals-de-nadal\/\" title=\"Read 2n CONCURS DE POSTALS DE NADAL\">Llegeix m\u00e9s\u00bb<\/a><\/p>\n","protected":false},"author":1,"featured_media":0,"comment_status":"open","ping_status":"closed","sticky":false,"template":"","format":"standard","meta":{"_bbp_topic_count":0,"_bbp_reply_count":0,"_bbp_total_topic_count":0,"_bbp_total_reply_count":0,"_bbp_voice_count":0,"_bbp_anonymous_reply_count":0,"_bbp_topic_count_hidden":0,"_bbp_reply_count_hidden":0,"_bbp_forum_subforum_count":0,"footnotes":""},"categories":[3,1,29],"tags":[],"class_list":["post-6647","post","type-post","status-publish","format-standard","hentry","category-eso","category-general","category-portada"],"post_mailing_queue_ids":[],"_links":{"self":[{"href":"https:\/\/agora.xtec.cat\/iescalgravat\/wp-json\/wp\/v2\/posts\/6647","targetHints":{"allow":["GET"]}}],"collection":[{"href":"https:\/\/agora.xtec.cat\/iescalgravat\/wp-json\/wp\/v2\/posts"}],"about":[{"href":"https:\/\/agora.xtec.cat\/iescalgravat\/wp-json\/wp\/v2\/types\/post"}],"author":[{"embeddable":true,"href":"https:\/\/agora.xtec.cat\/iescalgravat\/wp-json\/wp\/v2\/users\/1"}],"replies":[{"embeddable":true,"href":"https:\/\/agora.xtec.cat\/iescalgravat\/wp-json\/wp\/v2\/comments?post=6647"}],"version-history":[{"count":1,"href":"https:\/\/agora.xtec.cat\/iescalgravat\/wp-json\/wp\/v2\/posts\/6647\/revisions"}],"predecessor-version":[{"id":6652,"href":"https:\/\/agora.xtec.cat\/iescalgravat\/wp-json\/wp\/v2\/posts\/6647\/revisions\/6652"}],"wp:attachment":[{"href":"https:\/\/agora.xtec.cat\/iescalgravat\/wp-json\/wp\/v2\/media?parent=6647"}],"wp:term":[{"taxonomy":"category","embeddable":true,"href":"https:\/\/agora.xtec.cat\/iescalgravat\/wp-json\/wp\/v2\/categories?post=6647"},{"taxonomy":"post_tag","embeddable":true,"href":"https:\/\/agora.xtec.cat\/iescalgravat\/wp-json\/wp\/v2\/tags?post=6647"}],"curies":[{"name":"wp","href":"https:\/\/api.w.org\/{rel}","templated":true}]}}