{"id":6639,"date":"2024-12-13T12:21:27","date_gmt":"2024-12-13T11:21:27","guid":{"rendered":"https:\/\/agora.xtec.cat\/iescalgravat\/?p=6639"},"modified":"2024-12-13T12:21:27","modified_gmt":"2024-12-13T11:21:27","slug":"visita-al-cosmocaixa","status":"publish","type":"post","link":"https:\/\/agora.xtec.cat\/iescalgravat\/general\/visita-al-cosmocaixa\/","title":{"rendered":"VISITA AL COSMOCAIXA"},"content":{"rendered":"<p>L&#8217;alumnat de 2n d&#8217;ESO hem visitat el Museu de la Ci\u00e8ncia-Cosmocaixa. Al llarg de la jornada hem visitat el Museu de la Ci\u00e8ncia i el bosc inundat que es troba al mateix recinte. Tamb\u00e9 hem fet dos tallers molt interessants sobre pressi\u00f3 atmosf\u00e8rica i reaccions qu\u00edmiques i ens hem convertit en cient\u00edfics i cient\u00edfiques per unes hores.<\/p>\n\n\t\t<style type=\"text\/css\">\n\t\t\t#gallery-1 {\n\t\t\t\tmargin: auto;\n\t\t\t}\n\t\t\t#gallery-1 .gallery-item {\n\t\t\t\tfloat: left;\n\t\t\t\tmargin-top: 10px;\n\t\t\t\ttext-align: center;\n\t\t\t\twidth: 33%;\n\t\t\t}\n\t\t\t#gallery-1 img {\n\t\t\t\tborder: 2px solid #cfcfcf;\n\t\t\t}\n\t\t\t#gallery-1 .gallery-caption {\n\t\t\t\tmargin-left: 0;\n\t\t\t}\n\t\t\t\/* see gallery_shortcode() in wp-includes\/media.php *\/\n\t\t<\/style>\n\t\t<div id='gallery-1' class='gallery galleryid-6639 gallery-columns-3 gallery-size-medium'><dl class='gallery-item'>\n\t\t\t<dt class='gallery-icon landscape'>\n\t\t\t\t<a href='https:\/\/agora.xtec.cat\/iescalgravat\/general\/visita-al-cosmocaixa\/attachment\/cosmocaixa-1-mia-comellas\/'><img loading=\"lazy\" decoding=\"async\" width=\"300\" height=\"225\" src=\"https:\/\/agora.xtec.cat\/iescalgravat\/wp-content\/uploads\/usu63\/2024\/12\/Cosmocaixa-1-Mia-Comellas-300x225.jpg\" class=\"attachment-medium size-medium\" alt=\"\" srcset=\"https:\/\/agora.xtec.cat\/iescalgravat\/wp-content\/uploads\/usu63\/2024\/12\/Cosmocaixa-1-Mia-Comellas-300x225.jpg 300w, https:\/\/agora.xtec.cat\/iescalgravat\/wp-content\/uploads\/usu63\/2024\/12\/Cosmocaixa-1-Mia-Comellas-1024x768.jpg 1024w, https:\/\/agora.xtec.cat\/iescalgravat\/wp-content\/uploads\/usu63\/2024\/12\/Cosmocaixa-1-Mia-Comellas-768x576.jpg 768w, https:\/\/agora.xtec.cat\/iescalgravat\/wp-content\/uploads\/usu63\/2024\/12\/Cosmocaixa-1-Mia-Comellas-1536x1152.jpg 1536w, https:\/\/agora.xtec.cat\/iescalgravat\/wp-content\/uploads\/usu63\/2024\/12\/Cosmocaixa-1-Mia-Comellas-2048x1536.jpg 2048w, https:\/\/agora.xtec.cat\/iescalgravat\/wp-content\/uploads\/usu63\/2024\/12\/Cosmocaixa-1-Mia-Comellas-200x150.jpg 200w\" sizes=\"auto, (max-width: 300px) 100vw, 300px\" \/><\/a>\n\t\t\t<\/dt><\/dl><dl class='gallery-item'>\n\t\t\t<dt class='gallery-icon portrait'>\n\t\t\t\t<a href='https:\/\/agora.xtec.cat\/iescalgravat\/general\/visita-al-cosmocaixa\/attachment\/cosmocaixa-2-mia-comellas\/'><img loading=\"lazy\" decoding=\"async\" width=\"225\" height=\"300\" src=\"https:\/\/agora.xtec.cat\/iescalgravat\/wp-content\/uploads\/usu63\/2024\/12\/Cosmocaixa-2-Mia-Comellas-scaled-e1734088859142-225x300.jpg\" class=\"attachment-medium size-medium\" alt=\"\" srcset=\"https:\/\/agora.xtec.cat\/iescalgravat\/wp-content\/uploads\/usu63\/2024\/12\/Cosmocaixa-2-Mia-Comellas-scaled-e1734088859142-225x300.jpg 225w, https:\/\/agora.xtec.cat\/iescalgravat\/wp-content\/uploads\/usu63\/2024\/12\/Cosmocaixa-2-Mia-Comellas-scaled-e1734088859142-768x1024.jpg 768w, https:\/\/agora.xtec.cat\/iescalgravat\/wp-content\/uploads\/usu63\/2024\/12\/Cosmocaixa-2-Mia-Comellas-scaled-e1734088859142-1152x1536.jpg 1152w, https:\/\/agora.xtec.cat\/iescalgravat\/wp-content\/uploads\/usu63\/2024\/12\/Cosmocaixa-2-Mia-Comellas-scaled-e1734088859142-1536x2048.jpg 1536w, https:\/\/agora.xtec.cat\/iescalgravat\/wp-content\/uploads\/usu63\/2024\/12\/Cosmocaixa-2-Mia-Comellas-scaled-e1734088859142.jpg 1920w\" sizes=\"auto, (max-width: 225px) 100vw, 225px\" \/><\/a>\n\t\t\t<\/dt><\/dl><dl class='gallery-item'>\n\t\t\t<dt class='gallery-icon landscape'>\n\t\t\t\t<a href='https:\/\/agora.xtec.cat\/iescalgravat\/general\/visita-al-cosmocaixa\/attachment\/cosmocaixa-3-mia-comellas\/'><img loading=\"lazy\" decoding=\"async\" width=\"300\" height=\"225\" src=\"https:\/\/agora.xtec.cat\/iescalgravat\/wp-content\/uploads\/usu63\/2024\/12\/Cosmocaixa-3-Mia-Comellas-300x225.jpg\" class=\"attachment-medium size-medium\" alt=\"\" srcset=\"https:\/\/agora.xtec.cat\/iescalgravat\/wp-content\/uploads\/usu63\/2024\/12\/Cosmocaixa-3-Mia-Comellas-300x225.jpg 300w, https:\/\/agora.xtec.cat\/iescalgravat\/wp-content\/uploads\/usu63\/2024\/12\/Cosmocaixa-3-Mia-Comellas-1024x768.jpg 1024w, https:\/\/agora.xtec.cat\/iescalgravat\/wp-content\/uploads\/usu63\/2024\/12\/Cosmocaixa-3-Mia-Comellas-768x576.jpg 768w, https:\/\/agora.xtec.cat\/iescalgravat\/wp-content\/uploads\/usu63\/2024\/12\/Cosmocaixa-3-Mia-Comellas-1536x1152.jpg 1536w, https:\/\/agora.xtec.cat\/iescalgravat\/wp-content\/uploads\/usu63\/2024\/12\/Cosmocaixa-3-Mia-Comellas-2048x1536.jpg 2048w, https:\/\/agora.xtec.cat\/iescalgravat\/wp-content\/uploads\/usu63\/2024\/12\/Cosmocaixa-3-Mia-Comellas-200x150.jpg 200w\" sizes=\"auto, (max-width: 300px) 100vw, 300px\" \/><\/a>\n\t\t\t<\/dt><\/dl><br style=\"clear: both\" \/><dl class='gallery-item'>\n\t\t\t<dt class='gallery-icon portrait'>\n\t\t\t\t<a href='https:\/\/agora.xtec.cat\/iescalgravat\/general\/visita-al-cosmocaixa\/attachment\/cosmocaixa-4-mia-comellas\/'><img loading=\"lazy\" decoding=\"async\" width=\"225\" height=\"300\" src=\"https:\/\/agora.xtec.cat\/iescalgravat\/wp-content\/uploads\/usu63\/2024\/12\/Cosmocaixa-4-Mia-Comellas-scaled-e1734088870559-225x300.jpg\" class=\"attachment-medium size-medium\" alt=\"\" srcset=\"https:\/\/agora.xtec.cat\/iescalgravat\/wp-content\/uploads\/usu63\/2024\/12\/Cosmocaixa-4-Mia-Comellas-scaled-e1734088870559-225x300.jpg 225w, https:\/\/agora.xtec.cat\/iescalgravat\/wp-content\/uploads\/usu63\/2024\/12\/Cosmocaixa-4-Mia-Comellas-scaled-e1734088870559-768x1024.jpg 768w, https:\/\/agora.xtec.cat\/iescalgravat\/wp-content\/uploads\/usu63\/2024\/12\/Cosmocaixa-4-Mia-Comellas-scaled-e1734088870559-1152x1536.jpg 1152w, https:\/\/agora.xtec.cat\/iescalgravat\/wp-content\/uploads\/usu63\/2024\/12\/Cosmocaixa-4-Mia-Comellas-scaled-e1734088870559-1536x2048.jpg 1536w, https:\/\/agora.xtec.cat\/iescalgravat\/wp-content\/uploads\/usu63\/2024\/12\/Cosmocaixa-4-Mia-Comellas-scaled-e1734088870559.jpg 1920w\" sizes=\"auto, (max-width: 225px) 100vw, 225px\" \/><\/a>\n\t\t\t<\/dt><\/dl><dl class='gallery-item'>\n\t\t\t<dt class='gallery-icon landscape'>\n\t\t\t\t<a href='https:\/\/agora.xtec.cat\/iescalgravat\/general\/visita-al-cosmocaixa\/attachment\/cosmocaixa-5-mia-comellas\/'><img loading=\"lazy\" decoding=\"async\" width=\"300\" height=\"225\" src=\"https:\/\/agora.xtec.cat\/iescalgravat\/wp-content\/uploads\/usu63\/2024\/12\/Cosmocaixa-5-Mia-Comellas-300x225.jpg\" class=\"attachment-medium size-medium\" alt=\"\" srcset=\"https:\/\/agora.xtec.cat\/iescalgravat\/wp-content\/uploads\/usu63\/2024\/12\/Cosmocaixa-5-Mia-Comellas-300x225.jpg 300w, https:\/\/agora.xtec.cat\/iescalgravat\/wp-content\/uploads\/usu63\/2024\/12\/Cosmocaixa-5-Mia-Comellas-1024x768.jpg 1024w, https:\/\/agora.xtec.cat\/iescalgravat\/wp-content\/uploads\/usu63\/2024\/12\/Cosmocaixa-5-Mia-Comellas-768x576.jpg 768w, https:\/\/agora.xtec.cat\/iescalgravat\/wp-content\/uploads\/usu63\/2024\/12\/Cosmocaixa-5-Mia-Comellas-1536x1152.jpg 1536w, https:\/\/agora.xtec.cat\/iescalgravat\/wp-content\/uploads\/usu63\/2024\/12\/Cosmocaixa-5-Mia-Comellas-200x150.jpg 200w, https:\/\/agora.xtec.cat\/iescalgravat\/wp-content\/uploads\/usu63\/2024\/12\/Cosmocaixa-5-Mia-Comellas.jpg 2048w\" sizes=\"auto, (max-width: 300px) 100vw, 300px\" \/><\/a>\n\t\t\t<\/dt><\/dl><dl class='gallery-item'>\n\t\t\t<dt class='gallery-icon portrait'>\n\t\t\t\t<a href='https:\/\/agora.xtec.cat\/iescalgravat\/general\/visita-al-cosmocaixa\/attachment\/whatsapp-image-2024-11-29-at-23-42-33-natalia-andreu-pueyo\/'><img loading=\"lazy\" decoding=\"async\" width=\"225\" height=\"300\" src=\"https:\/\/agora.xtec.cat\/iescalgravat\/wp-content\/uploads\/usu63\/2024\/12\/WhatsApp-Image-2024-11-29-at-23.42.33-NATALIA-ANDREU-PUEYO-225x300.jpeg\" class=\"attachment-medium size-medium\" alt=\"\" srcset=\"https:\/\/agora.xtec.cat\/iescalgravat\/wp-content\/uploads\/usu63\/2024\/12\/WhatsApp-Image-2024-11-29-at-23.42.33-NATALIA-ANDREU-PUEYO-225x300.jpeg 225w, https:\/\/agora.xtec.cat\/iescalgravat\/wp-content\/uploads\/usu63\/2024\/12\/WhatsApp-Image-2024-11-29-at-23.42.33-NATALIA-ANDREU-PUEYO-768x1024.jpeg 768w, https:\/\/agora.xtec.cat\/iescalgravat\/wp-content\/uploads\/usu63\/2024\/12\/WhatsApp-Image-2024-11-29-at-23.42.33-NATALIA-ANDREU-PUEYO-1152x1536.jpeg 1152w, https:\/\/agora.xtec.cat\/iescalgravat\/wp-content\/uploads\/usu63\/2024\/12\/WhatsApp-Image-2024-11-29-at-23.42.33-NATALIA-ANDREU-PUEYO.jpeg 1200w\" sizes=\"auto, (max-width: 225px) 100vw, 225px\" \/><\/a>\n\t\t\t<\/dt><\/dl><br style=\"clear: both\" \/>\n\t\t<\/div>\n\n","protected":false},"excerpt":{"rendered":"<p>L&#8217;alumnat de 2n d&#8217;ESO hem visitat el Museu de la Ci\u00e8ncia-Cosmocaixa. Al llarg de la jornada hem visitat el Museu de la Ci\u00e8ncia i el bosc inundat que es troba al mateix recinte. Tamb\u00e9 hem fet dos tallers molt interessants sobre pressi\u00f3 atmosf\u00e8rica i reaccions&hellip;  <a href=\"https:\/\/agora.xtec.cat\/iescalgravat\/general\/visita-al-cosmocaixa\/\" title=\"Read VISITA AL COSMOCAIXA\">Llegeix m\u00e9s\u00bb<\/a><\/p>\n","protected":false},"author":1,"featured_media":0,"comment_status":"closed","ping_status":"closed","sticky":false,"template":"","format":"standard","meta":{"_bbp_topic_count":0,"_bbp_reply_count":0,"_bbp_total_topic_count":0,"_bbp_total_reply_count":0,"_bbp_voice_count":0,"_bbp_anonymous_reply_count":0,"_bbp_topic_count_hidden":0,"_bbp_reply_count_hidden":0,"_bbp_forum_subforum_count":0,"footnotes":""},"categories":[1,29],"tags":[],"class_list":["post-6639","post","type-post","status-publish","format-standard","hentry","category-general","category-portada"],"post_mailing_queue_ids":[],"_links":{"self":[{"href":"https:\/\/agora.xtec.cat\/iescalgravat\/wp-json\/wp\/v2\/posts\/6639","targetHints":{"allow":["GET"]}}],"collection":[{"href":"https:\/\/agora.xtec.cat\/iescalgravat\/wp-json\/wp\/v2\/posts"}],"about":[{"href":"https:\/\/agora.xtec.cat\/iescalgravat\/wp-json\/wp\/v2\/types\/post"}],"author":[{"embeddable":true,"href":"https:\/\/agora.xtec.cat\/iescalgravat\/wp-json\/wp\/v2\/users\/1"}],"replies":[{"embeddable":true,"href":"https:\/\/agora.xtec.cat\/iescalgravat\/wp-json\/wp\/v2\/comments?post=6639"}],"version-history":[{"count":1,"href":"https:\/\/agora.xtec.cat\/iescalgravat\/wp-json\/wp\/v2\/posts\/6639\/revisions"}],"predecessor-version":[{"id":6646,"href":"https:\/\/agora.xtec.cat\/iescalgravat\/wp-json\/wp\/v2\/posts\/6639\/revisions\/6646"}],"wp:attachment":[{"href":"https:\/\/agora.xtec.cat\/iescalgravat\/wp-json\/wp\/v2\/media?parent=6639"}],"wp:term":[{"taxonomy":"category","embeddable":true,"href":"https:\/\/agora.xtec.cat\/iescalgravat\/wp-json\/wp\/v2\/categories?post=6639"},{"taxonomy":"post_tag","embeddable":true,"href":"https:\/\/agora.xtec.cat\/iescalgravat\/wp-json\/wp\/v2\/tags?post=6639"}],"curies":[{"name":"wp","href":"https:\/\/api.w.org\/{rel}","templated":true}]}}