{"id":6621,"date":"2024-11-29T12:11:30","date_gmt":"2024-11-29T11:11:30","guid":{"rendered":"https:\/\/agora.xtec.cat\/iescalgravat\/?p=6621"},"modified":"2024-11-29T12:11:30","modified_gmt":"2024-11-29T11:11:30","slug":"sortida-la-parc-natural-de-la-zona-volcanica-de-la-garrotxa","status":"publish","type":"post","link":"https:\/\/agora.xtec.cat\/iescalgravat\/general\/sortida-la-parc-natural-de-la-zona-volcanica-de-la-garrotxa\/","title":{"rendered":"SORTIDA LA PARC NATURAL DE LA ZONA VOLC\u00c0NICA DE LA GARROTXA"},"content":{"rendered":"<p>L&#8217;alumnat de 1r i 2n de batxillerat de la modalitat de Geologia i Ci\u00e8ncies Ambientals i els de 4t d&#8217;ESO de Biologia i Geologia, hem anat de sortida a la Garrotxa. Hem visitat el volc\u00e0 Croscat i ens han explicat curiositats de la seva formaci\u00f3 i estructura. Despr\u00e9s hem anat a la Fageda d&#8217;en Jord\u00e0 i hem apr\u00e8s com funciona aquest ecosistema. Ens ha fet un dia genial!<\/p>\n\n\t\t<style type=\"text\/css\">\n\t\t\t#gallery-1 {\n\t\t\t\tmargin: auto;\n\t\t\t}\n\t\t\t#gallery-1 .gallery-item {\n\t\t\t\tfloat: left;\n\t\t\t\tmargin-top: 10px;\n\t\t\t\ttext-align: center;\n\t\t\t\twidth: 33%;\n\t\t\t}\n\t\t\t#gallery-1 img {\n\t\t\t\tborder: 2px solid #cfcfcf;\n\t\t\t}\n\t\t\t#gallery-1 .gallery-caption {\n\t\t\t\tmargin-left: 0;\n\t\t\t}\n\t\t\t\/* see gallery_shortcode() in wp-includes\/media.php *\/\n\t\t<\/style>\n\t\t<div id='gallery-1' class='gallery galleryid-6621 gallery-columns-3 gallery-size-large'><dl class='gallery-item'>\n\t\t\t<dt class='gallery-icon landscape'>\n\t\t\t\t<a href='https:\/\/agora.xtec.cat\/iescalgravat\/general\/sortida-la-parc-natural-de-la-zona-volcanica-de-la-garrotxa\/attachment\/pxl_20241126_101743591\/'><img loading=\"lazy\" decoding=\"async\" width=\"1024\" height=\"771\" src=\"https:\/\/agora.xtec.cat\/iescalgravat\/wp-content\/uploads\/usu63\/2024\/11\/PXL_20241126_101743591-1024x771.jpg\" class=\"attachment-large size-large\" alt=\"\" srcset=\"https:\/\/agora.xtec.cat\/iescalgravat\/wp-content\/uploads\/usu63\/2024\/11\/PXL_20241126_101743591-1024x771.jpg 1024w, https:\/\/agora.xtec.cat\/iescalgravat\/wp-content\/uploads\/usu63\/2024\/11\/PXL_20241126_101743591-300x226.jpg 300w, https:\/\/agora.xtec.cat\/iescalgravat\/wp-content\/uploads\/usu63\/2024\/11\/PXL_20241126_101743591-768x578.jpg 768w, https:\/\/agora.xtec.cat\/iescalgravat\/wp-content\/uploads\/usu63\/2024\/11\/PXL_20241126_101743591-1536x1157.jpg 1536w, https:\/\/agora.xtec.cat\/iescalgravat\/wp-content\/uploads\/usu63\/2024\/11\/PXL_20241126_101743591-2048x1542.jpg 2048w, https:\/\/agora.xtec.cat\/iescalgravat\/wp-content\/uploads\/usu63\/2024\/11\/PXL_20241126_101743591-200x150.jpg 200w\" sizes=\"auto, (max-width: 1024px) 100vw, 1024px\" \/><\/a>\n\t\t\t<\/dt><\/dl><dl class='gallery-item'>\n\t\t\t<dt class='gallery-icon portrait'>\n\t\t\t\t<a href='https:\/\/agora.xtec.cat\/iescalgravat\/general\/sortida-la-parc-natural-de-la-zona-volcanica-de-la-garrotxa\/attachment\/pxl_20241126_102504303\/'><img loading=\"lazy\" decoding=\"async\" width=\"771\" height=\"1024\" src=\"https:\/\/agora.xtec.cat\/iescalgravat\/wp-content\/uploads\/usu63\/2024\/11\/PXL_20241126_102504303-771x1024.jpg\" class=\"attachment-large size-large\" alt=\"\" srcset=\"https:\/\/agora.xtec.cat\/iescalgravat\/wp-content\/uploads\/usu63\/2024\/11\/PXL_20241126_102504303-771x1024.jpg 771w, https:\/\/agora.xtec.cat\/iescalgravat\/wp-content\/uploads\/usu63\/2024\/11\/PXL_20241126_102504303-226x300.jpg 226w, https:\/\/agora.xtec.cat\/iescalgravat\/wp-content\/uploads\/usu63\/2024\/11\/PXL_20241126_102504303-768x1020.jpg 768w, https:\/\/agora.xtec.cat\/iescalgravat\/wp-content\/uploads\/usu63\/2024\/11\/PXL_20241126_102504303-1157x1536.jpg 1157w, https:\/\/agora.xtec.cat\/iescalgravat\/wp-content\/uploads\/usu63\/2024\/11\/PXL_20241126_102504303-1542x2048.jpg 1542w, https:\/\/agora.xtec.cat\/iescalgravat\/wp-content\/uploads\/usu63\/2024\/11\/PXL_20241126_102504303-scaled.jpg 1928w\" sizes=\"auto, (max-width: 771px) 100vw, 771px\" \/><\/a>\n\t\t\t<\/dt><\/dl><dl class='gallery-item'>\n\t\t\t<dt class='gallery-icon landscape'>\n\t\t\t\t<a href='https:\/\/agora.xtec.cat\/iescalgravat\/general\/sortida-la-parc-natural-de-la-zona-volcanica-de-la-garrotxa\/attachment\/pxl_20241126_115043298-mp\/'><img loading=\"lazy\" decoding=\"async\" width=\"1024\" height=\"771\" src=\"https:\/\/agora.xtec.cat\/iescalgravat\/wp-content\/uploads\/usu63\/2024\/11\/PXL_20241126_115043298.MP_-1024x771.jpg\" class=\"attachment-large size-large\" alt=\"\" srcset=\"https:\/\/agora.xtec.cat\/iescalgravat\/wp-content\/uploads\/usu63\/2024\/11\/PXL_20241126_115043298.MP_-1024x771.jpg 1024w, https:\/\/agora.xtec.cat\/iescalgravat\/wp-content\/uploads\/usu63\/2024\/11\/PXL_20241126_115043298.MP_-300x226.jpg 300w, https:\/\/agora.xtec.cat\/iescalgravat\/wp-content\/uploads\/usu63\/2024\/11\/PXL_20241126_115043298.MP_-768x578.jpg 768w, https:\/\/agora.xtec.cat\/iescalgravat\/wp-content\/uploads\/usu63\/2024\/11\/PXL_20241126_115043298.MP_-1536x1157.jpg 1536w, https:\/\/agora.xtec.cat\/iescalgravat\/wp-content\/uploads\/usu63\/2024\/11\/PXL_20241126_115043298.MP_-2048x1542.jpg 2048w, https:\/\/agora.xtec.cat\/iescalgravat\/wp-content\/uploads\/usu63\/2024\/11\/PXL_20241126_115043298.MP_-200x150.jpg 200w\" sizes=\"auto, (max-width: 1024px) 100vw, 1024px\" \/><\/a>\n\t\t\t<\/dt><\/dl><br style=\"clear: both\" \/>\n\t\t<\/div>\n\n","protected":false},"excerpt":{"rendered":"<p>L&#8217;alumnat de 1r i 2n de batxillerat de la modalitat de Geologia i Ci\u00e8ncies Ambientals i els de 4t d&#8217;ESO de Biologia i Geologia, hem anat de sortida a la Garrotxa. Hem visitat el volc\u00e0 Croscat i ens han explicat curiositats de la seva formaci\u00f3&hellip;  <a href=\"https:\/\/agora.xtec.cat\/iescalgravat\/general\/sortida-la-parc-natural-de-la-zona-volcanica-de-la-garrotxa\/\" title=\"Read SORTIDA LA PARC NATURAL DE LA ZONA VOLC\u00c0NICA DE LA GARROTXA\">Llegeix m\u00e9s\u00bb<\/a><\/p>\n","protected":false},"author":1,"featured_media":0,"comment_status":"closed","ping_status":"closed","sticky":false,"template":"","format":"standard","meta":{"_bbp_topic_count":0,"_bbp_reply_count":0,"_bbp_total_topic_count":0,"_bbp_total_reply_count":0,"_bbp_voice_count":0,"_bbp_anonymous_reply_count":0,"_bbp_topic_count_hidden":0,"_bbp_reply_count_hidden":0,"_bbp_forum_subforum_count":0,"footnotes":""},"categories":[8,3,7,1,29],"tags":[],"class_list":["post-6621","post","type-post","status-publish","format-standard","hentry","category-batxillerat","category-eso","category-eso-4","category-general","category-portada"],"post_mailing_queue_ids":[],"_links":{"self":[{"href":"https:\/\/agora.xtec.cat\/iescalgravat\/wp-json\/wp\/v2\/posts\/6621","targetHints":{"allow":["GET"]}}],"collection":[{"href":"https:\/\/agora.xtec.cat\/iescalgravat\/wp-json\/wp\/v2\/posts"}],"about":[{"href":"https:\/\/agora.xtec.cat\/iescalgravat\/wp-json\/wp\/v2\/types\/post"}],"author":[{"embeddable":true,"href":"https:\/\/agora.xtec.cat\/iescalgravat\/wp-json\/wp\/v2\/users\/1"}],"replies":[{"embeddable":true,"href":"https:\/\/agora.xtec.cat\/iescalgravat\/wp-json\/wp\/v2\/comments?post=6621"}],"version-history":[{"count":1,"href":"https:\/\/agora.xtec.cat\/iescalgravat\/wp-json\/wp\/v2\/posts\/6621\/revisions"}],"predecessor-version":[{"id":6625,"href":"https:\/\/agora.xtec.cat\/iescalgravat\/wp-json\/wp\/v2\/posts\/6621\/revisions\/6625"}],"wp:attachment":[{"href":"https:\/\/agora.xtec.cat\/iescalgravat\/wp-json\/wp\/v2\/media?parent=6621"}],"wp:term":[{"taxonomy":"category","embeddable":true,"href":"https:\/\/agora.xtec.cat\/iescalgravat\/wp-json\/wp\/v2\/categories?post=6621"},{"taxonomy":"post_tag","embeddable":true,"href":"https:\/\/agora.xtec.cat\/iescalgravat\/wp-json\/wp\/v2\/tags?post=6621"}],"curies":[{"name":"wp","href":"https:\/\/api.w.org\/{rel}","templated":true}]}}