{"id":6614,"date":"2024-11-29T11:47:07","date_gmt":"2024-11-29T10:47:07","guid":{"rendered":"https:\/\/agora.xtec.cat\/iescalgravat\/?p=6614"},"modified":"2024-11-29T11:47:07","modified_gmt":"2024-11-29T10:47:07","slug":"25n-dia-internacional-per-lerradicacio-de-la-violencia-vers-les-dones","status":"publish","type":"post","link":"https:\/\/agora.xtec.cat\/iescalgravat\/general\/25n-dia-internacional-per-lerradicacio-de-la-violencia-vers-les-dones\/","title":{"rendered":"25N Dia Internacional per l\u2019Erradicaci\u00f3 de la Viol\u00e8ncia vers les Dones"},"content":{"rendered":"<div class=\"softmerge-inner\">Per a commemorar el 25N, enguany hem dut a terme diverses activitats per a treballar les situacions de viol\u00e8ncia vers les dones: mural de les viol\u00e8ncies visibles i invisibles, mon\u00f2leg \u201cNo solo duelen los golpes\u201d, micromasclismes, pancartes, concurs de cartells i manifestos\u2026 A Cal Gravat treballem per a l&#8217;Eliminaci\u00f3 de la Viol\u00e8ncia envers les Dones.\n\t\t<style type=\"text\/css\">\n\t\t\t#gallery-1 {\n\t\t\t\tmargin: auto;\n\t\t\t}\n\t\t\t#gallery-1 .gallery-item {\n\t\t\t\tfloat: left;\n\t\t\t\tmargin-top: 10px;\n\t\t\t\ttext-align: center;\n\t\t\t\twidth: 33%;\n\t\t\t}\n\t\t\t#gallery-1 img {\n\t\t\t\tborder: 2px solid #cfcfcf;\n\t\t\t}\n\t\t\t#gallery-1 .gallery-caption {\n\t\t\t\tmargin-left: 0;\n\t\t\t}\n\t\t\t\/* see gallery_shortcode() in wp-includes\/media.php *\/\n\t\t<\/style>\n\t\t<div id='gallery-1' class='gallery galleryid-6614 gallery-columns-3 gallery-size-thumbnail'><dl class='gallery-item'>\n\t\t\t<dt class='gallery-icon landscape'>\n\t\t\t\t<a href='https:\/\/agora.xtec.cat\/iescalgravat\/general\/25n-dia-internacional-per-lerradicacio-de-la-violencia-vers-les-dones\/attachment\/img_20241118_122750-laura-viayna-graells\/'><img loading=\"lazy\" decoding=\"async\" width=\"150\" height=\"150\" src=\"https:\/\/agora.xtec.cat\/iescalgravat\/wp-content\/uploads\/usu63\/2024\/11\/IMG_20241118_122750-LAURA-VIAYNA-GRAELLS-150x150.jpg\" class=\"attachment-thumbnail size-thumbnail\" alt=\"\" \/><\/a>\n\t\t\t<\/dt><\/dl><dl class='gallery-item'>\n\t\t\t<dt class='gallery-icon landscape'>\n\t\t\t\t<a href='https:\/\/agora.xtec.cat\/iescalgravat\/general\/25n-dia-internacional-per-lerradicacio-de-la-violencia-vers-les-dones\/attachment\/img_20241118_122812-laura-viayna-graells\/'><img loading=\"lazy\" decoding=\"async\" width=\"150\" height=\"150\" src=\"https:\/\/agora.xtec.cat\/iescalgravat\/wp-content\/uploads\/usu63\/2024\/11\/IMG_20241118_122812-LAURA-VIAYNA-GRAELLS-150x150.jpg\" class=\"attachment-thumbnail size-thumbnail\" alt=\"\" \/><\/a>\n\t\t\t<\/dt><\/dl><dl class='gallery-item'>\n\t\t\t<dt class='gallery-icon landscape'>\n\t\t\t\t<a href='https:\/\/agora.xtec.cat\/iescalgravat\/general\/25n-dia-internacional-per-lerradicacio-de-la-violencia-vers-les-dones\/attachment\/img_8661-laura-viayna-graells\/'><img loading=\"lazy\" decoding=\"async\" width=\"150\" height=\"150\" src=\"https:\/\/agora.xtec.cat\/iescalgravat\/wp-content\/uploads\/usu63\/2024\/11\/IMG_8661-LAURA-VIAYNA-GRAELLS-150x150.jpg\" class=\"attachment-thumbnail size-thumbnail\" alt=\"\" \/><\/a>\n\t\t\t<\/dt><\/dl><br style=\"clear: both\" \/><dl class='gallery-item'>\n\t\t\t<dt class='gallery-icon landscape'>\n\t\t\t\t<a href='https:\/\/agora.xtec.cat\/iescalgravat\/general\/25n-dia-internacional-per-lerradicacio-de-la-violencia-vers-les-dones\/attachment\/img_20241120_133506-laura-viayna-graells\/'><img loading=\"lazy\" decoding=\"async\" width=\"150\" height=\"150\" src=\"https:\/\/agora.xtec.cat\/iescalgravat\/wp-content\/uploads\/usu63\/2024\/11\/IMG_20241120_133506-LAURA-VIAYNA-GRAELLS-150x150.jpg\" class=\"attachment-thumbnail size-thumbnail\" alt=\"\" \/><\/a>\n\t\t\t<\/dt><\/dl>\n\t\t\t<br style='clear: both' \/>\n\t\t<\/div>\n<\/p>\n<\/div>\n","protected":false},"excerpt":{"rendered":"<p>Per a commemorar el 25N, enguany hem dut a terme diverses activitats per a treballar les situacions de viol\u00e8ncia vers les dones: mural de les viol\u00e8ncies visibles i invisibles, mon\u00f2leg \u201cNo solo duelen los golpes\u201d, micromasclismes, pancartes, concurs de cartells i manifestos\u2026 A Cal Gravat&hellip;  <a href=\"https:\/\/agora.xtec.cat\/iescalgravat\/general\/25n-dia-internacional-per-lerradicacio-de-la-violencia-vers-les-dones\/\" title=\"Read 25N Dia Internacional per l\u2019Erradicaci\u00f3 de la Viol\u00e8ncia vers les Dones\">Llegeix m\u00e9s\u00bb<\/a><\/p>\n","protected":false},"author":1,"featured_media":0,"comment_status":"open","ping_status":"closed","sticky":false,"template":"","format":"standard","meta":{"_bbp_topic_count":0,"_bbp_reply_count":0,"_bbp_total_topic_count":0,"_bbp_total_reply_count":0,"_bbp_voice_count":0,"_bbp_anonymous_reply_count":0,"_bbp_topic_count_hidden":0,"_bbp_reply_count_hidden":0,"_bbp_forum_subforum_count":0,"footnotes":""},"categories":[1,29],"tags":[],"class_list":["post-6614","post","type-post","status-publish","format-standard","hentry","category-general","category-portada"],"post_mailing_queue_ids":[],"_links":{"self":[{"href":"https:\/\/agora.xtec.cat\/iescalgravat\/wp-json\/wp\/v2\/posts\/6614","targetHints":{"allow":["GET"]}}],"collection":[{"href":"https:\/\/agora.xtec.cat\/iescalgravat\/wp-json\/wp\/v2\/posts"}],"about":[{"href":"https:\/\/agora.xtec.cat\/iescalgravat\/wp-json\/wp\/v2\/types\/post"}],"author":[{"embeddable":true,"href":"https:\/\/agora.xtec.cat\/iescalgravat\/wp-json\/wp\/v2\/users\/1"}],"replies":[{"embeddable":true,"href":"https:\/\/agora.xtec.cat\/iescalgravat\/wp-json\/wp\/v2\/comments?post=6614"}],"version-history":[{"count":1,"href":"https:\/\/agora.xtec.cat\/iescalgravat\/wp-json\/wp\/v2\/posts\/6614\/revisions"}],"predecessor-version":[{"id":6620,"href":"https:\/\/agora.xtec.cat\/iescalgravat\/wp-json\/wp\/v2\/posts\/6614\/revisions\/6620"}],"wp:attachment":[{"href":"https:\/\/agora.xtec.cat\/iescalgravat\/wp-json\/wp\/v2\/media?parent=6614"}],"wp:term":[{"taxonomy":"category","embeddable":true,"href":"https:\/\/agora.xtec.cat\/iescalgravat\/wp-json\/wp\/v2\/categories?post=6614"},{"taxonomy":"post_tag","embeddable":true,"href":"https:\/\/agora.xtec.cat\/iescalgravat\/wp-json\/wp\/v2\/tags?post=6614"}],"curies":[{"name":"wp","href":"https:\/\/api.w.org\/{rel}","templated":true}]}}