{"id":6580,"date":"2024-11-22T11:58:59","date_gmt":"2024-11-22T10:58:59","guid":{"rendered":"https:\/\/agora.xtec.cat\/iescalgravat\/?p=6580"},"modified":"2024-11-22T11:58:59","modified_gmt":"2024-11-22T10:58:59","slug":"teatre-no-solo-duelen-los-golpes-25n","status":"publish","type":"post","link":"https:\/\/agora.xtec.cat\/iescalgravat\/general\/teatre-no-solo-duelen-los-golpes-25n\/","title":{"rendered":"Teatre: No solo duelen los golpes (25N)"},"content":{"rendered":"<p>El passat divendres, l&#8217;alumnat de 4t d&#8217;ESO vam anar a veure l&#8217;obra de teatre: &#8220;No solo duelen los golpes&#8221;, al teatre els Carlins. La protagonista, Pamela Palenciano, va ser v\u00edctima de viol\u00e8ncia masclista. La hist\u00f2ria, malgrat ser colpidora, ens va fer reflexionar, i tamb\u00e9 vam passar una molt bona estona. Entre els elements m\u00e9s caracter\u00edstics de l&#8217;obra, destaquem que l&#8217;actriu anava canviant de personatges.<\/p>\n\n\t\t<style type=\"text\/css\">\n\t\t\t#gallery-1 {\n\t\t\t\tmargin: auto;\n\t\t\t}\n\t\t\t#gallery-1 .gallery-item {\n\t\t\t\tfloat: left;\n\t\t\t\tmargin-top: 10px;\n\t\t\t\ttext-align: center;\n\t\t\t\twidth: 33%;\n\t\t\t}\n\t\t\t#gallery-1 img {\n\t\t\t\tborder: 2px solid #cfcfcf;\n\t\t\t}\n\t\t\t#gallery-1 .gallery-caption {\n\t\t\t\tmargin-left: 0;\n\t\t\t}\n\t\t\t\/* see gallery_shortcode() in wp-includes\/media.php *\/\n\t\t<\/style>\n\t\t<div id='gallery-1' class='gallery galleryid-6580 gallery-columns-3 gallery-size-thumbnail'><dl class='gallery-item'>\n\t\t\t<dt class='gallery-icon portrait'>\n\t\t\t\t<a href='https:\/\/agora.xtec.cat\/iescalgravat\/general\/teatre-no-solo-duelen-los-golpes-25n\/attachment\/img_2248-andreu-clusella-vallbona\/'><img loading=\"lazy\" decoding=\"async\" width=\"150\" height=\"150\" src=\"https:\/\/agora.xtec.cat\/iescalgravat\/wp-content\/uploads\/usu63\/2024\/11\/IMG_2248-ANDREU-CLUSELLA-VALLBONA-150x150.jpg\" class=\"attachment-thumbnail size-thumbnail\" alt=\"\" \/><\/a>\n\t\t\t<\/dt><\/dl><dl class='gallery-item'>\n\t\t\t<dt class='gallery-icon landscape'>\n\t\t\t\t<a href='https:\/\/agora.xtec.cat\/iescalgravat\/general\/teatre-no-solo-duelen-los-golpes-25n\/attachment\/aebd5f9a-e1c2-4d8a-abf6-2ce609201acf-andreu-clusella-vallbona\/'><img loading=\"lazy\" decoding=\"async\" width=\"150\" height=\"150\" src=\"https:\/\/agora.xtec.cat\/iescalgravat\/wp-content\/uploads\/usu63\/2024\/11\/aebd5f9a-e1c2-4d8a-abf6-2ce609201acf-ANDREU-CLUSELLA-VALLBONA-150x150.jpg\" class=\"attachment-thumbnail size-thumbnail\" alt=\"\" \/><\/a>\n\t\t\t<\/dt><\/dl>\n\t\t\t<br style='clear: both' \/>\n\t\t<\/div>\n\n","protected":false},"excerpt":{"rendered":"<p>El passat divendres, l&#8217;alumnat de 4t d&#8217;ESO vam anar a veure l&#8217;obra de teatre: &#8220;No solo duelen los golpes&#8221;, al teatre els Carlins. La protagonista, Pamela Palenciano, va ser v\u00edctima de viol\u00e8ncia masclista. La hist\u00f2ria, malgrat ser colpidora, ens va fer reflexionar, i tamb\u00e9 vam&hellip;  <a href=\"https:\/\/agora.xtec.cat\/iescalgravat\/general\/teatre-no-solo-duelen-los-golpes-25n\/\" title=\"Read Teatre: No solo duelen los golpes (25N)\">Llegeix m\u00e9s\u00bb<\/a><\/p>\n","protected":false},"author":1,"featured_media":0,"comment_status":"open","ping_status":"closed","sticky":false,"template":"","format":"standard","meta":{"_bbp_topic_count":0,"_bbp_reply_count":0,"_bbp_total_topic_count":0,"_bbp_total_reply_count":0,"_bbp_voice_count":0,"_bbp_anonymous_reply_count":0,"_bbp_topic_count_hidden":0,"_bbp_reply_count_hidden":0,"_bbp_forum_subforum_count":0,"footnotes":""},"categories":[1,29],"tags":[],"class_list":["post-6580","post","type-post","status-publish","format-standard","hentry","category-general","category-portada"],"post_mailing_queue_ids":[],"_links":{"self":[{"href":"https:\/\/agora.xtec.cat\/iescalgravat\/wp-json\/wp\/v2\/posts\/6580","targetHints":{"allow":["GET"]}}],"collection":[{"href":"https:\/\/agora.xtec.cat\/iescalgravat\/wp-json\/wp\/v2\/posts"}],"about":[{"href":"https:\/\/agora.xtec.cat\/iescalgravat\/wp-json\/wp\/v2\/types\/post"}],"author":[{"embeddable":true,"href":"https:\/\/agora.xtec.cat\/iescalgravat\/wp-json\/wp\/v2\/users\/1"}],"replies":[{"embeddable":true,"href":"https:\/\/agora.xtec.cat\/iescalgravat\/wp-json\/wp\/v2\/comments?post=6580"}],"version-history":[{"count":1,"href":"https:\/\/agora.xtec.cat\/iescalgravat\/wp-json\/wp\/v2\/posts\/6580\/revisions"}],"predecessor-version":[{"id":6584,"href":"https:\/\/agora.xtec.cat\/iescalgravat\/wp-json\/wp\/v2\/posts\/6580\/revisions\/6584"}],"wp:attachment":[{"href":"https:\/\/agora.xtec.cat\/iescalgravat\/wp-json\/wp\/v2\/media?parent=6580"}],"wp:term":[{"taxonomy":"category","embeddable":true,"href":"https:\/\/agora.xtec.cat\/iescalgravat\/wp-json\/wp\/v2\/categories?post=6580"},{"taxonomy":"post_tag","embeddable":true,"href":"https:\/\/agora.xtec.cat\/iescalgravat\/wp-json\/wp\/v2\/tags?post=6580"}],"curies":[{"name":"wp","href":"https:\/\/api.w.org\/{rel}","templated":true}]}}