{"id":6576,"date":"2024-11-22T11:50:24","date_gmt":"2024-11-22T10:50:24","guid":{"rendered":"https:\/\/agora.xtec.cat\/iescalgravat\/?p=6576"},"modified":"2024-11-22T11:50:24","modified_gmt":"2024-11-22T10:50:24","slug":"exposicio-de-pintures-contra-el-cancer","status":"publish","type":"post","link":"https:\/\/agora.xtec.cat\/iescalgravat\/general\/exposicio-de-pintures-contra-el-cancer\/","title":{"rendered":"Exposici\u00f3 de pintures contra el C\u00e0ncer"},"content":{"rendered":"<p>Els alumnes de 4t d\u2019ESO d\u2019Hist\u00f2ria de l\u2019Art hem participat en l\u2019organitzaci\u00f3 de l\u2019Exposici\u00f3-Subhasta de Pintures Contra el C\u00e0ncer, que enguany celebra la seva 47 edici\u00f3. Com en passades edicions, hem participat en el proc\u00e9s de muntatge de l\u2019exposici\u00f3, hem elaborat l\u2019estudi t\u00e8cnic de les obres i hem realitzat un treball de camp per biografiar cadascun dels pintors participants, el resultat del qual \u00e9s accessible a trav\u00e9s d\u2019un codi QR ubicat a les cartel\u00b7les que acompanyen les obres exposades. Al seu torn, tamb\u00e9 est\u00e0 previst que participem en presentaci\u00f3 de les obres el dia de la subhasta.<\/p>\n<p><a href=\"https:\/\/agora.xtec.cat\/iescalgravat\/wp-content\/uploads\/usu63\/2024\/11\/Inauguracio-Artistes-membres-de-lorganitzacio-i-alumnat-de-lIES-Cal-Gravat-Ovidi-Cobacho-Closa1-scaled.jpg\"><img loading=\"lazy\" decoding=\"async\" class=\"aligncenter size-large wp-image-6574\" src=\"https:\/\/agora.xtec.cat\/iescalgravat\/wp-content\/uploads\/usu63\/2024\/11\/Inauguracio-Artistes-membres-de-lorganitzacio-i-alumnat-de-lIES-Cal-Gravat-Ovidi-Cobacho-Closa1-1024x768.jpg\" alt=\"\" width=\"1024\" height=\"768\" srcset=\"https:\/\/agora.xtec.cat\/iescalgravat\/wp-content\/uploads\/usu63\/2024\/11\/Inauguracio-Artistes-membres-de-lorganitzacio-i-alumnat-de-lIES-Cal-Gravat-Ovidi-Cobacho-Closa1-1024x768.jpg 1024w, https:\/\/agora.xtec.cat\/iescalgravat\/wp-content\/uploads\/usu63\/2024\/11\/Inauguracio-Artistes-membres-de-lorganitzacio-i-alumnat-de-lIES-Cal-Gravat-Ovidi-Cobacho-Closa1-300x225.jpg 300w, https:\/\/agora.xtec.cat\/iescalgravat\/wp-content\/uploads\/usu63\/2024\/11\/Inauguracio-Artistes-membres-de-lorganitzacio-i-alumnat-de-lIES-Cal-Gravat-Ovidi-Cobacho-Closa1-768x576.jpg 768w, https:\/\/agora.xtec.cat\/iescalgravat\/wp-content\/uploads\/usu63\/2024\/11\/Inauguracio-Artistes-membres-de-lorganitzacio-i-alumnat-de-lIES-Cal-Gravat-Ovidi-Cobacho-Closa1-1536x1152.jpg 1536w, https:\/\/agora.xtec.cat\/iescalgravat\/wp-content\/uploads\/usu63\/2024\/11\/Inauguracio-Artistes-membres-de-lorganitzacio-i-alumnat-de-lIES-Cal-Gravat-Ovidi-Cobacho-Closa1-2048x1536.jpg 2048w, https:\/\/agora.xtec.cat\/iescalgravat\/wp-content\/uploads\/usu63\/2024\/11\/Inauguracio-Artistes-membres-de-lorganitzacio-i-alumnat-de-lIES-Cal-Gravat-Ovidi-Cobacho-Closa1-200x150.jpg 200w\" sizes=\"auto, (max-width: 1024px) 100vw, 1024px\" \/><\/a><\/p>\n","protected":false},"excerpt":{"rendered":"<p>Els alumnes de 4t d\u2019ESO d\u2019Hist\u00f2ria de l\u2019Art hem participat en l\u2019organitzaci\u00f3 de l\u2019Exposici\u00f3-Subhasta de Pintures Contra el C\u00e0ncer, que enguany celebra la seva 47 edici\u00f3. Com en passades edicions, hem participat en el proc\u00e9s de muntatge de l\u2019exposici\u00f3, hem elaborat l\u2019estudi t\u00e8cnic de les&hellip;  <a href=\"https:\/\/agora.xtec.cat\/iescalgravat\/general\/exposicio-de-pintures-contra-el-cancer\/\" title=\"Read Exposici\u00f3 de pintures contra el C\u00e0ncer\">Llegeix m\u00e9s\u00bb<\/a><\/p>\n","protected":false},"author":1,"featured_media":0,"comment_status":"open","ping_status":"closed","sticky":false,"template":"","format":"standard","meta":{"_bbp_topic_count":0,"_bbp_reply_count":0,"_bbp_total_topic_count":0,"_bbp_total_reply_count":0,"_bbp_voice_count":0,"_bbp_anonymous_reply_count":0,"_bbp_topic_count_hidden":0,"_bbp_reply_count_hidden":0,"_bbp_forum_subforum_count":0,"footnotes":""},"categories":[1,29],"tags":[],"class_list":["post-6576","post","type-post","status-publish","format-standard","hentry","category-general","category-portada"],"post_mailing_queue_ids":[],"_links":{"self":[{"href":"https:\/\/agora.xtec.cat\/iescalgravat\/wp-json\/wp\/v2\/posts\/6576","targetHints":{"allow":["GET"]}}],"collection":[{"href":"https:\/\/agora.xtec.cat\/iescalgravat\/wp-json\/wp\/v2\/posts"}],"about":[{"href":"https:\/\/agora.xtec.cat\/iescalgravat\/wp-json\/wp\/v2\/types\/post"}],"author":[{"embeddable":true,"href":"https:\/\/agora.xtec.cat\/iescalgravat\/wp-json\/wp\/v2\/users\/1"}],"replies":[{"embeddable":true,"href":"https:\/\/agora.xtec.cat\/iescalgravat\/wp-json\/wp\/v2\/comments?post=6576"}],"version-history":[{"count":1,"href":"https:\/\/agora.xtec.cat\/iescalgravat\/wp-json\/wp\/v2\/posts\/6576\/revisions"}],"predecessor-version":[{"id":6578,"href":"https:\/\/agora.xtec.cat\/iescalgravat\/wp-json\/wp\/v2\/posts\/6576\/revisions\/6578"}],"wp:attachment":[{"href":"https:\/\/agora.xtec.cat\/iescalgravat\/wp-json\/wp\/v2\/media?parent=6576"}],"wp:term":[{"taxonomy":"category","embeddable":true,"href":"https:\/\/agora.xtec.cat\/iescalgravat\/wp-json\/wp\/v2\/categories?post=6576"},{"taxonomy":"post_tag","embeddable":true,"href":"https:\/\/agora.xtec.cat\/iescalgravat\/wp-json\/wp\/v2\/tags?post=6576"}],"curies":[{"name":"wp","href":"https:\/\/api.w.org\/{rel}","templated":true}]}}