{"id":6540,"date":"2024-10-25T12:10:32","date_gmt":"2024-10-25T10:10:32","guid":{"rendered":"https:\/\/agora.xtec.cat\/iescalgravat\/?p=6540"},"modified":"2024-10-25T12:10:32","modified_gmt":"2024-10-25T10:10:32","slug":"visita-a-la-planta-potabilitzadora-de-can-font","status":"publish","type":"post","link":"https:\/\/agora.xtec.cat\/iescalgravat\/general\/visita-a-la-planta-potabilitzadora-de-can-font\/","title":{"rendered":"Visita a la planta potabilitzadora de Can Font"},"content":{"rendered":"<div class=\"softmerge-inner\">Els alumnes de 1r d&#8217;ESO hem anat a visitar la planta potabilitzadora<a href=\"https:\/\/agora.xtec.cat\/iescalgravat\/wp-content\/uploads\/usu63\/2024\/10\/20241010_121544-Mayra-Fernandez-scaled.jpg\"><img loading=\"lazy\" decoding=\"async\" class=\"aligncenter size-large wp-image-6541\" src=\"https:\/\/agora.xtec.cat\/iescalgravat\/wp-content\/uploads\/usu63\/2024\/10\/20241010_121544-Mayra-Fernandez-1024x473.jpg\" alt=\"\" width=\"1024\" height=\"473\" srcset=\"https:\/\/agora.xtec.cat\/iescalgravat\/wp-content\/uploads\/usu63\/2024\/10\/20241010_121544-Mayra-Fernandez-1024x473.jpg 1024w, https:\/\/agora.xtec.cat\/iescalgravat\/wp-content\/uploads\/usu63\/2024\/10\/20241010_121544-Mayra-Fernandez-300x139.jpg 300w, https:\/\/agora.xtec.cat\/iescalgravat\/wp-content\/uploads\/usu63\/2024\/10\/20241010_121544-Mayra-Fernandez-768x355.jpg 768w, https:\/\/agora.xtec.cat\/iescalgravat\/wp-content\/uploads\/usu63\/2024\/10\/20241010_121544-Mayra-Fernandez-1536x709.jpg 1536w, https:\/\/agora.xtec.cat\/iescalgravat\/wp-content\/uploads\/usu63\/2024\/10\/20241010_121544-Mayra-Fernandez-2048x946.jpg 2048w\" sizes=\"auto, (max-width: 1024px) 100vw, 1024px\" \/><\/a> <a href=\"https:\/\/agora.xtec.cat\/iescalgravat\/wp-content\/uploads\/usu63\/2024\/10\/20241010_121633-Mayra-Fernandez-scaled.jpg\"><img loading=\"lazy\" decoding=\"async\" class=\"aligncenter size-large wp-image-6542\" src=\"https:\/\/agora.xtec.cat\/iescalgravat\/wp-content\/uploads\/usu63\/2024\/10\/20241010_121633-Mayra-Fernandez-1024x472.jpg\" alt=\"\" width=\"1024\" height=\"472\" srcset=\"https:\/\/agora.xtec.cat\/iescalgravat\/wp-content\/uploads\/usu63\/2024\/10\/20241010_121633-Mayra-Fernandez-1024x472.jpg 1024w, https:\/\/agora.xtec.cat\/iescalgravat\/wp-content\/uploads\/usu63\/2024\/10\/20241010_121633-Mayra-Fernandez-300x138.jpg 300w, https:\/\/agora.xtec.cat\/iescalgravat\/wp-content\/uploads\/usu63\/2024\/10\/20241010_121633-Mayra-Fernandez-768x354.jpg 768w, https:\/\/agora.xtec.cat\/iescalgravat\/wp-content\/uploads\/usu63\/2024\/10\/20241010_121633-Mayra-Fernandez-1536x708.jpg 1536w, https:\/\/agora.xtec.cat\/iescalgravat\/wp-content\/uploads\/usu63\/2024\/10\/20241010_121633-Mayra-Fernandez-2048x944.jpg 2048w\" sizes=\"auto, (max-width: 1024px) 100vw, 1024px\" \/><\/a> <a href=\"https:\/\/agora.xtec.cat\/iescalgravat\/wp-content\/uploads\/usu63\/2024\/10\/20241014_094722-1-Mayra-Fernandez-scaled.jpg\"><img loading=\"lazy\" decoding=\"async\" class=\"aligncenter size-large wp-image-6543\" src=\"https:\/\/agora.xtec.cat\/iescalgravat\/wp-content\/uploads\/usu63\/2024\/10\/20241014_094722-1-Mayra-Fernandez-1024x473.jpg\" alt=\"\" width=\"1024\" height=\"473\" srcset=\"https:\/\/agora.xtec.cat\/iescalgravat\/wp-content\/uploads\/usu63\/2024\/10\/20241014_094722-1-Mayra-Fernandez-1024x473.jpg 1024w, https:\/\/agora.xtec.cat\/iescalgravat\/wp-content\/uploads\/usu63\/2024\/10\/20241014_094722-1-Mayra-Fernandez-300x139.jpg 300w, https:\/\/agora.xtec.cat\/iescalgravat\/wp-content\/uploads\/usu63\/2024\/10\/20241014_094722-1-Mayra-Fernandez-768x355.jpg 768w, https:\/\/agora.xtec.cat\/iescalgravat\/wp-content\/uploads\/usu63\/2024\/10\/20241014_094722-1-Mayra-Fernandez-1536x709.jpg 1536w, https:\/\/agora.xtec.cat\/iescalgravat\/wp-content\/uploads\/usu63\/2024\/10\/20241014_094722-1-Mayra-Fernandez-2048x946.jpg 2048w\" sizes=\"auto, (max-width: 1024px) 100vw, 1024px\" \/><\/a> <a href=\"https:\/\/agora.xtec.cat\/iescalgravat\/wp-content\/uploads\/usu63\/2024\/10\/20241014_112504-Mayra-Fernandez-scaled.jpg\"><img loading=\"lazy\" decoding=\"async\" class=\"aligncenter size-large wp-image-6544\" src=\"https:\/\/agora.xtec.cat\/iescalgravat\/wp-content\/uploads\/usu63\/2024\/10\/20241014_112504-Mayra-Fernandez-1024x472.jpg\" alt=\"\" width=\"1024\" height=\"472\" srcset=\"https:\/\/agora.xtec.cat\/iescalgravat\/wp-content\/uploads\/usu63\/2024\/10\/20241014_112504-Mayra-Fernandez-1024x472.jpg 1024w, https:\/\/agora.xtec.cat\/iescalgravat\/wp-content\/uploads\/usu63\/2024\/10\/20241014_112504-Mayra-Fernandez-300x138.jpg 300w, https:\/\/agora.xtec.cat\/iescalgravat\/wp-content\/uploads\/usu63\/2024\/10\/20241014_112504-Mayra-Fernandez-768x354.jpg 768w, https:\/\/agora.xtec.cat\/iescalgravat\/wp-content\/uploads\/usu63\/2024\/10\/20241014_112504-Mayra-Fernandez-1536x708.jpg 1536w, https:\/\/agora.xtec.cat\/iescalgravat\/wp-content\/uploads\/usu63\/2024\/10\/20241014_112504-Mayra-Fernandez-2048x944.jpg 2048w\" sizes=\"auto, (max-width: 1024px) 100vw, 1024px\" \/><\/a> d&#8217;Aig\u00fces de Manresa, a Can Font. All\u00e0 hem apr\u00e8s de primera m\u00e0 els processos de potabilitzaci\u00f3 de l\u2019aigua. Aquest \u00e9s un recurs fonamental i de gran rellev\u00e0ncia hist\u00f2rica i actual de l&#8217;aigua a la ciutat.<\/div>\n","protected":false},"excerpt":{"rendered":"<p>Els alumnes de 1r d&#8217;ESO hem anat a visitar la planta potabilitzadora<a href=\"https:\/\/agora.xtec.cat\/iescalgravat\/wp-content\/uploads\/usu63\/2024\/10\/20241010_121544-Mayra-Fernandez-scaled.jpg\"><\/a> <a href=\"https:\/\/agora.xtec.cat\/iescalgravat\/wp-content\/uploads\/usu63\/2024\/10\/20241010_121633-Mayra-Fernandez-scaled.jpg\"><\/a> <a href=\"https:\/\/agora.xtec.cat\/iescalgravat\/wp-content\/uploads\/usu63\/2024\/10\/20241014_094722-1-Mayra-Fernandez-scaled.jpg\"><\/a> <a href=\"https:\/\/agora.xtec.cat\/iescalgravat\/wp-content\/uploads\/usu63\/2024\/10\/20241014_112504-Mayra-Fernandez-scaled.jpg\"><\/a> d&#8217;Aig\u00fces de Manresa, a Can Font. All\u00e0 hem apr\u00e8s de primera m\u00e0 els processos de potabilitzaci\u00f3 de l\u2019aigua. Aquest \u00e9s un recurs fonamental i de gran&hellip;  <a href=\"https:\/\/agora.xtec.cat\/iescalgravat\/general\/visita-a-la-planta-potabilitzadora-de-can-font\/\" title=\"Read Visita a la planta potabilitzadora de Can Font\">Llegeix m\u00e9s\u00bb<\/a><\/p>\n","protected":false},"author":1,"featured_media":0,"comment_status":"closed","ping_status":"closed","sticky":false,"template":"","format":"standard","meta":{"_bbp_topic_count":0,"_bbp_reply_count":0,"_bbp_total_topic_count":0,"_bbp_total_reply_count":0,"_bbp_voice_count":0,"_bbp_anonymous_reply_count":0,"_bbp_topic_count_hidden":0,"_bbp_reply_count_hidden":0,"_bbp_forum_subforum_count":0,"footnotes":""},"categories":[1,29],"tags":[],"class_list":["post-6540","post","type-post","status-publish","format-standard","hentry","category-general","category-portada"],"post_mailing_queue_ids":[],"_links":{"self":[{"href":"https:\/\/agora.xtec.cat\/iescalgravat\/wp-json\/wp\/v2\/posts\/6540","targetHints":{"allow":["GET"]}}],"collection":[{"href":"https:\/\/agora.xtec.cat\/iescalgravat\/wp-json\/wp\/v2\/posts"}],"about":[{"href":"https:\/\/agora.xtec.cat\/iescalgravat\/wp-json\/wp\/v2\/types\/post"}],"author":[{"embeddable":true,"href":"https:\/\/agora.xtec.cat\/iescalgravat\/wp-json\/wp\/v2\/users\/1"}],"replies":[{"embeddable":true,"href":"https:\/\/agora.xtec.cat\/iescalgravat\/wp-json\/wp\/v2\/comments?post=6540"}],"version-history":[{"count":1,"href":"https:\/\/agora.xtec.cat\/iescalgravat\/wp-json\/wp\/v2\/posts\/6540\/revisions"}],"predecessor-version":[{"id":6545,"href":"https:\/\/agora.xtec.cat\/iescalgravat\/wp-json\/wp\/v2\/posts\/6540\/revisions\/6545"}],"wp:attachment":[{"href":"https:\/\/agora.xtec.cat\/iescalgravat\/wp-json\/wp\/v2\/media?parent=6540"}],"wp:term":[{"taxonomy":"category","embeddable":true,"href":"https:\/\/agora.xtec.cat\/iescalgravat\/wp-json\/wp\/v2\/categories?post=6540"},{"taxonomy":"post_tag","embeddable":true,"href":"https:\/\/agora.xtec.cat\/iescalgravat\/wp-json\/wp\/v2\/tags?post=6540"}],"curies":[{"name":"wp","href":"https:\/\/api.w.org\/{rel}","templated":true}]}}