{"id":6494,"date":"2024-10-04T12:23:40","date_gmt":"2024-10-04T10:23:40","guid":{"rendered":"https:\/\/agora.xtec.cat\/iescalgravat\/?p=6494"},"modified":"2024-10-14T13:38:36","modified_gmt":"2024-10-14T11:38:36","slug":"taller-connectat-amb-la-discapacitat-damputats-sant-jordi","status":"publish","type":"post","link":"https:\/\/agora.xtec.cat\/iescalgravat\/general\/taller-connectat-amb-la-discapacitat-damputats-sant-jordi\/","title":{"rendered":"TALLER CONNECTA&#8217;T AMB LA DISCAPACITAT D&#8217;AMPUTATS SANT JORDI"},"content":{"rendered":"<p>L&#8217;alumnat de 2n vam fer un taller molt interessant sobre persones amb discapacitats i amputacions. La primera part va estar a c\u00e0rrec de la Nati i la Fati. Ens van ensenyar unes pr\u00f2tesis i com funcionen, i fins i tot vam poder provar cadires de rodes i bastons per a cecs en parelles, fet que ens va permetre experimentar les dificultats di\u00e0ries d&#8217;aquestes persones de manera m\u00e9s propera.<\/p>\n<p>Despr\u00e9s, l&#8217;\u00c8ric ens va oferir una explicaci\u00f3 molt clara sobre la vida de les persones amb discapacitat. Ens va demostrar que, malgrat les seves limitacions f\u00edsiques, poden fer les mateixes coses que qualsevol altra persona. A m\u00e9s, ens va fer reflexionar sobre la import\u00e0ncia de trencar els prejudicis i les barreres socials que sovint imposa la societat.<\/p>\n<p>Aquest taller ens va ajudar a entendre millor la realitat d&#8217;aquestes persones i a valorar l&#8217;esfor\u00e7 i la superaci\u00f3 que viuen cada dia.<\/p>\n<p>&nbsp;<\/p>\n<p>Claudia Roque Navarro 2n D<\/p>\n\n\t\t<style type=\"text\/css\">\n\t\t\t#gallery-1 {\n\t\t\t\tmargin: auto;\n\t\t\t}\n\t\t\t#gallery-1 .gallery-item {\n\t\t\t\tfloat: left;\n\t\t\t\tmargin-top: 10px;\n\t\t\t\ttext-align: center;\n\t\t\t\twidth: 33%;\n\t\t\t}\n\t\t\t#gallery-1 img {\n\t\t\t\tborder: 2px solid #cfcfcf;\n\t\t\t}\n\t\t\t#gallery-1 .gallery-caption {\n\t\t\t\tmargin-left: 0;\n\t\t\t}\n\t\t\t\/* see gallery_shortcode() in wp-includes\/media.php *\/\n\t\t<\/style>\n\t\t<div id='gallery-1' class='gallery galleryid-6494 gallery-columns-3 gallery-size-large'><dl class='gallery-item'>\n\t\t\t<dt class='gallery-icon landscape'>\n\t\t\t\t<a href='https:\/\/agora.xtec.cat\/iescalgravat\/general\/taller-connectat-amb-la-discapacitat-damputats-sant-jordi\/attachment\/1728035538555-josep-bascompte\/'><img loading=\"lazy\" decoding=\"async\" width=\"1024\" height=\"768\" src=\"https:\/\/agora.xtec.cat\/iescalgravat\/wp-content\/uploads\/usu63\/2024\/10\/1728035538555-Josep-Bascompte-1024x768.jpg\" class=\"attachment-large size-large\" alt=\"\" srcset=\"https:\/\/agora.xtec.cat\/iescalgravat\/wp-content\/uploads\/usu63\/2024\/10\/1728035538555-Josep-Bascompte-1024x768.jpg 1024w, https:\/\/agora.xtec.cat\/iescalgravat\/wp-content\/uploads\/usu63\/2024\/10\/1728035538555-Josep-Bascompte-300x225.jpg 300w, https:\/\/agora.xtec.cat\/iescalgravat\/wp-content\/uploads\/usu63\/2024\/10\/1728035538555-Josep-Bascompte-768x576.jpg 768w, https:\/\/agora.xtec.cat\/iescalgravat\/wp-content\/uploads\/usu63\/2024\/10\/1728035538555-Josep-Bascompte-1536x1152.jpg 1536w, https:\/\/agora.xtec.cat\/iescalgravat\/wp-content\/uploads\/usu63\/2024\/10\/1728035538555-Josep-Bascompte-2048x1536.jpg 2048w, https:\/\/agora.xtec.cat\/iescalgravat\/wp-content\/uploads\/usu63\/2024\/10\/1728035538555-Josep-Bascompte-200x150.jpg 200w\" sizes=\"auto, (max-width: 1024px) 100vw, 1024px\" \/><\/a>\n\t\t\t<\/dt><\/dl><dl class='gallery-item'>\n\t\t\t<dt class='gallery-icon landscape'>\n\t\t\t\t<a href='https:\/\/agora.xtec.cat\/iescalgravat\/general\/taller-connectat-amb-la-discapacitat-damputats-sant-jordi\/attachment\/1728035538573-josep-bascompte\/'><img loading=\"lazy\" decoding=\"async\" width=\"1024\" height=\"768\" src=\"https:\/\/agora.xtec.cat\/iescalgravat\/wp-content\/uploads\/usu63\/2024\/10\/1728035538573-Josep-Bascompte-1024x768.jpg\" class=\"attachment-large size-large\" alt=\"\" srcset=\"https:\/\/agora.xtec.cat\/iescalgravat\/wp-content\/uploads\/usu63\/2024\/10\/1728035538573-Josep-Bascompte-1024x768.jpg 1024w, https:\/\/agora.xtec.cat\/iescalgravat\/wp-content\/uploads\/usu63\/2024\/10\/1728035538573-Josep-Bascompte-300x225.jpg 300w, https:\/\/agora.xtec.cat\/iescalgravat\/wp-content\/uploads\/usu63\/2024\/10\/1728035538573-Josep-Bascompte-768x576.jpg 768w, https:\/\/agora.xtec.cat\/iescalgravat\/wp-content\/uploads\/usu63\/2024\/10\/1728035538573-Josep-Bascompte-1536x1152.jpg 1536w, https:\/\/agora.xtec.cat\/iescalgravat\/wp-content\/uploads\/usu63\/2024\/10\/1728035538573-Josep-Bascompte-2048x1536.jpg 2048w, https:\/\/agora.xtec.cat\/iescalgravat\/wp-content\/uploads\/usu63\/2024\/10\/1728035538573-Josep-Bascompte-200x150.jpg 200w\" sizes=\"auto, (max-width: 1024px) 100vw, 1024px\" \/><\/a>\n\t\t\t<\/dt><\/dl><dl class='gallery-item'>\n\t\t\t<dt class='gallery-icon landscape'>\n\t\t\t\t<a href='https:\/\/agora.xtec.cat\/iescalgravat\/general\/taller-connectat-amb-la-discapacitat-damputats-sant-jordi\/attachment\/1728035538593-josep-bascompte\/'><img loading=\"lazy\" decoding=\"async\" width=\"1024\" height=\"768\" src=\"https:\/\/agora.xtec.cat\/iescalgravat\/wp-content\/uploads\/usu63\/2024\/10\/1728035538593-Josep-Bascompte-1024x768.jpg\" class=\"attachment-large size-large\" alt=\"\" srcset=\"https:\/\/agora.xtec.cat\/iescalgravat\/wp-content\/uploads\/usu63\/2024\/10\/1728035538593-Josep-Bascompte-1024x768.jpg 1024w, https:\/\/agora.xtec.cat\/iescalgravat\/wp-content\/uploads\/usu63\/2024\/10\/1728035538593-Josep-Bascompte-300x225.jpg 300w, https:\/\/agora.xtec.cat\/iescalgravat\/wp-content\/uploads\/usu63\/2024\/10\/1728035538593-Josep-Bascompte-768x576.jpg 768w, https:\/\/agora.xtec.cat\/iescalgravat\/wp-content\/uploads\/usu63\/2024\/10\/1728035538593-Josep-Bascompte-1536x1152.jpg 1536w, https:\/\/agora.xtec.cat\/iescalgravat\/wp-content\/uploads\/usu63\/2024\/10\/1728035538593-Josep-Bascompte-2048x1536.jpg 2048w, https:\/\/agora.xtec.cat\/iescalgravat\/wp-content\/uploads\/usu63\/2024\/10\/1728035538593-Josep-Bascompte-200x150.jpg 200w\" sizes=\"auto, (max-width: 1024px) 100vw, 1024px\" \/><\/a>\n\t\t\t<\/dt><\/dl><br style=\"clear: both\" \/><dl class='gallery-item'>\n\t\t\t<dt class='gallery-icon landscape'>\n\t\t\t\t<a href='https:\/\/agora.xtec.cat\/iescalgravat\/general\/taller-connectat-amb-la-discapacitat-damputats-sant-jordi\/attachment\/1728035538611-josep-bascompte\/'><img loading=\"lazy\" decoding=\"async\" width=\"1024\" height=\"768\" src=\"https:\/\/agora.xtec.cat\/iescalgravat\/wp-content\/uploads\/usu63\/2024\/10\/1728035538611-Josep-Bascompte-1024x768.jpg\" class=\"attachment-large size-large\" alt=\"\" srcset=\"https:\/\/agora.xtec.cat\/iescalgravat\/wp-content\/uploads\/usu63\/2024\/10\/1728035538611-Josep-Bascompte-1024x768.jpg 1024w, https:\/\/agora.xtec.cat\/iescalgravat\/wp-content\/uploads\/usu63\/2024\/10\/1728035538611-Josep-Bascompte-300x225.jpg 300w, https:\/\/agora.xtec.cat\/iescalgravat\/wp-content\/uploads\/usu63\/2024\/10\/1728035538611-Josep-Bascompte-768x576.jpg 768w, https:\/\/agora.xtec.cat\/iescalgravat\/wp-content\/uploads\/usu63\/2024\/10\/1728035538611-Josep-Bascompte-1536x1152.jpg 1536w, https:\/\/agora.xtec.cat\/iescalgravat\/wp-content\/uploads\/usu63\/2024\/10\/1728035538611-Josep-Bascompte-2048x1536.jpg 2048w, https:\/\/agora.xtec.cat\/iescalgravat\/wp-content\/uploads\/usu63\/2024\/10\/1728035538611-Josep-Bascompte-200x150.jpg 200w\" sizes=\"auto, (max-width: 1024px) 100vw, 1024px\" \/><\/a>\n\t\t\t<\/dt><\/dl><dl class='gallery-item'>\n\t\t\t<dt class='gallery-icon landscape'>\n\t\t\t\t<a href='https:\/\/agora.xtec.cat\/iescalgravat\/general\/taller-connectat-amb-la-discapacitat-damputats-sant-jordi\/attachment\/1728035538631-josep-bascompte\/'><img loading=\"lazy\" decoding=\"async\" width=\"1024\" height=\"768\" src=\"https:\/\/agora.xtec.cat\/iescalgravat\/wp-content\/uploads\/usu63\/2024\/10\/1728035538631-Josep-Bascompte-1024x768.jpg\" class=\"attachment-large size-large\" alt=\"\" srcset=\"https:\/\/agora.xtec.cat\/iescalgravat\/wp-content\/uploads\/usu63\/2024\/10\/1728035538631-Josep-Bascompte-1024x768.jpg 1024w, https:\/\/agora.xtec.cat\/iescalgravat\/wp-content\/uploads\/usu63\/2024\/10\/1728035538631-Josep-Bascompte-300x225.jpg 300w, https:\/\/agora.xtec.cat\/iescalgravat\/wp-content\/uploads\/usu63\/2024\/10\/1728035538631-Josep-Bascompte-768x576.jpg 768w, https:\/\/agora.xtec.cat\/iescalgravat\/wp-content\/uploads\/usu63\/2024\/10\/1728035538631-Josep-Bascompte-1536x1152.jpg 1536w, https:\/\/agora.xtec.cat\/iescalgravat\/wp-content\/uploads\/usu63\/2024\/10\/1728035538631-Josep-Bascompte-2048x1536.jpg 2048w, https:\/\/agora.xtec.cat\/iescalgravat\/wp-content\/uploads\/usu63\/2024\/10\/1728035538631-Josep-Bascompte-200x150.jpg 200w\" sizes=\"auto, (max-width: 1024px) 100vw, 1024px\" \/><\/a>\n\t\t\t<\/dt><\/dl>\n\t\t\t<br style='clear: both' \/>\n\t\t<\/div>\n\n","protected":false},"excerpt":{"rendered":"<p>L&#8217;alumnat de 2n vam fer un taller molt interessant sobre persones amb discapacitats i amputacions. La primera part va estar a c\u00e0rrec de la Nati i la Fati. Ens van ensenyar unes pr\u00f2tesis i com funcionen, i fins i tot vam poder provar cadires de&hellip;  <a href=\"https:\/\/agora.xtec.cat\/iescalgravat\/general\/taller-connectat-amb-la-discapacitat-damputats-sant-jordi\/\" title=\"Read TALLER CONNECTA&#8217;T AMB LA DISCAPACITAT D&#8217;AMPUTATS SANT JORDI\">Llegeix m\u00e9s\u00bb<\/a><\/p>\n","protected":false},"author":1,"featured_media":0,"comment_status":"closed","ping_status":"closed","sticky":false,"template":"","format":"standard","meta":{"_bbp_topic_count":0,"_bbp_reply_count":0,"_bbp_total_topic_count":0,"_bbp_total_reply_count":0,"_bbp_voice_count":0,"_bbp_anonymous_reply_count":0,"_bbp_topic_count_hidden":0,"_bbp_reply_count_hidden":0,"_bbp_forum_subforum_count":0,"footnotes":""},"categories":[5,1,29],"tags":[],"class_list":["post-6494","post","type-post","status-publish","format-standard","hentry","category-eso-2","category-general","category-portada"],"post_mailing_queue_ids":[],"_links":{"self":[{"href":"https:\/\/agora.xtec.cat\/iescalgravat\/wp-json\/wp\/v2\/posts\/6494","targetHints":{"allow":["GET"]}}],"collection":[{"href":"https:\/\/agora.xtec.cat\/iescalgravat\/wp-json\/wp\/v2\/posts"}],"about":[{"href":"https:\/\/agora.xtec.cat\/iescalgravat\/wp-json\/wp\/v2\/types\/post"}],"author":[{"embeddable":true,"href":"https:\/\/agora.xtec.cat\/iescalgravat\/wp-json\/wp\/v2\/users\/1"}],"replies":[{"embeddable":true,"href":"https:\/\/agora.xtec.cat\/iescalgravat\/wp-json\/wp\/v2\/comments?post=6494"}],"version-history":[{"count":3,"href":"https:\/\/agora.xtec.cat\/iescalgravat\/wp-json\/wp\/v2\/posts\/6494\/revisions"}],"predecessor-version":[{"id":6510,"href":"https:\/\/agora.xtec.cat\/iescalgravat\/wp-json\/wp\/v2\/posts\/6494\/revisions\/6510"}],"wp:attachment":[{"href":"https:\/\/agora.xtec.cat\/iescalgravat\/wp-json\/wp\/v2\/media?parent=6494"}],"wp:term":[{"taxonomy":"category","embeddable":true,"href":"https:\/\/agora.xtec.cat\/iescalgravat\/wp-json\/wp\/v2\/categories?post=6494"},{"taxonomy":"post_tag","embeddable":true,"href":"https:\/\/agora.xtec.cat\/iescalgravat\/wp-json\/wp\/v2\/tags?post=6494"}],"curies":[{"name":"wp","href":"https:\/\/api.w.org\/{rel}","templated":true}]}}