{"id":6405,"date":"2024-06-10T10:27:34","date_gmt":"2024-06-10T08:27:34","guid":{"rendered":"https:\/\/agora.xtec.cat\/iescalgravat\/?p=6405"},"modified":"2024-06-10T10:27:34","modified_gmt":"2024-06-10T08:27:34","slug":"mostra-de-teatre-instituts","status":"publish","type":"post","link":"https:\/\/agora.xtec.cat\/iescalgravat\/general\/mostra-de-teatre-instituts\/","title":{"rendered":"MOSTRA DE TEATRE INSTITUTS"},"content":{"rendered":"<p>El grup de teatre Cal Gravat ha participat en la mostra de teatre d&#8217;instituts celebrada a la Sala 2000 el 30 de maig. Ha presentat l&#8217;obra \u201cPlay-off\u201d, una obra al voltant d&#8217;un equip de futbol femen\u00ed amb una trama interessant d&#8217;embolics familiars i emocionals. Les nostres alumnes: les germanes Nayara i Iris Cuenca, Noa Guerra, Blanca Ruiz, Laura Valentina Rodr\u00edguez i Pau Tesoro van executar una excel\u00b7lent interpretaci\u00f3. Amb la direcci\u00f3 d&#8217;Albert Ruiz, el grup de teatre Cal Gravat ja porta 4 cursos i \u00e9s un excel\u00b7lent complement a la formaci\u00f3 dels nostres alumnes en l&#8217;oferta d&#8217;extraescolars. Us animem des d&#8217;aqu\u00ed a apuntar-vos-hi el curs que ve; compta amb ajuda de la nostra AFA i de l&#8217;Ajuntament de Manresa.<a href=\"https:\/\/agora.xtec.cat\/iescalgravat\/wp-content\/uploads\/usu63\/2024\/06\/IMG_20240530_185408-JOSEP-MARIA-FREIXA-PLANAS-scaled.jpg\"><img loading=\"lazy\" decoding=\"async\" class=\"aligncenter size-large wp-image-6406\" src=\"https:\/\/agora.xtec.cat\/iescalgravat\/wp-content\/uploads\/usu63\/2024\/06\/IMG_20240530_185408-JOSEP-MARIA-FREIXA-PLANAS-1024x768.jpg\" alt=\"\" width=\"1024\" height=\"768\" srcset=\"https:\/\/agora.xtec.cat\/iescalgravat\/wp-content\/uploads\/usu63\/2024\/06\/IMG_20240530_185408-JOSEP-MARIA-FREIXA-PLANAS-1024x768.jpg 1024w, https:\/\/agora.xtec.cat\/iescalgravat\/wp-content\/uploads\/usu63\/2024\/06\/IMG_20240530_185408-JOSEP-MARIA-FREIXA-PLANAS-300x225.jpg 300w, https:\/\/agora.xtec.cat\/iescalgravat\/wp-content\/uploads\/usu63\/2024\/06\/IMG_20240530_185408-JOSEP-MARIA-FREIXA-PLANAS-768x576.jpg 768w, https:\/\/agora.xtec.cat\/iescalgravat\/wp-content\/uploads\/usu63\/2024\/06\/IMG_20240530_185408-JOSEP-MARIA-FREIXA-PLANAS-1536x1152.jpg 1536w, https:\/\/agora.xtec.cat\/iescalgravat\/wp-content\/uploads\/usu63\/2024\/06\/IMG_20240530_185408-JOSEP-MARIA-FREIXA-PLANAS-2048x1536.jpg 2048w, https:\/\/agora.xtec.cat\/iescalgravat\/wp-content\/uploads\/usu63\/2024\/06\/IMG_20240530_185408-JOSEP-MARIA-FREIXA-PLANAS-200x150.jpg 200w\" sizes=\"auto, (max-width: 1024px) 100vw, 1024px\" \/><\/a><\/p>\n","protected":false},"excerpt":{"rendered":"<p>El grup de teatre Cal Gravat ha participat en la mostra de teatre d&#8217;instituts celebrada a la Sala 2000 el 30 de maig. Ha presentat l&#8217;obra \u201cPlay-off\u201d, una obra al voltant d&#8217;un equip de futbol femen\u00ed amb una trama interessant d&#8217;embolics familiars i emocionals. Les&hellip;  <a href=\"https:\/\/agora.xtec.cat\/iescalgravat\/general\/mostra-de-teatre-instituts\/\" title=\"Read MOSTRA DE TEATRE INSTITUTS\">Llegeix m\u00e9s\u00bb<\/a><\/p>\n","protected":false},"author":1,"featured_media":0,"comment_status":"closed","ping_status":"closed","sticky":false,"template":"","format":"standard","meta":{"_bbp_topic_count":0,"_bbp_reply_count":0,"_bbp_total_topic_count":0,"_bbp_total_reply_count":0,"_bbp_voice_count":0,"_bbp_anonymous_reply_count":0,"_bbp_topic_count_hidden":0,"_bbp_reply_count_hidden":0,"_bbp_forum_subforum_count":0,"footnotes":""},"categories":[1,29],"tags":[],"class_list":["post-6405","post","type-post","status-publish","format-standard","hentry","category-general","category-portada"],"post_mailing_queue_ids":[],"_links":{"self":[{"href":"https:\/\/agora.xtec.cat\/iescalgravat\/wp-json\/wp\/v2\/posts\/6405","targetHints":{"allow":["GET"]}}],"collection":[{"href":"https:\/\/agora.xtec.cat\/iescalgravat\/wp-json\/wp\/v2\/posts"}],"about":[{"href":"https:\/\/agora.xtec.cat\/iescalgravat\/wp-json\/wp\/v2\/types\/post"}],"author":[{"embeddable":true,"href":"https:\/\/agora.xtec.cat\/iescalgravat\/wp-json\/wp\/v2\/users\/1"}],"replies":[{"embeddable":true,"href":"https:\/\/agora.xtec.cat\/iescalgravat\/wp-json\/wp\/v2\/comments?post=6405"}],"version-history":[{"count":1,"href":"https:\/\/agora.xtec.cat\/iescalgravat\/wp-json\/wp\/v2\/posts\/6405\/revisions"}],"predecessor-version":[{"id":6407,"href":"https:\/\/agora.xtec.cat\/iescalgravat\/wp-json\/wp\/v2\/posts\/6405\/revisions\/6407"}],"wp:attachment":[{"href":"https:\/\/agora.xtec.cat\/iescalgravat\/wp-json\/wp\/v2\/media?parent=6405"}],"wp:term":[{"taxonomy":"category","embeddable":true,"href":"https:\/\/agora.xtec.cat\/iescalgravat\/wp-json\/wp\/v2\/categories?post=6405"},{"taxonomy":"post_tag","embeddable":true,"href":"https:\/\/agora.xtec.cat\/iescalgravat\/wp-json\/wp\/v2\/tags?post=6405"}],"curies":[{"name":"wp","href":"https:\/\/api.w.org\/{rel}","templated":true}]}}