{"id":6377,"date":"2024-05-28T09:23:22","date_gmt":"2024-05-28T07:23:22","guid":{"rendered":"https:\/\/agora.xtec.cat\/iescalgravat\/?p=6377"},"modified":"2024-05-28T09:24:42","modified_gmt":"2024-05-28T07:24:42","slug":"visita-a-la-culla-la-vinya","status":"publish","type":"post","link":"https:\/\/agora.xtec.cat\/iescalgravat\/general\/visita-a-la-culla-la-vinya\/","title":{"rendered":"VISITA A LA CULLA. LA VINYA"},"content":{"rendered":"<p>L&#8217;alumnat de tercer vam anar a finals de maig a visitar la Culla per aprendre m\u00e9s sobre una de les tradicions del nostre pa\u00eds: la vinya i la producci\u00f3 de vi. Vam aprendre sobre la hist\u00f2ria, vam veure els horts i les vinyes i vam veure, al laboratori, algun dels processos cient\u00edfics que necessita la producci\u00f3 del vi.<\/p>\n\n\t\t<style type=\"text\/css\">\n\t\t\t#gallery-1 {\n\t\t\t\tmargin: auto;\n\t\t\t}\n\t\t\t#gallery-1 .gallery-item {\n\t\t\t\tfloat: left;\n\t\t\t\tmargin-top: 10px;\n\t\t\t\ttext-align: center;\n\t\t\t\twidth: 50%;\n\t\t\t}\n\t\t\t#gallery-1 img {\n\t\t\t\tborder: 2px solid #cfcfcf;\n\t\t\t}\n\t\t\t#gallery-1 .gallery-caption {\n\t\t\t\tmargin-left: 0;\n\t\t\t}\n\t\t\t\/* see gallery_shortcode() in wp-includes\/media.php *\/\n\t\t<\/style>\n\t\t<div id='gallery-1' class='gallery galleryid-6377 gallery-columns-2 gallery-size-large'><dl class='gallery-item'>\n\t\t\t<dt class='gallery-icon landscape'>\n\t\t\t\t<a href='https:\/\/agora.xtec.cat\/iescalgravat\/general\/visita-a-la-culla-la-vinya\/attachment\/la-culla_20240517_094057350-mp\/'><img loading=\"lazy\" decoding=\"async\" width=\"1024\" height=\"771\" src=\"https:\/\/agora.xtec.cat\/iescalgravat\/wp-content\/uploads\/usu63\/2024\/05\/La-culla_20240517_094057350.MP_-1024x771.jpg\" class=\"attachment-large size-large\" alt=\"\" srcset=\"https:\/\/agora.xtec.cat\/iescalgravat\/wp-content\/uploads\/usu63\/2024\/05\/La-culla_20240517_094057350.MP_-1024x771.jpg 1024w, https:\/\/agora.xtec.cat\/iescalgravat\/wp-content\/uploads\/usu63\/2024\/05\/La-culla_20240517_094057350.MP_-300x226.jpg 300w, https:\/\/agora.xtec.cat\/iescalgravat\/wp-content\/uploads\/usu63\/2024\/05\/La-culla_20240517_094057350.MP_-768x578.jpg 768w, https:\/\/agora.xtec.cat\/iescalgravat\/wp-content\/uploads\/usu63\/2024\/05\/La-culla_20240517_094057350.MP_-1536x1157.jpg 1536w, https:\/\/agora.xtec.cat\/iescalgravat\/wp-content\/uploads\/usu63\/2024\/05\/La-culla_20240517_094057350.MP_-2048x1542.jpg 2048w, https:\/\/agora.xtec.cat\/iescalgravat\/wp-content\/uploads\/usu63\/2024\/05\/La-culla_20240517_094057350.MP_-200x150.jpg 200w\" sizes=\"auto, (max-width: 1024px) 100vw, 1024px\" \/><\/a>\n\t\t\t<\/dt><\/dl><dl class='gallery-item'>\n\t\t\t<dt class='gallery-icon landscape'>\n\t\t\t\t<a href='https:\/\/agora.xtec.cat\/iescalgravat\/general\/visita-a-la-culla-la-vinya\/attachment\/la-culla-6-ada-andres\/'><img loading=\"lazy\" decoding=\"async\" width=\"1024\" height=\"768\" src=\"https:\/\/agora.xtec.cat\/iescalgravat\/wp-content\/uploads\/usu63\/2024\/05\/La-Culla-6-Ada-Andres-1024x768.jpg\" class=\"attachment-large size-large\" alt=\"\" srcset=\"https:\/\/agora.xtec.cat\/iescalgravat\/wp-content\/uploads\/usu63\/2024\/05\/La-Culla-6-Ada-Andres-1024x768.jpg 1024w, https:\/\/agora.xtec.cat\/iescalgravat\/wp-content\/uploads\/usu63\/2024\/05\/La-Culla-6-Ada-Andres-300x225.jpg 300w, https:\/\/agora.xtec.cat\/iescalgravat\/wp-content\/uploads\/usu63\/2024\/05\/La-Culla-6-Ada-Andres-768x576.jpg 768w, https:\/\/agora.xtec.cat\/iescalgravat\/wp-content\/uploads\/usu63\/2024\/05\/La-Culla-6-Ada-Andres-1536x1152.jpg 1536w, https:\/\/agora.xtec.cat\/iescalgravat\/wp-content\/uploads\/usu63\/2024\/05\/La-Culla-6-Ada-Andres-200x150.jpg 200w, https:\/\/agora.xtec.cat\/iescalgravat\/wp-content\/uploads\/usu63\/2024\/05\/La-Culla-6-Ada-Andres.jpg 2040w\" sizes=\"auto, (max-width: 1024px) 100vw, 1024px\" \/><\/a>\n\t\t\t<\/dt><\/dl><br style=\"clear: both\" \/><dl class='gallery-item'>\n\t\t\t<dt class='gallery-icon portrait'>\n\t\t\t\t<a href='https:\/\/agora.xtec.cat\/iescalgravat\/general\/visita-a-la-culla-la-vinya\/attachment\/la-culla_20240516_093231746-mp\/'><img loading=\"lazy\" decoding=\"async\" width=\"771\" height=\"1024\" src=\"https:\/\/agora.xtec.cat\/iescalgravat\/wp-content\/uploads\/usu63\/2024\/05\/La-culla_20240516_093231746.MP_-771x1024.jpg\" class=\"attachment-large size-large\" alt=\"\" srcset=\"https:\/\/agora.xtec.cat\/iescalgravat\/wp-content\/uploads\/usu63\/2024\/05\/La-culla_20240516_093231746.MP_-771x1024.jpg 771w, https:\/\/agora.xtec.cat\/iescalgravat\/wp-content\/uploads\/usu63\/2024\/05\/La-culla_20240516_093231746.MP_-226x300.jpg 226w, https:\/\/agora.xtec.cat\/iescalgravat\/wp-content\/uploads\/usu63\/2024\/05\/La-culla_20240516_093231746.MP_-768x1020.jpg 768w, https:\/\/agora.xtec.cat\/iescalgravat\/wp-content\/uploads\/usu63\/2024\/05\/La-culla_20240516_093231746.MP_-1157x1536.jpg 1157w, https:\/\/agora.xtec.cat\/iescalgravat\/wp-content\/uploads\/usu63\/2024\/05\/La-culla_20240516_093231746.MP_-1542x2048.jpg 1542w, https:\/\/agora.xtec.cat\/iescalgravat\/wp-content\/uploads\/usu63\/2024\/05\/La-culla_20240516_093231746.MP_-scaled.jpg 1928w\" sizes=\"auto, (max-width: 771px) 100vw, 771px\" \/><\/a>\n\t\t\t<\/dt><\/dl><dl class='gallery-item'>\n\t\t\t<dt class='gallery-icon portrait'>\n\t\t\t\t<a href='https:\/\/agora.xtec.cat\/iescalgravat\/general\/visita-a-la-culla-la-vinya\/attachment\/la-culla_20240517_095717413-mp\/'><img loading=\"lazy\" decoding=\"async\" width=\"771\" height=\"1024\" src=\"https:\/\/agora.xtec.cat\/iescalgravat\/wp-content\/uploads\/usu63\/2024\/05\/La-culla_20240517_095717413.MP_-771x1024.jpg\" class=\"attachment-large size-large\" alt=\"\" srcset=\"https:\/\/agora.xtec.cat\/iescalgravat\/wp-content\/uploads\/usu63\/2024\/05\/La-culla_20240517_095717413.MP_-771x1024.jpg 771w, https:\/\/agora.xtec.cat\/iescalgravat\/wp-content\/uploads\/usu63\/2024\/05\/La-culla_20240517_095717413.MP_-226x300.jpg 226w, https:\/\/agora.xtec.cat\/iescalgravat\/wp-content\/uploads\/usu63\/2024\/05\/La-culla_20240517_095717413.MP_-768x1020.jpg 768w, https:\/\/agora.xtec.cat\/iescalgravat\/wp-content\/uploads\/usu63\/2024\/05\/La-culla_20240517_095717413.MP_-1157x1536.jpg 1157w, https:\/\/agora.xtec.cat\/iescalgravat\/wp-content\/uploads\/usu63\/2024\/05\/La-culla_20240517_095717413.MP_-1542x2048.jpg 1542w, https:\/\/agora.xtec.cat\/iescalgravat\/wp-content\/uploads\/usu63\/2024\/05\/La-culla_20240517_095717413.MP_-scaled.jpg 1928w\" sizes=\"auto, (max-width: 771px) 100vw, 771px\" \/><\/a>\n\t\t\t<\/dt><\/dl><br style=\"clear: both\" \/>\n\t\t<\/div>\n\n<p>&nbsp;<\/p>\n","protected":false},"excerpt":{"rendered":"<p>L&#8217;alumnat de tercer vam anar a finals de maig a visitar la Culla per aprendre m\u00e9s sobre una de les tradicions del nostre pa\u00eds: la vinya i la producci\u00f3 de vi. Vam aprendre sobre la hist\u00f2ria, vam veure els horts i les vinyes i vam&hellip;  <a href=\"https:\/\/agora.xtec.cat\/iescalgravat\/general\/visita-a-la-culla-la-vinya\/\" title=\"Read VISITA A LA CULLA. LA VINYA\">Llegeix m\u00e9s\u00bb<\/a><\/p>\n","protected":false},"author":1,"featured_media":0,"comment_status":"closed","ping_status":"closed","sticky":false,"template":"","format":"standard","meta":{"_bbp_topic_count":0,"_bbp_reply_count":0,"_bbp_total_topic_count":0,"_bbp_total_reply_count":0,"_bbp_voice_count":0,"_bbp_anonymous_reply_count":0,"_bbp_topic_count_hidden":0,"_bbp_reply_count_hidden":0,"_bbp_forum_subforum_count":0,"footnotes":""},"categories":[1,29],"tags":[],"class_list":["post-6377","post","type-post","status-publish","format-standard","hentry","category-general","category-portada"],"post_mailing_queue_ids":[],"_links":{"self":[{"href":"https:\/\/agora.xtec.cat\/iescalgravat\/wp-json\/wp\/v2\/posts\/6377","targetHints":{"allow":["GET"]}}],"collection":[{"href":"https:\/\/agora.xtec.cat\/iescalgravat\/wp-json\/wp\/v2\/posts"}],"about":[{"href":"https:\/\/agora.xtec.cat\/iescalgravat\/wp-json\/wp\/v2\/types\/post"}],"author":[{"embeddable":true,"href":"https:\/\/agora.xtec.cat\/iescalgravat\/wp-json\/wp\/v2\/users\/1"}],"replies":[{"embeddable":true,"href":"https:\/\/agora.xtec.cat\/iescalgravat\/wp-json\/wp\/v2\/comments?post=6377"}],"version-history":[{"count":3,"href":"https:\/\/agora.xtec.cat\/iescalgravat\/wp-json\/wp\/v2\/posts\/6377\/revisions"}],"predecessor-version":[{"id":6385,"href":"https:\/\/agora.xtec.cat\/iescalgravat\/wp-json\/wp\/v2\/posts\/6377\/revisions\/6385"}],"wp:attachment":[{"href":"https:\/\/agora.xtec.cat\/iescalgravat\/wp-json\/wp\/v2\/media?parent=6377"}],"wp:term":[{"taxonomy":"category","embeddable":true,"href":"https:\/\/agora.xtec.cat\/iescalgravat\/wp-json\/wp\/v2\/categories?post=6377"},{"taxonomy":"post_tag","embeddable":true,"href":"https:\/\/agora.xtec.cat\/iescalgravat\/wp-json\/wp\/v2\/tags?post=6377"}],"curies":[{"name":"wp","href":"https:\/\/api.w.org\/{rel}","templated":true}]}}