{"id":6360,"date":"2024-05-14T16:08:28","date_gmt":"2024-05-14T14:08:28","guid":{"rendered":"https:\/\/agora.xtec.cat\/iescalgravat\/?p=6360"},"modified":"2024-05-14T16:08:28","modified_gmt":"2024-05-14T14:08:28","slug":"iv-jornada-de-classiques-del-bages","status":"publish","type":"post","link":"https:\/\/agora.xtec.cat\/iescalgravat\/general\/iv-jornada-de-classiques-del-bages\/","title":{"rendered":"IV JORNADA DE CL\u00c0SSIQUES DEL BAGES"},"content":{"rendered":"<p>L&#8217;alumnat de 4t d&#8217;ESO de llat\u00ed hem participat en la IV Jornada de Cl\u00e0ssiques del Bages. Hi hem dut a terme tallers de mosaics romans, escape room, jocs de l&#8217;antiguitat, estampaci\u00f3&#8230; I tot aix\u00f2 l&#8217;endem\u00e0 de posar en pr\u00e0ctica el que hav\u00edem apr\u00e8s sobre l&#8217;educaci\u00f3 a l&#8217;antiga Roma escrivint amb tinta i c\u00e0lam sobre papir.<\/p>\n\n\t\t<style type=\"text\/css\">\n\t\t\t#gallery-1 {\n\t\t\t\tmargin: auto;\n\t\t\t}\n\t\t\t#gallery-1 .gallery-item {\n\t\t\t\tfloat: left;\n\t\t\t\tmargin-top: 10px;\n\t\t\t\ttext-align: center;\n\t\t\t\twidth: 50%;\n\t\t\t}\n\t\t\t#gallery-1 img {\n\t\t\t\tborder: 2px solid #cfcfcf;\n\t\t\t}\n\t\t\t#gallery-1 .gallery-caption {\n\t\t\t\tmargin-left: 0;\n\t\t\t}\n\t\t\t\/* see gallery_shortcode() in wp-includes\/media.php *\/\n\t\t<\/style>\n\t\t<div id='gallery-1' class='gallery galleryid-6360 gallery-columns-2 gallery-size-large'><dl class='gallery-item'>\n\t\t\t<dt class='gallery-icon landscape'>\n\t\t\t\t<a href='https:\/\/agora.xtec.cat\/iescalgravat\/general\/iv-jornada-de-classiques-del-bages\/attachment\/jornada-classiques-1-laura-viayna-graells\/'><img loading=\"lazy\" decoding=\"async\" width=\"1024\" height=\"768\" src=\"https:\/\/agora.xtec.cat\/iescalgravat\/wp-content\/uploads\/usu63\/2024\/05\/Jornada-Classiques-1-LAURA-VIAYNA-GRAELLS-1024x768.jpg\" class=\"attachment-large size-large\" alt=\"\" srcset=\"https:\/\/agora.xtec.cat\/iescalgravat\/wp-content\/uploads\/usu63\/2024\/05\/Jornada-Classiques-1-LAURA-VIAYNA-GRAELLS-1024x768.jpg 1024w, https:\/\/agora.xtec.cat\/iescalgravat\/wp-content\/uploads\/usu63\/2024\/05\/Jornada-Classiques-1-LAURA-VIAYNA-GRAELLS-300x225.jpg 300w, https:\/\/agora.xtec.cat\/iescalgravat\/wp-content\/uploads\/usu63\/2024\/05\/Jornada-Classiques-1-LAURA-VIAYNA-GRAELLS-768x576.jpg 768w, https:\/\/agora.xtec.cat\/iescalgravat\/wp-content\/uploads\/usu63\/2024\/05\/Jornada-Classiques-1-LAURA-VIAYNA-GRAELLS-1536x1152.jpg 1536w, https:\/\/agora.xtec.cat\/iescalgravat\/wp-content\/uploads\/usu63\/2024\/05\/Jornada-Classiques-1-LAURA-VIAYNA-GRAELLS-2048x1536.jpg 2048w, https:\/\/agora.xtec.cat\/iescalgravat\/wp-content\/uploads\/usu63\/2024\/05\/Jornada-Classiques-1-LAURA-VIAYNA-GRAELLS-200x150.jpg 200w\" sizes=\"auto, (max-width: 1024px) 100vw, 1024px\" \/><\/a>\n\t\t\t<\/dt><\/dl><dl class='gallery-item'>\n\t\t\t<dt class='gallery-icon landscape'>\n\t\t\t\t<a href='https:\/\/agora.xtec.cat\/iescalgravat\/general\/iv-jornada-de-classiques-del-bages\/attachment\/jornada-classiques-2-laura-viayna-graells\/'><img loading=\"lazy\" decoding=\"async\" width=\"1024\" height=\"768\" src=\"https:\/\/agora.xtec.cat\/iescalgravat\/wp-content\/uploads\/usu63\/2024\/05\/Jornada-Classiques-2-LAURA-VIAYNA-GRAELLS-1024x768.jpg\" class=\"attachment-large size-large\" alt=\"\" srcset=\"https:\/\/agora.xtec.cat\/iescalgravat\/wp-content\/uploads\/usu63\/2024\/05\/Jornada-Classiques-2-LAURA-VIAYNA-GRAELLS-1024x768.jpg 1024w, https:\/\/agora.xtec.cat\/iescalgravat\/wp-content\/uploads\/usu63\/2024\/05\/Jornada-Classiques-2-LAURA-VIAYNA-GRAELLS-300x225.jpg 300w, https:\/\/agora.xtec.cat\/iescalgravat\/wp-content\/uploads\/usu63\/2024\/05\/Jornada-Classiques-2-LAURA-VIAYNA-GRAELLS-768x576.jpg 768w, https:\/\/agora.xtec.cat\/iescalgravat\/wp-content\/uploads\/usu63\/2024\/05\/Jornada-Classiques-2-LAURA-VIAYNA-GRAELLS-1536x1152.jpg 1536w, https:\/\/agora.xtec.cat\/iescalgravat\/wp-content\/uploads\/usu63\/2024\/05\/Jornada-Classiques-2-LAURA-VIAYNA-GRAELLS-200x150.jpg 200w, https:\/\/agora.xtec.cat\/iescalgravat\/wp-content\/uploads\/usu63\/2024\/05\/Jornada-Classiques-2-LAURA-VIAYNA-GRAELLS.jpg 2048w\" sizes=\"auto, (max-width: 1024px) 100vw, 1024px\" \/><\/a>\n\t\t\t<\/dt><\/dl><br style=\"clear: both\" \/>\n\t\t<\/div>\n\n","protected":false},"excerpt":{"rendered":"<p>L&#8217;alumnat de 4t d&#8217;ESO de llat\u00ed hem participat en la IV Jornada de Cl\u00e0ssiques del Bages. Hi hem dut a terme tallers de mosaics romans, escape room, jocs de l&#8217;antiguitat, estampaci\u00f3&#8230; I tot aix\u00f2 l&#8217;endem\u00e0 de posar en pr\u00e0ctica el que hav\u00edem apr\u00e8s sobre l&#8217;educaci\u00f3&hellip;  <a href=\"https:\/\/agora.xtec.cat\/iescalgravat\/general\/iv-jornada-de-classiques-del-bages\/\" title=\"Read IV JORNADA DE CL\u00c0SSIQUES DEL BAGES\">Llegeix m\u00e9s\u00bb<\/a><\/p>\n","protected":false},"author":1,"featured_media":0,"comment_status":"closed","ping_status":"closed","sticky":false,"template":"","format":"standard","meta":{"_bbp_topic_count":0,"_bbp_reply_count":0,"_bbp_total_topic_count":0,"_bbp_total_reply_count":0,"_bbp_voice_count":0,"_bbp_anonymous_reply_count":0,"_bbp_topic_count_hidden":0,"_bbp_reply_count_hidden":0,"_bbp_forum_subforum_count":0,"footnotes":""},"categories":[1,29],"tags":[],"class_list":["post-6360","post","type-post","status-publish","format-standard","hentry","category-general","category-portada"],"post_mailing_queue_ids":[],"_links":{"self":[{"href":"https:\/\/agora.xtec.cat\/iescalgravat\/wp-json\/wp\/v2\/posts\/6360","targetHints":{"allow":["GET"]}}],"collection":[{"href":"https:\/\/agora.xtec.cat\/iescalgravat\/wp-json\/wp\/v2\/posts"}],"about":[{"href":"https:\/\/agora.xtec.cat\/iescalgravat\/wp-json\/wp\/v2\/types\/post"}],"author":[{"embeddable":true,"href":"https:\/\/agora.xtec.cat\/iescalgravat\/wp-json\/wp\/v2\/users\/1"}],"replies":[{"embeddable":true,"href":"https:\/\/agora.xtec.cat\/iescalgravat\/wp-json\/wp\/v2\/comments?post=6360"}],"version-history":[{"count":1,"href":"https:\/\/agora.xtec.cat\/iescalgravat\/wp-json\/wp\/v2\/posts\/6360\/revisions"}],"predecessor-version":[{"id":6363,"href":"https:\/\/agora.xtec.cat\/iescalgravat\/wp-json\/wp\/v2\/posts\/6360\/revisions\/6363"}],"wp:attachment":[{"href":"https:\/\/agora.xtec.cat\/iescalgravat\/wp-json\/wp\/v2\/media?parent=6360"}],"wp:term":[{"taxonomy":"category","embeddable":true,"href":"https:\/\/agora.xtec.cat\/iescalgravat\/wp-json\/wp\/v2\/categories?post=6360"},{"taxonomy":"post_tag","embeddable":true,"href":"https:\/\/agora.xtec.cat\/iescalgravat\/wp-json\/wp\/v2\/tags?post=6360"}],"curies":[{"name":"wp","href":"https:\/\/api.w.org\/{rel}","templated":true}]}}