{"id":634,"date":"2017-02-04T18:25:20","date_gmt":"2017-02-04T17:25:20","guid":{"rendered":"http:\/\/agora.xtec.cat\/iescalgravat\/?p=634"},"modified":"2017-05-12T11:06:27","modified_gmt":"2017-05-12T09:06:27","slug":"repensem-la-secundaria","status":"publish","type":"post","link":"https:\/\/agora.xtec.cat\/iescalgravat\/general\/repensem-la-secundaria\/","title":{"rendered":"REPENSEM LA SECUND\u00c0RIA"},"content":{"rendered":"<p class=\"font_8\" style=\"text-align: justify;\">El passat dissabte <em><strong>21 de gener<\/strong><\/em> dins el marc de la I Jornada de debat i reflexi\u00f3 que es van dur a terme al Kursaal, en <em><strong>Ramon Barlam<\/strong><\/em> acompanyat pels <em><strong>alumnes de 2n ESO<\/strong><\/em>: Gisela Abat, Alexandra Bal, Raisa Iconareasea, Lara Pardillo, Javier Vega i Ana Paula Zamora, van poder explicar com <em><strong>&#8220;Centres i docents que aposten pel canvi a les seves aules&#8221;.<\/strong><\/em>\u00a0 Es van <em><strong>plantejar les quatre dimensions del canvi educatiu<\/strong><\/em>. Despr\u00e9s d&#8217;una breu introducci\u00f3, alumnes de Cal Gravat les il\u00b7lustraran amb experi\u00e8ncies i actuacions concretes a l&#8217;aula portades a terme durant aquests darrers cursos: gamificaci\u00f3,\u00a0flipped Classroom, escriptura telecol\u00b7laborativa al n\u00favol, m\u00f3ns virtuals i participaci\u00f3 al World Mobile City Project. Experi\u00e8ncies totes elles exportables a altres realitats.<\/p>\n<p class=\"font_8\"><a href=\"http:\/\/agora.xtec.cat\/iescalgravat\/wp-content\/uploads\/usu63\/2017\/02\/2017-02-04-PHOTO-00002561.jpg\"><img loading=\"lazy\" decoding=\"async\" class=\"alignnone size-medium wp-image-635\" src=\"http:\/\/agora.xtec.cat\/iescalgravat\/wp-content\/uploads\/usu63\/2017\/02\/2017-02-04-PHOTO-00002561-300x225.jpg\" alt=\"2017-02-04-photo-00002561\" width=\"300\" height=\"225\" srcset=\"https:\/\/agora.xtec.cat\/iescalgravat\/wp-content\/uploads\/usu63\/2017\/02\/2017-02-04-PHOTO-00002561-300x225.jpg 300w, https:\/\/agora.xtec.cat\/iescalgravat\/wp-content\/uploads\/usu63\/2017\/02\/2017-02-04-PHOTO-00002561-768x576.jpg 768w, https:\/\/agora.xtec.cat\/iescalgravat\/wp-content\/uploads\/usu63\/2017\/02\/2017-02-04-PHOTO-00002561-1024x768.jpg 1024w, https:\/\/agora.xtec.cat\/iescalgravat\/wp-content\/uploads\/usu63\/2017\/02\/2017-02-04-PHOTO-00002561-200x150.jpg 200w, https:\/\/agora.xtec.cat\/iescalgravat\/wp-content\/uploads\/usu63\/2017\/02\/2017-02-04-PHOTO-00002561.jpg 1600w\" sizes=\"auto, (max-width: 300px) 100vw, 300px\" \/><\/a> <a href=\"http:\/\/agora.xtec.cat\/iescalgravat\/wp-content\/uploads\/usu63\/2017\/02\/2017-02-04-PHOTO-00002560.jpg\"><img loading=\"lazy\" decoding=\"async\" class=\"alignnone size-medium wp-image-636\" src=\"http:\/\/agora.xtec.cat\/iescalgravat\/wp-content\/uploads\/usu63\/2017\/02\/2017-02-04-PHOTO-00002560-300x225.jpg\" alt=\"2017-02-04-photo-00002560\" width=\"300\" height=\"225\" srcset=\"https:\/\/agora.xtec.cat\/iescalgravat\/wp-content\/uploads\/usu63\/2017\/02\/2017-02-04-PHOTO-00002560-300x225.jpg 300w, https:\/\/agora.xtec.cat\/iescalgravat\/wp-content\/uploads\/usu63\/2017\/02\/2017-02-04-PHOTO-00002560-768x576.jpg 768w, https:\/\/agora.xtec.cat\/iescalgravat\/wp-content\/uploads\/usu63\/2017\/02\/2017-02-04-PHOTO-00002560-1024x768.jpg 1024w, https:\/\/agora.xtec.cat\/iescalgravat\/wp-content\/uploads\/usu63\/2017\/02\/2017-02-04-PHOTO-00002560-200x150.jpg 200w, https:\/\/agora.xtec.cat\/iescalgravat\/wp-content\/uploads\/usu63\/2017\/02\/2017-02-04-PHOTO-00002560.jpg 1600w\" sizes=\"auto, (max-width: 300px) 100vw, 300px\" \/><\/a> <a href=\"http:\/\/agora.xtec.cat\/iescalgravat\/wp-content\/uploads\/usu63\/2017\/02\/2017-02-04-PHOTO-00002582.jpg\"><img loading=\"lazy\" decoding=\"async\" class=\"alignnone size-medium wp-image-637\" src=\"http:\/\/agora.xtec.cat\/iescalgravat\/wp-content\/uploads\/usu63\/2017\/02\/2017-02-04-PHOTO-00002582-300x225.jpg\" alt=\"2017-02-04-photo-00002582\" width=\"300\" height=\"225\" srcset=\"https:\/\/agora.xtec.cat\/iescalgravat\/wp-content\/uploads\/usu63\/2017\/02\/2017-02-04-PHOTO-00002582-300x225.jpg 300w, https:\/\/agora.xtec.cat\/iescalgravat\/wp-content\/uploads\/usu63\/2017\/02\/2017-02-04-PHOTO-00002582-768x576.jpg 768w, https:\/\/agora.xtec.cat\/iescalgravat\/wp-content\/uploads\/usu63\/2017\/02\/2017-02-04-PHOTO-00002582-1024x768.jpg 1024w, https:\/\/agora.xtec.cat\/iescalgravat\/wp-content\/uploads\/usu63\/2017\/02\/2017-02-04-PHOTO-00002582-200x150.jpg 200w, https:\/\/agora.xtec.cat\/iescalgravat\/wp-content\/uploads\/usu63\/2017\/02\/2017-02-04-PHOTO-00002582.jpg 1600w\" sizes=\"auto, (max-width: 300px) 100vw, 300px\" \/><\/a><\/p>\n","protected":false},"excerpt":{"rendered":"<p>El passat dissabte 21 de gener dins el marc de la I Jornada de debat i reflexi\u00f3 que es van dur a terme al Kursaal, en Ramon Barlam acompanyat pels alumnes de 2n ESO: Gisela Abat, Alexandra Bal, Raisa Iconareasea, Lara Pardillo, Javier Vega i&hellip;  <a href=\"https:\/\/agora.xtec.cat\/iescalgravat\/general\/repensem-la-secundaria\/\" title=\"Read REPENSEM LA SECUND\u00c0RIA\">Llegeix m\u00e9s\u00bb<\/a><\/p>\n","protected":false},"author":1,"featured_media":635,"comment_status":"open","ping_status":"open","sticky":false,"template":"","format":"standard","meta":{"_bbp_topic_count":0,"_bbp_reply_count":0,"_bbp_total_topic_count":0,"_bbp_total_reply_count":0,"_bbp_voice_count":0,"_bbp_anonymous_reply_count":0,"_bbp_topic_count_hidden":0,"_bbp_reply_count_hidden":0,"_bbp_forum_subforum_count":0,"footnotes":""},"categories":[3,5,14,15,16,106,1],"tags":[109,102,110],"class_list":["post-634","post","type-post","status-publish","format-standard","has-post-thumbnail","hentry","category-eso","category-eso-2","category-eso-2a","category-eso-2b","category-eso-2c","category-eso-2d","category-general","tag-alumnes","tag-eso","tag-experiencies"],"post_mailing_queue_ids":[],"_links":{"self":[{"href":"https:\/\/agora.xtec.cat\/iescalgravat\/wp-json\/wp\/v2\/posts\/634","targetHints":{"allow":["GET"]}}],"collection":[{"href":"https:\/\/agora.xtec.cat\/iescalgravat\/wp-json\/wp\/v2\/posts"}],"about":[{"href":"https:\/\/agora.xtec.cat\/iescalgravat\/wp-json\/wp\/v2\/types\/post"}],"author":[{"embeddable":true,"href":"https:\/\/agora.xtec.cat\/iescalgravat\/wp-json\/wp\/v2\/users\/1"}],"replies":[{"embeddable":true,"href":"https:\/\/agora.xtec.cat\/iescalgravat\/wp-json\/wp\/v2\/comments?post=634"}],"version-history":[{"count":2,"href":"https:\/\/agora.xtec.cat\/iescalgravat\/wp-json\/wp\/v2\/posts\/634\/revisions"}],"predecessor-version":[{"id":670,"href":"https:\/\/agora.xtec.cat\/iescalgravat\/wp-json\/wp\/v2\/posts\/634\/revisions\/670"}],"wp:featuredmedia":[{"embeddable":true,"href":"https:\/\/agora.xtec.cat\/iescalgravat\/wp-json\/wp\/v2\/media\/635"}],"wp:attachment":[{"href":"https:\/\/agora.xtec.cat\/iescalgravat\/wp-json\/wp\/v2\/media?parent=634"}],"wp:term":[{"taxonomy":"category","embeddable":true,"href":"https:\/\/agora.xtec.cat\/iescalgravat\/wp-json\/wp\/v2\/categories?post=634"},{"taxonomy":"post_tag","embeddable":true,"href":"https:\/\/agora.xtec.cat\/iescalgravat\/wp-json\/wp\/v2\/tags?post=634"}],"curies":[{"name":"wp","href":"https:\/\/api.w.org\/{rel}","templated":true}]}}