{"id":6296,"date":"2024-04-23T11:33:50","date_gmt":"2024-04-23T09:33:50","guid":{"rendered":"https:\/\/agora.xtec.cat\/iescalgravat\/?p=6296"},"modified":"2024-04-23T11:58:10","modified_gmt":"2024-04-23T09:58:10","slug":"sortida-danalisi-daigues","status":"publish","type":"post","link":"https:\/\/agora.xtec.cat\/iescalgravat\/general\/sortida-danalisi-daigues\/","title":{"rendered":"SORTIDA D&#8217;AN\u00c0LISI D&#8217;AIG\u00dcES"},"content":{"rendered":"<p>La setmana passada els alumnes que cursem la mat\u00e8ria de qu\u00edmica hem pogut anar a Can Font per poder fer diverses pr\u00e0ctiques de laboratori amb l&#8217;objectiu d&#8217;analitzar l&#8217;aigua de les nostres aixetes. Com cada any aquesta sortida ha estat molt profitosa.<\/p>\n<p><a href=\"https:\/\/agora.xtec.cat\/iescalgravat\/wp-content\/uploads\/usu63\/2024\/04\/IMG_0191-ROSANNA-VINAS-ESCUDERO.jpg\"><img loading=\"lazy\" decoding=\"async\" class=\"aligncenter size-large wp-image-6297\" src=\"https:\/\/agora.xtec.cat\/iescalgravat\/wp-content\/uploads\/usu63\/2024\/04\/IMG_0191-ROSANNA-VINAS-ESCUDERO-1024x768.jpg\" alt=\"\" width=\"1024\" height=\"768\" srcset=\"https:\/\/agora.xtec.cat\/iescalgravat\/wp-content\/uploads\/usu63\/2024\/04\/IMG_0191-ROSANNA-VINAS-ESCUDERO-1024x768.jpg 1024w, https:\/\/agora.xtec.cat\/iescalgravat\/wp-content\/uploads\/usu63\/2024\/04\/IMG_0191-ROSANNA-VINAS-ESCUDERO-300x225.jpg 300w, https:\/\/agora.xtec.cat\/iescalgravat\/wp-content\/uploads\/usu63\/2024\/04\/IMG_0191-ROSANNA-VINAS-ESCUDERO-768x576.jpg 768w, https:\/\/agora.xtec.cat\/iescalgravat\/wp-content\/uploads\/usu63\/2024\/04\/IMG_0191-ROSANNA-VINAS-ESCUDERO-1536x1152.jpg 1536w, https:\/\/agora.xtec.cat\/iescalgravat\/wp-content\/uploads\/usu63\/2024\/04\/IMG_0191-ROSANNA-VINAS-ESCUDERO-200x150.jpg 200w, https:\/\/agora.xtec.cat\/iescalgravat\/wp-content\/uploads\/usu63\/2024\/04\/IMG_0191-ROSANNA-VINAS-ESCUDERO.jpg 2016w\" sizes=\"auto, (max-width: 1024px) 100vw, 1024px\" \/><\/a><\/p>\n","protected":false},"excerpt":{"rendered":"<p>La setmana passada els alumnes que cursem la mat\u00e8ria de qu\u00edmica hem pogut anar a Can Font per poder fer diverses pr\u00e0ctiques de laboratori amb l&#8217;objectiu d&#8217;analitzar l&#8217;aigua de les nostres aixetes. Com cada any aquesta sortida ha estat molt profitosa.<br \/>\n<a href=\"https:\/\/agora.xtec.cat\/iescalgravat\/wp-content\/uploads\/usu63\/2024\/04\/IMG_0191-ROSANNA-VINAS-ESCUDERO.jpg\"><\/a><\/p>\n","protected":false},"author":1,"featured_media":0,"comment_status":"closed","ping_status":"closed","sticky":false,"template":"","format":"standard","meta":{"_bbp_topic_count":0,"_bbp_reply_count":0,"_bbp_total_topic_count":0,"_bbp_total_reply_count":0,"_bbp_voice_count":0,"_bbp_anonymous_reply_count":0,"_bbp_topic_count_hidden":0,"_bbp_reply_count_hidden":0,"_bbp_forum_subforum_count":0,"footnotes":""},"categories":[1,29],"tags":[],"class_list":["post-6296","post","type-post","status-publish","format-standard","hentry","category-general","category-portada"],"post_mailing_queue_ids":[],"_links":{"self":[{"href":"https:\/\/agora.xtec.cat\/iescalgravat\/wp-json\/wp\/v2\/posts\/6296","targetHints":{"allow":["GET"]}}],"collection":[{"href":"https:\/\/agora.xtec.cat\/iescalgravat\/wp-json\/wp\/v2\/posts"}],"about":[{"href":"https:\/\/agora.xtec.cat\/iescalgravat\/wp-json\/wp\/v2\/types\/post"}],"author":[{"embeddable":true,"href":"https:\/\/agora.xtec.cat\/iescalgravat\/wp-json\/wp\/v2\/users\/1"}],"replies":[{"embeddable":true,"href":"https:\/\/agora.xtec.cat\/iescalgravat\/wp-json\/wp\/v2\/comments?post=6296"}],"version-history":[{"count":2,"href":"https:\/\/agora.xtec.cat\/iescalgravat\/wp-json\/wp\/v2\/posts\/6296\/revisions"}],"predecessor-version":[{"id":6319,"href":"https:\/\/agora.xtec.cat\/iescalgravat\/wp-json\/wp\/v2\/posts\/6296\/revisions\/6319"}],"wp:attachment":[{"href":"https:\/\/agora.xtec.cat\/iescalgravat\/wp-json\/wp\/v2\/media?parent=6296"}],"wp:term":[{"taxonomy":"category","embeddable":true,"href":"https:\/\/agora.xtec.cat\/iescalgravat\/wp-json\/wp\/v2\/categories?post=6296"},{"taxonomy":"post_tag","embeddable":true,"href":"https:\/\/agora.xtec.cat\/iescalgravat\/wp-json\/wp\/v2\/tags?post=6296"}],"curies":[{"name":"wp","href":"https:\/\/api.w.org\/{rel}","templated":true}]}}