{"id":6264,"date":"2024-03-22T12:23:06","date_gmt":"2024-03-22T11:23:06","guid":{"rendered":"https:\/\/agora.xtec.cat\/iescalgravat\/?p=6264"},"modified":"2024-03-22T12:23:06","modified_gmt":"2024-03-22T11:23:06","slug":"xerrada-amb-lautora-de-gossos-salvatges","status":"publish","type":"post","link":"https:\/\/agora.xtec.cat\/iescalgravat\/general\/xerrada-amb-lautora-de-gossos-salvatges\/","title":{"rendered":"XERRADA AMB L&#8217;AUTORA DE GOSSOS SALVATGES"},"content":{"rendered":"<p>Dimarts 19 de mar\u00e7 ens vam reunir a la biblioteca de l\u2019institut per aprofundir en les interioritats de Gossos salvatges, una novel\u00b7la que ha despertat grans inquietuds entre l\u2019alumnat de 2n d\u2019ESO i que \u00e9s finalista del Premi Protagonista Jove 23\/24. Gr\u00e0cies a la generositat de la seva autora, Georgina Dalmau, vam poder anar molt m\u00e9s lluny en l\u2019an\u00e0lisi i la reflexi\u00f3 sobre aquesta hist\u00f2ria de ficci\u00f3 dist\u00f2pica en qu\u00e8 uns joves malden per sobreviure i donar sentit a les seves vides.<\/p>\n\n\t\t<style type=\"text\/css\">\n\t\t\t#gallery-1 {\n\t\t\t\tmargin: auto;\n\t\t\t}\n\t\t\t#gallery-1 .gallery-item {\n\t\t\t\tfloat: left;\n\t\t\t\tmargin-top: 10px;\n\t\t\t\ttext-align: center;\n\t\t\t\twidth: 50%;\n\t\t\t}\n\t\t\t#gallery-1 img {\n\t\t\t\tborder: 2px solid #cfcfcf;\n\t\t\t}\n\t\t\t#gallery-1 .gallery-caption {\n\t\t\t\tmargin-left: 0;\n\t\t\t}\n\t\t\t\/* see gallery_shortcode() in wp-includes\/media.php *\/\n\t\t<\/style>\n\t\t<div id='gallery-1' class='gallery galleryid-6264 gallery-columns-2 gallery-size-full'><dl class='gallery-item'>\n\t\t\t<dt class='gallery-icon portrait'>\n\t\t\t\t<a href='https:\/\/agora.xtec.cat\/iescalgravat\/general\/xerrada-amb-lautora-de-gossos-salvatges\/attachment\/portada_gossos-salvatge-laia-suades\/'><img loading=\"lazy\" decoding=\"async\" width=\"1640\" height=\"2560\" src=\"https:\/\/agora.xtec.cat\/iescalgravat\/wp-content\/uploads\/usu63\/2024\/03\/portada_gossos-salvatge-Laia-Suades-scaled.jpg\" class=\"attachment-full size-full\" alt=\"\" srcset=\"https:\/\/agora.xtec.cat\/iescalgravat\/wp-content\/uploads\/usu63\/2024\/03\/portada_gossos-salvatge-Laia-Suades-scaled.jpg 1640w, https:\/\/agora.xtec.cat\/iescalgravat\/wp-content\/uploads\/usu63\/2024\/03\/portada_gossos-salvatge-Laia-Suades-192x300.jpg 192w, https:\/\/agora.xtec.cat\/iescalgravat\/wp-content\/uploads\/usu63\/2024\/03\/portada_gossos-salvatge-Laia-Suades-656x1024.jpg 656w, https:\/\/agora.xtec.cat\/iescalgravat\/wp-content\/uploads\/usu63\/2024\/03\/portada_gossos-salvatge-Laia-Suades-768x1199.jpg 768w, https:\/\/agora.xtec.cat\/iescalgravat\/wp-content\/uploads\/usu63\/2024\/03\/portada_gossos-salvatge-Laia-Suades-984x1536.jpg 984w, https:\/\/agora.xtec.cat\/iescalgravat\/wp-content\/uploads\/usu63\/2024\/03\/portada_gossos-salvatge-Laia-Suades-1312x2048.jpg 1312w\" sizes=\"auto, (max-width: 1640px) 100vw, 1640px\" \/><\/a>\n\t\t\t<\/dt><\/dl><dl class='gallery-item'>\n\t\t\t<dt class='gallery-icon landscape'>\n\t\t\t\t<a href='https:\/\/agora.xtec.cat\/iescalgravat\/general\/xerrada-amb-lautora-de-gossos-salvatges\/attachment\/20240319_150931-laia-suades\/'><img loading=\"lazy\" decoding=\"async\" width=\"1193\" height=\"826\" src=\"https:\/\/agora.xtec.cat\/iescalgravat\/wp-content\/uploads\/usu63\/2024\/03\/20240319_150931-Laia-Suades.jpg\" class=\"attachment-full size-full\" alt=\"\" srcset=\"https:\/\/agora.xtec.cat\/iescalgravat\/wp-content\/uploads\/usu63\/2024\/03\/20240319_150931-Laia-Suades.jpg 1193w, https:\/\/agora.xtec.cat\/iescalgravat\/wp-content\/uploads\/usu63\/2024\/03\/20240319_150931-Laia-Suades-300x208.jpg 300w, https:\/\/agora.xtec.cat\/iescalgravat\/wp-content\/uploads\/usu63\/2024\/03\/20240319_150931-Laia-Suades-1024x709.jpg 1024w, https:\/\/agora.xtec.cat\/iescalgravat\/wp-content\/uploads\/usu63\/2024\/03\/20240319_150931-Laia-Suades-768x532.jpg 768w\" sizes=\"auto, (max-width: 1193px) 100vw, 1193px\" \/><\/a>\n\t\t\t<\/dt><\/dl><br style=\"clear: both\" \/><dl class='gallery-item'>\n\t\t\t<dt class='gallery-icon landscape'>\n\t\t\t\t<a href='https:\/\/agora.xtec.cat\/iescalgravat\/general\/xerrada-amb-lautora-de-gossos-salvatges\/attachment\/img-20240319-wa0003-laia-suades\/'><img loading=\"lazy\" decoding=\"async\" width=\"1325\" height=\"924\" src=\"https:\/\/agora.xtec.cat\/iescalgravat\/wp-content\/uploads\/usu63\/2024\/03\/IMG-20240319-WA0003-Laia-Suades.jpg\" class=\"attachment-full size-full\" alt=\"\" srcset=\"https:\/\/agora.xtec.cat\/iescalgravat\/wp-content\/uploads\/usu63\/2024\/03\/IMG-20240319-WA0003-Laia-Suades.jpg 1325w, https:\/\/agora.xtec.cat\/iescalgravat\/wp-content\/uploads\/usu63\/2024\/03\/IMG-20240319-WA0003-Laia-Suades-300x209.jpg 300w, https:\/\/agora.xtec.cat\/iescalgravat\/wp-content\/uploads\/usu63\/2024\/03\/IMG-20240319-WA0003-Laia-Suades-1024x714.jpg 1024w, https:\/\/agora.xtec.cat\/iescalgravat\/wp-content\/uploads\/usu63\/2024\/03\/IMG-20240319-WA0003-Laia-Suades-768x536.jpg 768w\" sizes=\"auto, (max-width: 1325px) 100vw, 1325px\" \/><\/a>\n\t\t\t<\/dt><\/dl><dl class='gallery-item'>\n\t\t\t<dt class='gallery-icon landscape'>\n\t\t\t\t<a href='https:\/\/agora.xtec.cat\/iescalgravat\/general\/xerrada-amb-lautora-de-gossos-salvatges\/attachment\/img-20240319-wa0005-laia-suades\/'><img loading=\"lazy\" decoding=\"async\" width=\"1600\" height=\"1204\" src=\"https:\/\/agora.xtec.cat\/iescalgravat\/wp-content\/uploads\/usu63\/2024\/03\/IMG-20240319-WA0005-Laia-Suades.jpg\" class=\"attachment-full size-full\" alt=\"\" srcset=\"https:\/\/agora.xtec.cat\/iescalgravat\/wp-content\/uploads\/usu63\/2024\/03\/IMG-20240319-WA0005-Laia-Suades.jpg 1600w, https:\/\/agora.xtec.cat\/iescalgravat\/wp-content\/uploads\/usu63\/2024\/03\/IMG-20240319-WA0005-Laia-Suades-300x226.jpg 300w, https:\/\/agora.xtec.cat\/iescalgravat\/wp-content\/uploads\/usu63\/2024\/03\/IMG-20240319-WA0005-Laia-Suades-1024x771.jpg 1024w, https:\/\/agora.xtec.cat\/iescalgravat\/wp-content\/uploads\/usu63\/2024\/03\/IMG-20240319-WA0005-Laia-Suades-768x578.jpg 768w, https:\/\/agora.xtec.cat\/iescalgravat\/wp-content\/uploads\/usu63\/2024\/03\/IMG-20240319-WA0005-Laia-Suades-1536x1156.jpg 1536w, https:\/\/agora.xtec.cat\/iescalgravat\/wp-content\/uploads\/usu63\/2024\/03\/IMG-20240319-WA0005-Laia-Suades-200x150.jpg 200w\" sizes=\"auto, (max-width: 1600px) 100vw, 1600px\" \/><\/a>\n\t\t\t<\/dt><\/dl><br style=\"clear: both\" \/>\n\t\t<\/div>\n\n","protected":false},"excerpt":{"rendered":"<p>Dimarts 19 de mar\u00e7 ens vam reunir a la biblioteca de l\u2019institut per aprofundir en les interioritats de Gossos salvatges, una novel\u00b7la que ha despertat grans inquietuds entre l\u2019alumnat de 2n d\u2019ESO i que \u00e9s finalista del Premi Protagonista Jove 23\/24. Gr\u00e0cies a la generositat&hellip;  <a href=\"https:\/\/agora.xtec.cat\/iescalgravat\/general\/xerrada-amb-lautora-de-gossos-salvatges\/\" title=\"Read XERRADA AMB L&#8217;AUTORA DE GOSSOS SALVATGES\">Llegeix m\u00e9s\u00bb<\/a><\/p>\n","protected":false},"author":1,"featured_media":0,"comment_status":"closed","ping_status":"closed","sticky":false,"template":"","format":"standard","meta":{"_bbp_topic_count":0,"_bbp_reply_count":0,"_bbp_total_topic_count":0,"_bbp_total_reply_count":0,"_bbp_voice_count":0,"_bbp_anonymous_reply_count":0,"_bbp_topic_count_hidden":0,"_bbp_reply_count_hidden":0,"_bbp_forum_subforum_count":0,"footnotes":""},"categories":[1,29],"tags":[],"class_list":["post-6264","post","type-post","status-publish","format-standard","hentry","category-general","category-portada"],"post_mailing_queue_ids":[],"_links":{"self":[{"href":"https:\/\/agora.xtec.cat\/iescalgravat\/wp-json\/wp\/v2\/posts\/6264","targetHints":{"allow":["GET"]}}],"collection":[{"href":"https:\/\/agora.xtec.cat\/iescalgravat\/wp-json\/wp\/v2\/posts"}],"about":[{"href":"https:\/\/agora.xtec.cat\/iescalgravat\/wp-json\/wp\/v2\/types\/post"}],"author":[{"embeddable":true,"href":"https:\/\/agora.xtec.cat\/iescalgravat\/wp-json\/wp\/v2\/users\/1"}],"replies":[{"embeddable":true,"href":"https:\/\/agora.xtec.cat\/iescalgravat\/wp-json\/wp\/v2\/comments?post=6264"}],"version-history":[{"count":1,"href":"https:\/\/agora.xtec.cat\/iescalgravat\/wp-json\/wp\/v2\/posts\/6264\/revisions"}],"predecessor-version":[{"id":6269,"href":"https:\/\/agora.xtec.cat\/iescalgravat\/wp-json\/wp\/v2\/posts\/6264\/revisions\/6269"}],"wp:attachment":[{"href":"https:\/\/agora.xtec.cat\/iescalgravat\/wp-json\/wp\/v2\/media?parent=6264"}],"wp:term":[{"taxonomy":"category","embeddable":true,"href":"https:\/\/agora.xtec.cat\/iescalgravat\/wp-json\/wp\/v2\/categories?post=6264"},{"taxonomy":"post_tag","embeddable":true,"href":"https:\/\/agora.xtec.cat\/iescalgravat\/wp-json\/wp\/v2\/tags?post=6264"}],"curies":[{"name":"wp","href":"https:\/\/api.w.org\/{rel}","templated":true}]}}