{"id":6254,"date":"2024-03-22T12:14:54","date_gmt":"2024-03-22T11:14:54","guid":{"rendered":"https:\/\/agora.xtec.cat\/iescalgravat\/?p=6254"},"modified":"2024-03-22T12:14:54","modified_gmt":"2024-03-22T11:14:54","slug":"visita-al-centre-daigua-de-manresa","status":"publish","type":"post","link":"https:\/\/agora.xtec.cat\/iescalgravat\/general\/visita-al-centre-daigua-de-manresa\/","title":{"rendered":"VISITA AL CENTRE D&#8217;AIGUA DE MANRESA"},"content":{"rendered":"<p>La setmana passada l\u2019alumnat de 1r d\u2019ESO va visitar les instal\u00b7lacions on es potabilitza l\u2019aigua per a consum hum\u00e0 de Manresa i va aprendre els diferents processos de tractament de l\u2019aigua (reixes, decantaci\u00f3, filtres de sorra, cloraci\u00f3 i dip\u00f2sits) abans d\u2019arribar a l\u2019aixeta de casa. Tamb\u00e9 van visitar el centre de l\u2019aigua de Can Font per fer un taller d\u2019aproximaci\u00f3 a la vida microsc\u00f2pica a l\u2019aigua dol\u00e7a a trav\u00e9s d\u2019una mostra d\u2019aigua extreta pels mateixos alumnes del canal que hi ha a Can Font.<\/p>\n\n\t\t<style type=\"text\/css\">\n\t\t\t#gallery-1 {\n\t\t\t\tmargin: auto;\n\t\t\t}\n\t\t\t#gallery-1 .gallery-item {\n\t\t\t\tfloat: left;\n\t\t\t\tmargin-top: 10px;\n\t\t\t\ttext-align: center;\n\t\t\t\twidth: 50%;\n\t\t\t}\n\t\t\t#gallery-1 img {\n\t\t\t\tborder: 2px solid #cfcfcf;\n\t\t\t}\n\t\t\t#gallery-1 .gallery-caption {\n\t\t\t\tmargin-left: 0;\n\t\t\t}\n\t\t\t\/* see gallery_shortcode() in wp-includes\/media.php *\/\n\t\t<\/style>\n\t\t<div id='gallery-1' class='gallery galleryid-6254 gallery-columns-2 gallery-size-medium'><dl class='gallery-item'>\n\t\t\t<dt class='gallery-icon landscape'>\n\t\t\t\t<a href='https:\/\/agora.xtec.cat\/iescalgravat\/general\/visita-al-centre-daigua-de-manresa\/attachment\/whatsapp-image-2024-03-08-at-21-37-53-joana-angrill\/'><img loading=\"lazy\" decoding=\"async\" width=\"300\" height=\"225\" src=\"https:\/\/agora.xtec.cat\/iescalgravat\/wp-content\/uploads\/usu63\/2024\/03\/WhatsApp-Image-2024-03-08-at-21.37.53-Joana-Angrill-300x225.jpeg\" class=\"attachment-medium size-medium\" alt=\"\" srcset=\"https:\/\/agora.xtec.cat\/iescalgravat\/wp-content\/uploads\/usu63\/2024\/03\/WhatsApp-Image-2024-03-08-at-21.37.53-Joana-Angrill-300x225.jpeg 300w, https:\/\/agora.xtec.cat\/iescalgravat\/wp-content\/uploads\/usu63\/2024\/03\/WhatsApp-Image-2024-03-08-at-21.37.53-Joana-Angrill-1024x768.jpeg 1024w, https:\/\/agora.xtec.cat\/iescalgravat\/wp-content\/uploads\/usu63\/2024\/03\/WhatsApp-Image-2024-03-08-at-21.37.53-Joana-Angrill-768x576.jpeg 768w, https:\/\/agora.xtec.cat\/iescalgravat\/wp-content\/uploads\/usu63\/2024\/03\/WhatsApp-Image-2024-03-08-at-21.37.53-Joana-Angrill-1536x1152.jpeg 1536w, https:\/\/agora.xtec.cat\/iescalgravat\/wp-content\/uploads\/usu63\/2024\/03\/WhatsApp-Image-2024-03-08-at-21.37.53-Joana-Angrill-200x150.jpeg 200w, https:\/\/agora.xtec.cat\/iescalgravat\/wp-content\/uploads\/usu63\/2024\/03\/WhatsApp-Image-2024-03-08-at-21.37.53-Joana-Angrill-rotated.jpeg 2048w\" sizes=\"auto, (max-width: 300px) 100vw, 300px\" \/><\/a>\n\t\t\t<\/dt><\/dl><dl class='gallery-item'>\n\t\t\t<dt class='gallery-icon landscape'>\n\t\t\t\t<a href='https:\/\/agora.xtec.cat\/iescalgravat\/general\/visita-al-centre-daigua-de-manresa\/attachment\/whatsapp-image-2024-03-08-at-21-37-53-1-joana-angrill\/'><img loading=\"lazy\" decoding=\"async\" width=\"300\" height=\"225\" src=\"https:\/\/agora.xtec.cat\/iescalgravat\/wp-content\/uploads\/usu63\/2024\/03\/WhatsApp-Image-2024-03-08-at-21.37.53-1-Joana-Angrill-300x225.jpeg\" class=\"attachment-medium size-medium\" alt=\"\" srcset=\"https:\/\/agora.xtec.cat\/iescalgravat\/wp-content\/uploads\/usu63\/2024\/03\/WhatsApp-Image-2024-03-08-at-21.37.53-1-Joana-Angrill-300x225.jpeg 300w, https:\/\/agora.xtec.cat\/iescalgravat\/wp-content\/uploads\/usu63\/2024\/03\/WhatsApp-Image-2024-03-08-at-21.37.53-1-Joana-Angrill-1024x768.jpeg 1024w, https:\/\/agora.xtec.cat\/iescalgravat\/wp-content\/uploads\/usu63\/2024\/03\/WhatsApp-Image-2024-03-08-at-21.37.53-1-Joana-Angrill-768x576.jpeg 768w, https:\/\/agora.xtec.cat\/iescalgravat\/wp-content\/uploads\/usu63\/2024\/03\/WhatsApp-Image-2024-03-08-at-21.37.53-1-Joana-Angrill-1536x1152.jpeg 1536w, https:\/\/agora.xtec.cat\/iescalgravat\/wp-content\/uploads\/usu63\/2024\/03\/WhatsApp-Image-2024-03-08-at-21.37.53-1-Joana-Angrill-200x150.jpeg 200w, https:\/\/agora.xtec.cat\/iescalgravat\/wp-content\/uploads\/usu63\/2024\/03\/WhatsApp-Image-2024-03-08-at-21.37.53-1-Joana-Angrill-rotated.jpeg 2048w\" sizes=\"auto, (max-width: 300px) 100vw, 300px\" \/><\/a>\n\t\t\t<\/dt><\/dl><br style=\"clear: both\" \/><dl class='gallery-item'>\n\t\t\t<dt class='gallery-icon landscape'>\n\t\t\t\t<a href='https:\/\/agora.xtec.cat\/iescalgravat\/general\/visita-al-centre-daigua-de-manresa\/attachment\/whatsapp-image-2024-03-08-at-21-37-54-1-joana-angrill\/'><img loading=\"lazy\" decoding=\"async\" width=\"300\" height=\"225\" src=\"https:\/\/agora.xtec.cat\/iescalgravat\/wp-content\/uploads\/usu63\/2024\/03\/WhatsApp-Image-2024-03-08-at-21.37.54-1-Joana-Angrill-300x225.jpeg\" class=\"attachment-medium size-medium\" alt=\"\" srcset=\"https:\/\/agora.xtec.cat\/iescalgravat\/wp-content\/uploads\/usu63\/2024\/03\/WhatsApp-Image-2024-03-08-at-21.37.54-1-Joana-Angrill-300x225.jpeg 300w, https:\/\/agora.xtec.cat\/iescalgravat\/wp-content\/uploads\/usu63\/2024\/03\/WhatsApp-Image-2024-03-08-at-21.37.54-1-Joana-Angrill-1024x768.jpeg 1024w, https:\/\/agora.xtec.cat\/iescalgravat\/wp-content\/uploads\/usu63\/2024\/03\/WhatsApp-Image-2024-03-08-at-21.37.54-1-Joana-Angrill-768x576.jpeg 768w, https:\/\/agora.xtec.cat\/iescalgravat\/wp-content\/uploads\/usu63\/2024\/03\/WhatsApp-Image-2024-03-08-at-21.37.54-1-Joana-Angrill-1536x1152.jpeg 1536w, https:\/\/agora.xtec.cat\/iescalgravat\/wp-content\/uploads\/usu63\/2024\/03\/WhatsApp-Image-2024-03-08-at-21.37.54-1-Joana-Angrill-200x150.jpeg 200w, https:\/\/agora.xtec.cat\/iescalgravat\/wp-content\/uploads\/usu63\/2024\/03\/WhatsApp-Image-2024-03-08-at-21.37.54-1-Joana-Angrill.jpeg 2048w\" sizes=\"auto, (max-width: 300px) 100vw, 300px\" \/><\/a>\n\t\t\t<\/dt><\/dl><dl class='gallery-item'>\n\t\t\t<dt class='gallery-icon landscape'>\n\t\t\t\t<a href='https:\/\/agora.xtec.cat\/iescalgravat\/general\/visita-al-centre-daigua-de-manresa\/attachment\/whatsapp-image-2024-03-08-at-21-38-05-1-joana-angrill\/'><img loading=\"lazy\" decoding=\"async\" width=\"300\" height=\"225\" src=\"https:\/\/agora.xtec.cat\/iescalgravat\/wp-content\/uploads\/usu63\/2024\/03\/WhatsApp-Image-2024-03-08-at-21.38.05-1-Joana-Angrill-300x225.jpeg\" class=\"attachment-medium size-medium\" alt=\"\" srcset=\"https:\/\/agora.xtec.cat\/iescalgravat\/wp-content\/uploads\/usu63\/2024\/03\/WhatsApp-Image-2024-03-08-at-21.38.05-1-Joana-Angrill-300x225.jpeg 300w, https:\/\/agora.xtec.cat\/iescalgravat\/wp-content\/uploads\/usu63\/2024\/03\/WhatsApp-Image-2024-03-08-at-21.38.05-1-Joana-Angrill-1024x768.jpeg 1024w, https:\/\/agora.xtec.cat\/iescalgravat\/wp-content\/uploads\/usu63\/2024\/03\/WhatsApp-Image-2024-03-08-at-21.38.05-1-Joana-Angrill-768x576.jpeg 768w, https:\/\/agora.xtec.cat\/iescalgravat\/wp-content\/uploads\/usu63\/2024\/03\/WhatsApp-Image-2024-03-08-at-21.38.05-1-Joana-Angrill-1536x1152.jpeg 1536w, https:\/\/agora.xtec.cat\/iescalgravat\/wp-content\/uploads\/usu63\/2024\/03\/WhatsApp-Image-2024-03-08-at-21.38.05-1-Joana-Angrill-200x150.jpeg 200w, https:\/\/agora.xtec.cat\/iescalgravat\/wp-content\/uploads\/usu63\/2024\/03\/WhatsApp-Image-2024-03-08-at-21.38.05-1-Joana-Angrill.jpeg 2048w\" sizes=\"auto, (max-width: 300px) 100vw, 300px\" \/><\/a>\n\t\t\t<\/dt><\/dl><br style=\"clear: both\" \/>\n\t\t<\/div>\n\n","protected":false},"excerpt":{"rendered":"<p>La setmana passada l\u2019alumnat de 1r d\u2019ESO va visitar les instal\u00b7lacions on es potabilitza l\u2019aigua per a consum hum\u00e0 de Manresa i va aprendre els diferents processos de tractament de l\u2019aigua (reixes, decantaci\u00f3, filtres de sorra, cloraci\u00f3 i dip\u00f2sits) abans d\u2019arribar a l\u2019aixeta de casa.&hellip;  <a href=\"https:\/\/agora.xtec.cat\/iescalgravat\/general\/visita-al-centre-daigua-de-manresa\/\" title=\"Read VISITA AL CENTRE D&#8217;AIGUA DE MANRESA\">Llegeix m\u00e9s\u00bb<\/a><\/p>\n","protected":false},"author":1,"featured_media":0,"comment_status":"closed","ping_status":"closed","sticky":false,"template":"","format":"standard","meta":{"_bbp_topic_count":0,"_bbp_reply_count":0,"_bbp_total_topic_count":0,"_bbp_total_reply_count":0,"_bbp_voice_count":0,"_bbp_anonymous_reply_count":0,"_bbp_topic_count_hidden":0,"_bbp_reply_count_hidden":0,"_bbp_forum_subforum_count":0,"footnotes":""},"categories":[1,29],"tags":[],"class_list":["post-6254","post","type-post","status-publish","format-standard","hentry","category-general","category-portada"],"post_mailing_queue_ids":[],"_links":{"self":[{"href":"https:\/\/agora.xtec.cat\/iescalgravat\/wp-json\/wp\/v2\/posts\/6254","targetHints":{"allow":["GET"]}}],"collection":[{"href":"https:\/\/agora.xtec.cat\/iescalgravat\/wp-json\/wp\/v2\/posts"}],"about":[{"href":"https:\/\/agora.xtec.cat\/iescalgravat\/wp-json\/wp\/v2\/types\/post"}],"author":[{"embeddable":true,"href":"https:\/\/agora.xtec.cat\/iescalgravat\/wp-json\/wp\/v2\/users\/1"}],"replies":[{"embeddable":true,"href":"https:\/\/agora.xtec.cat\/iescalgravat\/wp-json\/wp\/v2\/comments?post=6254"}],"version-history":[{"count":1,"href":"https:\/\/agora.xtec.cat\/iescalgravat\/wp-json\/wp\/v2\/posts\/6254\/revisions"}],"predecessor-version":[{"id":6259,"href":"https:\/\/agora.xtec.cat\/iescalgravat\/wp-json\/wp\/v2\/posts\/6254\/revisions\/6259"}],"wp:attachment":[{"href":"https:\/\/agora.xtec.cat\/iescalgravat\/wp-json\/wp\/v2\/media?parent=6254"}],"wp:term":[{"taxonomy":"category","embeddable":true,"href":"https:\/\/agora.xtec.cat\/iescalgravat\/wp-json\/wp\/v2\/categories?post=6254"},{"taxonomy":"post_tag","embeddable":true,"href":"https:\/\/agora.xtec.cat\/iescalgravat\/wp-json\/wp\/v2\/tags?post=6254"}],"curies":[{"name":"wp","href":"https:\/\/api.w.org\/{rel}","templated":true}]}}