{"id":6243,"date":"2024-03-19T16:45:49","date_gmt":"2024-03-19T15:45:49","guid":{"rendered":"https:\/\/agora.xtec.cat\/iescalgravat\/?p=6243"},"modified":"2024-03-19T16:45:49","modified_gmt":"2024-03-19T15:45:49","slug":"taller-de-sexualitat-a-3r-deso","status":"publish","type":"post","link":"https:\/\/agora.xtec.cat\/iescalgravat\/general\/taller-de-sexualitat-a-3r-deso\/","title":{"rendered":"TALLER DE SEXUALITAT A 3R D&#8217;ESO"},"content":{"rendered":"<p>El passat dia 11 de mar\u00e7, les classes de tercer d&#8217;ESO van participar en un taller de sexualitat: Salut Sexual i Afectiva impartits per la infermera i la llevadora CAP Sagrada Fam\u00edlia.<\/p>\n<p>El taller va proporcionar als alumnes informaci\u00f3 sobre la menstruaci\u00f3 i les seves etapes, els mites relacionats amb la sexualitat i les diverses formes que aquesta pot adoptar, i els diferents m\u00e8todes anticonceptius. Tamb\u00e9 es va fer una pr\u00e0ctica on cada alumne va aprendre com col\u00b7locar un preservatiu correctament. La sessi\u00f3 es va tancar fent un Quizizz de preguntes relacionades amb el taller.<\/p>\n<p>Creiem que aquest tipus d&#8217;activitats, sobretot a la nostra edat, s\u00f3n molt necess\u00e0ries.<\/p>\n<p><a href=\"https:\/\/agora.xtec.cat\/iescalgravat\/wp-content\/uploads\/usu63\/2024\/03\/IMG_9996-Andreu-Clusella.jpg\"><img loading=\"lazy\" decoding=\"async\" class=\"aligncenter size-large wp-image-6240\" src=\"https:\/\/agora.xtec.cat\/iescalgravat\/wp-content\/uploads\/usu63\/2024\/03\/IMG_9996-Andreu-Clusella-1024x768.jpg\" alt=\"\" width=\"1024\" height=\"768\" srcset=\"https:\/\/agora.xtec.cat\/iescalgravat\/wp-content\/uploads\/usu63\/2024\/03\/IMG_9996-Andreu-Clusella-1024x768.jpg 1024w, https:\/\/agora.xtec.cat\/iescalgravat\/wp-content\/uploads\/usu63\/2024\/03\/IMG_9996-Andreu-Clusella-300x225.jpg 300w, https:\/\/agora.xtec.cat\/iescalgravat\/wp-content\/uploads\/usu63\/2024\/03\/IMG_9996-Andreu-Clusella-768x576.jpg 768w, https:\/\/agora.xtec.cat\/iescalgravat\/wp-content\/uploads\/usu63\/2024\/03\/IMG_9996-Andreu-Clusella-1536x1152.jpg 1536w, https:\/\/agora.xtec.cat\/iescalgravat\/wp-content\/uploads\/usu63\/2024\/03\/IMG_9996-Andreu-Clusella-200x150.jpg 200w, https:\/\/agora.xtec.cat\/iescalgravat\/wp-content\/uploads\/usu63\/2024\/03\/IMG_9996-Andreu-Clusella.jpg 2016w\" sizes=\"auto, (max-width: 1024px) 100vw, 1024px\" \/><\/a><\/p>\n<p>Escrit per Anna Fern\u00e1ndez<\/p>\n","protected":false},"excerpt":{"rendered":"<p>El passat dia 11 de mar\u00e7, les classes de tercer d&#8217;ESO van participar en un taller de sexualitat: Salut Sexual i Afectiva impartits per la infermera i la llevadora CAP Sagrada Fam\u00edlia.<br \/>\nEl taller va proporcionar als alumnes informaci\u00f3 sobre la menstruaci\u00f3 i les seves etapes,&hellip;  <a href=\"https:\/\/agora.xtec.cat\/iescalgravat\/general\/taller-de-sexualitat-a-3r-deso\/\" title=\"Read TALLER DE SEXUALITAT A 3R D&#8217;ESO\">Llegeix m\u00e9s\u00bb<\/a><\/p>\n","protected":false},"author":1,"featured_media":0,"comment_status":"closed","ping_status":"closed","sticky":false,"template":"","format":"standard","meta":{"_bbp_topic_count":0,"_bbp_reply_count":0,"_bbp_total_topic_count":0,"_bbp_total_reply_count":0,"_bbp_voice_count":0,"_bbp_anonymous_reply_count":0,"_bbp_topic_count_hidden":0,"_bbp_reply_count_hidden":0,"_bbp_forum_subforum_count":0,"footnotes":""},"categories":[1,29],"tags":[],"class_list":["post-6243","post","type-post","status-publish","format-standard","hentry","category-general","category-portada"],"post_mailing_queue_ids":[],"_links":{"self":[{"href":"https:\/\/agora.xtec.cat\/iescalgravat\/wp-json\/wp\/v2\/posts\/6243","targetHints":{"allow":["GET"]}}],"collection":[{"href":"https:\/\/agora.xtec.cat\/iescalgravat\/wp-json\/wp\/v2\/posts"}],"about":[{"href":"https:\/\/agora.xtec.cat\/iescalgravat\/wp-json\/wp\/v2\/types\/post"}],"author":[{"embeddable":true,"href":"https:\/\/agora.xtec.cat\/iescalgravat\/wp-json\/wp\/v2\/users\/1"}],"replies":[{"embeddable":true,"href":"https:\/\/agora.xtec.cat\/iescalgravat\/wp-json\/wp\/v2\/comments?post=6243"}],"version-history":[{"count":1,"href":"https:\/\/agora.xtec.cat\/iescalgravat\/wp-json\/wp\/v2\/posts\/6243\/revisions"}],"predecessor-version":[{"id":6244,"href":"https:\/\/agora.xtec.cat\/iescalgravat\/wp-json\/wp\/v2\/posts\/6243\/revisions\/6244"}],"wp:attachment":[{"href":"https:\/\/agora.xtec.cat\/iescalgravat\/wp-json\/wp\/v2\/media?parent=6243"}],"wp:term":[{"taxonomy":"category","embeddable":true,"href":"https:\/\/agora.xtec.cat\/iescalgravat\/wp-json\/wp\/v2\/categories?post=6243"},{"taxonomy":"post_tag","embeddable":true,"href":"https:\/\/agora.xtec.cat\/iescalgravat\/wp-json\/wp\/v2\/tags?post=6243"}],"curies":[{"name":"wp","href":"https:\/\/api.w.org\/{rel}","templated":true}]}}