{"id":623,"date":"2017-01-21T10:56:07","date_gmt":"2017-01-21T09:56:07","guid":{"rendered":"http:\/\/agora.xtec.cat\/iescalgravat\/?p=623"},"modified":"2017-02-04T18:27:33","modified_gmt":"2017-02-04T17:27:33","slug":"repensem-junts-leducacio-a-secundaria","status":"publish","type":"post","link":"https:\/\/agora.xtec.cat\/iescalgravat\/general\/repensem-junts-leducacio-a-secundaria\/","title":{"rendered":"REPENSEM JUNTS L&#8217;EDUCACI\u00d3 A SECUND\u00c0RIA!"},"content":{"rendered":"<p>Amb l\u2019objectiu de debatre sobre el model educatiu actual en l\u2019etapa de secund\u00e0ria, el dissabte<em><strong> 21 de gener de 2017<\/strong><\/em> tindr\u00e0 lloc a Manresa la Primera jornada de debat i reflexi\u00f3 sobre educaci\u00f3 secund\u00e0ria. La jornada que ser\u00e0 gratu\u00efta es desenvolupar\u00e0 de 4 a 8 de la tarda a diferents espais c\u00e8ntrics de la ciutat.<\/p>\n<p>Ser\u00e0 una tarda de debat i reflexi\u00f3 amb <em><strong>12 pon\u00e8ncies per escollir.<a href=\"http:\/\/agora.xtec.cat\/iescalgravat\/wp-content\/uploads\/usu63\/2017\/01\/4375de_a7487419a871421fb0c430b2ca0a352fmv2.png\"><img loading=\"lazy\" decoding=\"async\" class=\"wp-image-624 alignright\" src=\"http:\/\/agora.xtec.cat\/iescalgravat\/wp-content\/uploads\/usu63\/2017\/01\/4375de_a7487419a871421fb0c430b2ca0a352fmv2.png\" alt=\"4375de_a7487419a871421fb0c430b2ca0a352fmv2\" width=\"484\" height=\"285\" srcset=\"https:\/\/agora.xtec.cat\/iescalgravat\/wp-content\/uploads\/usu63\/2017\/01\/4375de_a7487419a871421fb0c430b2ca0a352fmv2.png 979w, https:\/\/agora.xtec.cat\/iescalgravat\/wp-content\/uploads\/usu63\/2017\/01\/4375de_a7487419a871421fb0c430b2ca0a352fmv2-300x177.png 300w, https:\/\/agora.xtec.cat\/iescalgravat\/wp-content\/uploads\/usu63\/2017\/01\/4375de_a7487419a871421fb0c430b2ca0a352fmv2-768x452.png 768w\" sizes=\"auto, (max-width: 484px) 100vw, 484px\" \/><\/a><\/strong><\/em><\/p>\n<p>Els temes que s\u2019hi tractaran quedaran dividits en cinc espais:<\/p>\n<ol>\n<li>Auditori Conservatori de M\u00fasica: Quines s\u00f3n les necessitats vitals dels adolescents de 12 a 16 anys i quins s\u00f3n els aprenentatges a adquirir?<\/li>\n<li>Auditori de la Plana de l\u2019Om: Educar educadors.<\/li>\n<li>Sala polivalent del Kursaal: Experi\u00e8ncies innovadores a Catalunya.<\/li>\n<li>Sala d\u2019actes del Casino: Som una fam\u00edlia amb fills adolescents, i ara qu\u00e8?<\/li>\n<li>Espai d\u2019expressi\u00f3, debat i reflexi\u00f3 per a joves adolescents a la pla\u00e7a Sant Dom\u00e8nec dinamitzat pels joves del CFGS d\u2019Animaci\u00f3 sociocultural.<\/li>\n<\/ol>\n<p>El grup motor ha creat una adre\u00e7a electr\u00f2nica <a href=\"mailto:repensemlasecundaria@gmail.com\">repensemlasecundaria@gmail.com<\/a> i un web<a href=\"http:\/\/www.repensemlasecundaria.cat\"> www.repensemlasecundaria.cat<\/a> per l\u2019ocasi\u00f3 on s\u2019hi pot trobar el projecte sencer, tota la informaci\u00f3 de les pon\u00e8ncies i un mapa amb els diferents espais.<\/p>\n<p>La jornada tamb\u00e9 ser\u00e0 present a les xarxes socials amb el Facebook: www.facebook.com\/repensemlasecundaria<\/p>\n<pre><\/pre>\n","protected":false},"excerpt":{"rendered":"<p>Amb l\u2019objectiu de debatre sobre el model educatiu actual en l\u2019etapa de secund\u00e0ria, el dissabte 21 de gener de 2017 tindr\u00e0 lloc a Manresa la Primera jornada de debat i reflexi\u00f3 sobre educaci\u00f3 secund\u00e0ria. La jornada que ser\u00e0 gratu\u00efta es desenvolupar\u00e0 de 4 a 8&hellip;  <a href=\"https:\/\/agora.xtec.cat\/iescalgravat\/general\/repensem-junts-leducacio-a-secundaria\/\" title=\"Read REPENSEM JUNTS L&#8217;EDUCACI\u00d3 A SECUND\u00c0RIA!\">Llegeix m\u00e9s\u00bb<\/a><\/p>\n","protected":false},"author":1,"featured_media":624,"comment_status":"open","ping_status":"open","sticky":false,"template":"","format":"standard","meta":{"_bbp_topic_count":0,"_bbp_reply_count":0,"_bbp_total_topic_count":0,"_bbp_total_reply_count":0,"_bbp_voice_count":0,"_bbp_anonymous_reply_count":0,"_bbp_topic_count_hidden":0,"_bbp_reply_count_hidden":0,"_bbp_forum_subforum_count":0,"footnotes":""},"categories":[31,8,3,1],"tags":[101,103,102,44],"class_list":["post-623","post","type-post","status-publish","format-standard","has-post-thumbnail","hentry","category-ampa","category-batxillerat","category-eso","category-general","tag-ampa","tag-batxillerat","tag-eso","tag-xerrades"],"post_mailing_queue_ids":[],"_links":{"self":[{"href":"https:\/\/agora.xtec.cat\/iescalgravat\/wp-json\/wp\/v2\/posts\/623","targetHints":{"allow":["GET"]}}],"collection":[{"href":"https:\/\/agora.xtec.cat\/iescalgravat\/wp-json\/wp\/v2\/posts"}],"about":[{"href":"https:\/\/agora.xtec.cat\/iescalgravat\/wp-json\/wp\/v2\/types\/post"}],"author":[{"embeddable":true,"href":"https:\/\/agora.xtec.cat\/iescalgravat\/wp-json\/wp\/v2\/users\/1"}],"replies":[{"embeddable":true,"href":"https:\/\/agora.xtec.cat\/iescalgravat\/wp-json\/wp\/v2\/comments?post=623"}],"version-history":[{"count":3,"href":"https:\/\/agora.xtec.cat\/iescalgravat\/wp-json\/wp\/v2\/posts\/623\/revisions"}],"predecessor-version":[{"id":627,"href":"https:\/\/agora.xtec.cat\/iescalgravat\/wp-json\/wp\/v2\/posts\/623\/revisions\/627"}],"wp:featuredmedia":[{"embeddable":true,"href":"https:\/\/agora.xtec.cat\/iescalgravat\/wp-json\/wp\/v2\/media\/624"}],"wp:attachment":[{"href":"https:\/\/agora.xtec.cat\/iescalgravat\/wp-json\/wp\/v2\/media?parent=623"}],"wp:term":[{"taxonomy":"category","embeddable":true,"href":"https:\/\/agora.xtec.cat\/iescalgravat\/wp-json\/wp\/v2\/categories?post=623"},{"taxonomy":"post_tag","embeddable":true,"href":"https:\/\/agora.xtec.cat\/iescalgravat\/wp-json\/wp\/v2\/tags?post=623"}],"curies":[{"name":"wp","href":"https:\/\/api.w.org\/{rel}","templated":true}]}}