{"id":6226,"date":"2024-03-12T16:27:37","date_gmt":"2024-03-12T15:27:37","guid":{"rendered":"https:\/\/agora.xtec.cat\/iescalgravat\/?p=6226"},"modified":"2024-03-12T16:27:37","modified_gmt":"2024-03-12T15:27:37","slug":"participacio-a-la-barcelonada","status":"publish","type":"post","link":"https:\/\/agora.xtec.cat\/iescalgravat\/general\/participacio-a-la-barcelonada\/","title":{"rendered":"PARTICIPACI\u00d3 A LA BARCELONADA"},"content":{"rendered":"<p>Aquesta setmana passada els alumnes de 4t d&#8217;ESO van participar a la Barcelonada, una gimcana que t\u00e9 entre els seus objectius con\u00e8ixer i aprendre a despla\u00e7ar-se aut\u00f2nomament per la ciutat aix\u00ed com fomentar bons usos dels seus tel\u00e8fons m\u00f2bils.<\/p>\n\n\t\t<style type=\"text\/css\">\n\t\t\t#gallery-1 {\n\t\t\t\tmargin: auto;\n\t\t\t}\n\t\t\t#gallery-1 .gallery-item {\n\t\t\t\tfloat: left;\n\t\t\t\tmargin-top: 10px;\n\t\t\t\ttext-align: center;\n\t\t\t\twidth: 33%;\n\t\t\t}\n\t\t\t#gallery-1 img {\n\t\t\t\tborder: 2px solid #cfcfcf;\n\t\t\t}\n\t\t\t#gallery-1 .gallery-caption {\n\t\t\t\tmargin-left: 0;\n\t\t\t}\n\t\t\t\/* see gallery_shortcode() in wp-includes\/media.php *\/\n\t\t<\/style>\n\t\t<div id='gallery-1' class='gallery galleryid-6226 gallery-columns-3 gallery-size-full'><dl class='gallery-item'>\n\t\t\t<dt class='gallery-icon portrait'>\n\t\t\t\t<a href='https:\/\/agora.xtec.cat\/iescalgravat\/general\/participacio-a-la-barcelonada\/attachment\/captura-de-pantalla-2024-03-10-a-las-7-14-15-ramon-barlam\/'><img loading=\"lazy\" decoding=\"async\" width=\"568\" height=\"578\" src=\"https:\/\/agora.xtec.cat\/iescalgravat\/wp-content\/uploads\/usu63\/2024\/03\/Captura-de-pantalla-2024-03-10-a-las-7.14.15-Ramon-Barlam.png\" class=\"attachment-full size-full\" alt=\"\" srcset=\"https:\/\/agora.xtec.cat\/iescalgravat\/wp-content\/uploads\/usu63\/2024\/03\/Captura-de-pantalla-2024-03-10-a-las-7.14.15-Ramon-Barlam.png 568w, https:\/\/agora.xtec.cat\/iescalgravat\/wp-content\/uploads\/usu63\/2024\/03\/Captura-de-pantalla-2024-03-10-a-las-7.14.15-Ramon-Barlam-295x300.png 295w\" sizes=\"auto, (max-width: 568px) 100vw, 568px\" \/><\/a>\n\t\t\t<\/dt><\/dl><dl class='gallery-item'>\n\t\t\t<dt class='gallery-icon landscape'>\n\t\t\t\t<a href='https:\/\/agora.xtec.cat\/iescalgravat\/general\/participacio-a-la-barcelonada\/attachment\/captura-de-pantalla-2024-03-10-a-las-7-20-16-ramon-barlam\/'><img loading=\"lazy\" decoding=\"async\" width=\"868\" height=\"840\" src=\"https:\/\/agora.xtec.cat\/iescalgravat\/wp-content\/uploads\/usu63\/2024\/03\/Captura-de-pantalla-2024-03-10-a-las-7.20.16-Ramon-Barlam.png\" class=\"attachment-full size-full\" alt=\"\" srcset=\"https:\/\/agora.xtec.cat\/iescalgravat\/wp-content\/uploads\/usu63\/2024\/03\/Captura-de-pantalla-2024-03-10-a-las-7.20.16-Ramon-Barlam.png 868w, https:\/\/agora.xtec.cat\/iescalgravat\/wp-content\/uploads\/usu63\/2024\/03\/Captura-de-pantalla-2024-03-10-a-las-7.20.16-Ramon-Barlam-300x290.png 300w, https:\/\/agora.xtec.cat\/iescalgravat\/wp-content\/uploads\/usu63\/2024\/03\/Captura-de-pantalla-2024-03-10-a-las-7.20.16-Ramon-Barlam-768x743.png 768w\" sizes=\"auto, (max-width: 868px) 100vw, 868px\" \/><\/a>\n\t\t\t<\/dt><\/dl><dl class='gallery-item'>\n\t\t\t<dt class='gallery-icon landscape'>\n\t\t\t\t<a href='https:\/\/agora.xtec.cat\/iescalgravat\/general\/participacio-a-la-barcelonada\/attachment\/captura-de-pantalla-2024-03-10-a-las-7-21-46-ramon-barlam\/'><img loading=\"lazy\" decoding=\"async\" width=\"578\" height=\"574\" src=\"https:\/\/agora.xtec.cat\/iescalgravat\/wp-content\/uploads\/usu63\/2024\/03\/Captura-de-pantalla-2024-03-10-a-las-7.21.46-Ramon-Barlam.png\" class=\"attachment-full size-full\" alt=\"\" srcset=\"https:\/\/agora.xtec.cat\/iescalgravat\/wp-content\/uploads\/usu63\/2024\/03\/Captura-de-pantalla-2024-03-10-a-las-7.21.46-Ramon-Barlam.png 578w, https:\/\/agora.xtec.cat\/iescalgravat\/wp-content\/uploads\/usu63\/2024\/03\/Captura-de-pantalla-2024-03-10-a-las-7.21.46-Ramon-Barlam-300x298.png 300w, https:\/\/agora.xtec.cat\/iescalgravat\/wp-content\/uploads\/usu63\/2024\/03\/Captura-de-pantalla-2024-03-10-a-las-7.21.46-Ramon-Barlam-150x150.png 150w\" sizes=\"auto, (max-width: 578px) 100vw, 578px\" \/><\/a>\n\t\t\t<\/dt><\/dl><br style=\"clear: both\" \/>\n\t\t<\/div>\n\n","protected":false},"excerpt":{"rendered":"<p>Aquesta setmana passada els alumnes de 4t d&#8217;ESO van participar a la Barcelonada, una gimcana que t\u00e9 entre els seus objectius con\u00e8ixer i aprendre a despla\u00e7ar-se aut\u00f2nomament per la ciutat aix\u00ed com fomentar bons usos dels seus tel\u00e8fons m\u00f2bils.<\/p>\n<p>\t\t\t#gallery-2 {<br \/>\n\t\t\t\tmargin: auto;<br \/>\n\t\t\t}<br \/>\n\t\t\t#gallery-2 .gallery-item {<br \/>\n\t\t\t\tfloat: left;<br \/>\n\t\t\t\tmargin-top: 10px;<br \/>\n\t\t\t\ttext-align:&hellip;  <a href=\"https:\/\/agora.xtec.cat\/iescalgravat\/general\/participacio-a-la-barcelonada\/\" title=\"Read PARTICIPACI\u00d3 A LA BARCELONADA\">Llegeix m\u00e9s\u00bb<\/a><\/p>\n","protected":false},"author":1,"featured_media":0,"comment_status":"closed","ping_status":"closed","sticky":false,"template":"","format":"standard","meta":{"_bbp_topic_count":0,"_bbp_reply_count":0,"_bbp_total_topic_count":0,"_bbp_total_reply_count":0,"_bbp_voice_count":0,"_bbp_anonymous_reply_count":0,"_bbp_topic_count_hidden":0,"_bbp_reply_count_hidden":0,"_bbp_forum_subforum_count":0,"footnotes":""},"categories":[1,29],"tags":[],"class_list":["post-6226","post","type-post","status-publish","format-standard","hentry","category-general","category-portada"],"post_mailing_queue_ids":[],"_links":{"self":[{"href":"https:\/\/agora.xtec.cat\/iescalgravat\/wp-json\/wp\/v2\/posts\/6226","targetHints":{"allow":["GET"]}}],"collection":[{"href":"https:\/\/agora.xtec.cat\/iescalgravat\/wp-json\/wp\/v2\/posts"}],"about":[{"href":"https:\/\/agora.xtec.cat\/iescalgravat\/wp-json\/wp\/v2\/types\/post"}],"author":[{"embeddable":true,"href":"https:\/\/agora.xtec.cat\/iescalgravat\/wp-json\/wp\/v2\/users\/1"}],"replies":[{"embeddable":true,"href":"https:\/\/agora.xtec.cat\/iescalgravat\/wp-json\/wp\/v2\/comments?post=6226"}],"version-history":[{"count":1,"href":"https:\/\/agora.xtec.cat\/iescalgravat\/wp-json\/wp\/v2\/posts\/6226\/revisions"}],"predecessor-version":[{"id":6231,"href":"https:\/\/agora.xtec.cat\/iescalgravat\/wp-json\/wp\/v2\/posts\/6226\/revisions\/6231"}],"wp:attachment":[{"href":"https:\/\/agora.xtec.cat\/iescalgravat\/wp-json\/wp\/v2\/media?parent=6226"}],"wp:term":[{"taxonomy":"category","embeddable":true,"href":"https:\/\/agora.xtec.cat\/iescalgravat\/wp-json\/wp\/v2\/categories?post=6226"},{"taxonomy":"post_tag","embeddable":true,"href":"https:\/\/agora.xtec.cat\/iescalgravat\/wp-json\/wp\/v2\/tags?post=6226"}],"curies":[{"name":"wp","href":"https:\/\/api.w.org\/{rel}","templated":true}]}}