{"id":6202,"date":"2024-03-08T10:57:58","date_gmt":"2024-03-08T09:57:58","guid":{"rendered":"https:\/\/agora.xtec.cat\/iescalgravat\/?p=6202"},"modified":"2024-03-08T12:04:33","modified_gmt":"2024-03-08T11:04:33","slug":"taller-dautoestima-a-1r-deso","status":"publish","type":"post","link":"https:\/\/agora.xtec.cat\/iescalgravat\/general\/taller-dautoestima-a-1r-deso\/","title":{"rendered":"EDUCACI\u00d3 AFECTIVOSEXUAL A 1r I 2n D&#8217;ESO"},"content":{"rendered":"<p>Aquest mes de mar\u00e7 estem duent a terme els tallers d&#8217;educaci\u00f3 afectivosexual a 1r i 2n ESO a c\u00e0rrec de @la_ciranda. El projecte s&#8217;inicia a 1r ESO i finalitza a 4t i consta de dues sessions de 120 minuts cada curs. A 1r ESO hem treballat l&#8217;autoestima i els canvis fisiol\u00f2gics i a 2n ESO les xarxes socials i l&#8217;anatomia genital. A mesura que anirem creixent aprofundirem en aspectes com les diversitats afectivosexuals, les relacions d&#8217;intimitat, els drets reproductius, entre altres amb l&#8217;objectiu de promoure la salut, el respecte i el benestar en la nostra vida sexo-afectiva.<\/p>\n\n\t\t<style type=\"text\/css\">\n\t\t\t#gallery-1 {\n\t\t\t\tmargin: auto;\n\t\t\t}\n\t\t\t#gallery-1 .gallery-item {\n\t\t\t\tfloat: left;\n\t\t\t\tmargin-top: 10px;\n\t\t\t\ttext-align: center;\n\t\t\t\twidth: 50%;\n\t\t\t}\n\t\t\t#gallery-1 img {\n\t\t\t\tborder: 2px solid #cfcfcf;\n\t\t\t}\n\t\t\t#gallery-1 .gallery-caption {\n\t\t\t\tmargin-left: 0;\n\t\t\t}\n\t\t\t\/* see gallery_shortcode() in wp-includes\/media.php *\/\n\t\t<\/style>\n\t\t<div id='gallery-1' class='gallery galleryid-6202 gallery-columns-2 gallery-size-large'><dl class='gallery-item'>\n\t\t\t<dt class='gallery-icon landscape'>\n\t\t\t\t<a href='https:\/\/agora.xtec.cat\/iescalgravat\/general\/taller-dautoestima-a-1r-deso\/attachment\/20240228_080705-mayra-fernandez\/'><img loading=\"lazy\" decoding=\"async\" width=\"1024\" height=\"473\" src=\"https:\/\/agora.xtec.cat\/iescalgravat\/wp-content\/uploads\/usu63\/2024\/03\/20240228_080705-Mayra-Fernandez-1024x473.jpg\" class=\"attachment-large size-large\" alt=\"\" srcset=\"https:\/\/agora.xtec.cat\/iescalgravat\/wp-content\/uploads\/usu63\/2024\/03\/20240228_080705-Mayra-Fernandez-1024x473.jpg 1024w, https:\/\/agora.xtec.cat\/iescalgravat\/wp-content\/uploads\/usu63\/2024\/03\/20240228_080705-Mayra-Fernandez-300x139.jpg 300w, https:\/\/agora.xtec.cat\/iescalgravat\/wp-content\/uploads\/usu63\/2024\/03\/20240228_080705-Mayra-Fernandez-768x355.jpg 768w, https:\/\/agora.xtec.cat\/iescalgravat\/wp-content\/uploads\/usu63\/2024\/03\/20240228_080705-Mayra-Fernandez-1536x709.jpg 1536w, https:\/\/agora.xtec.cat\/iescalgravat\/wp-content\/uploads\/usu63\/2024\/03\/20240228_080705-Mayra-Fernandez-2048x946.jpg 2048w\" sizes=\"auto, (max-width: 1024px) 100vw, 1024px\" \/><\/a>\n\t\t\t<\/dt><\/dl><dl class='gallery-item'>\n\t\t\t<dt class='gallery-icon landscape'>\n\t\t\t\t<a href='https:\/\/agora.xtec.cat\/iescalgravat\/general\/taller-dautoestima-a-1r-deso\/attachment\/20240216_115257-mayra-fernandez\/'><img loading=\"lazy\" decoding=\"async\" width=\"1024\" height=\"768\" src=\"https:\/\/agora.xtec.cat\/iescalgravat\/wp-content\/uploads\/usu63\/2024\/03\/20240216_115257-Mayra-Fernandez-1024x768.jpg\" class=\"attachment-large size-large\" alt=\"\" srcset=\"https:\/\/agora.xtec.cat\/iescalgravat\/wp-content\/uploads\/usu63\/2024\/03\/20240216_115257-Mayra-Fernandez-1024x768.jpg 1024w, https:\/\/agora.xtec.cat\/iescalgravat\/wp-content\/uploads\/usu63\/2024\/03\/20240216_115257-Mayra-Fernandez-300x225.jpg 300w, https:\/\/agora.xtec.cat\/iescalgravat\/wp-content\/uploads\/usu63\/2024\/03\/20240216_115257-Mayra-Fernandez-768x576.jpg 768w, https:\/\/agora.xtec.cat\/iescalgravat\/wp-content\/uploads\/usu63\/2024\/03\/20240216_115257-Mayra-Fernandez-1536x1152.jpg 1536w, https:\/\/agora.xtec.cat\/iescalgravat\/wp-content\/uploads\/usu63\/2024\/03\/20240216_115257-Mayra-Fernandez-2048x1536.jpg 2048w, https:\/\/agora.xtec.cat\/iescalgravat\/wp-content\/uploads\/usu63\/2024\/03\/20240216_115257-Mayra-Fernandez-200x150.jpg 200w\" sizes=\"auto, (max-width: 1024px) 100vw, 1024px\" \/><\/a>\n\t\t\t<\/dt><\/dl><br style=\"clear: both\" \/>\n\t\t<\/div>\n\n","protected":false},"excerpt":{"rendered":"<p>Aquest mes de mar\u00e7 estem duent a terme els tallers d&#8217;educaci\u00f3 afectivosexual a 1r i 2n ESO a c\u00e0rrec de @la_ciranda. El projecte s&#8217;inicia a 1r ESO i finalitza a 4t i consta de dues sessions de 120 minuts cada curs. A 1r ESO hem&hellip;  <a href=\"https:\/\/agora.xtec.cat\/iescalgravat\/general\/taller-dautoestima-a-1r-deso\/\" title=\"Read EDUCACI\u00d3 AFECTIVOSEXUAL A 1r I 2n D&#8217;ESO\">Llegeix m\u00e9s\u00bb<\/a><\/p>\n","protected":false},"author":1,"featured_media":0,"comment_status":"closed","ping_status":"closed","sticky":false,"template":"","format":"standard","meta":{"_bbp_topic_count":0,"_bbp_reply_count":0,"_bbp_total_topic_count":0,"_bbp_total_reply_count":0,"_bbp_voice_count":0,"_bbp_anonymous_reply_count":0,"_bbp_topic_count_hidden":0,"_bbp_reply_count_hidden":0,"_bbp_forum_subforum_count":0,"footnotes":""},"categories":[1,29],"tags":[],"class_list":["post-6202","post","type-post","status-publish","format-standard","hentry","category-general","category-portada"],"post_mailing_queue_ids":[],"_links":{"self":[{"href":"https:\/\/agora.xtec.cat\/iescalgravat\/wp-json\/wp\/v2\/posts\/6202","targetHints":{"allow":["GET"]}}],"collection":[{"href":"https:\/\/agora.xtec.cat\/iescalgravat\/wp-json\/wp\/v2\/posts"}],"about":[{"href":"https:\/\/agora.xtec.cat\/iescalgravat\/wp-json\/wp\/v2\/types\/post"}],"author":[{"embeddable":true,"href":"https:\/\/agora.xtec.cat\/iescalgravat\/wp-json\/wp\/v2\/users\/1"}],"replies":[{"embeddable":true,"href":"https:\/\/agora.xtec.cat\/iescalgravat\/wp-json\/wp\/v2\/comments?post=6202"}],"version-history":[{"count":3,"href":"https:\/\/agora.xtec.cat\/iescalgravat\/wp-json\/wp\/v2\/posts\/6202\/revisions"}],"predecessor-version":[{"id":6221,"href":"https:\/\/agora.xtec.cat\/iescalgravat\/wp-json\/wp\/v2\/posts\/6202\/revisions\/6221"}],"wp:attachment":[{"href":"https:\/\/agora.xtec.cat\/iescalgravat\/wp-json\/wp\/v2\/media?parent=6202"}],"wp:term":[{"taxonomy":"category","embeddable":true,"href":"https:\/\/agora.xtec.cat\/iescalgravat\/wp-json\/wp\/v2\/categories?post=6202"},{"taxonomy":"post_tag","embeddable":true,"href":"https:\/\/agora.xtec.cat\/iescalgravat\/wp-json\/wp\/v2\/tags?post=6202"}],"curies":[{"name":"wp","href":"https:\/\/api.w.org\/{rel}","templated":true}]}}