{"id":6174,"date":"2024-02-28T10:57:59","date_gmt":"2024-02-28T09:57:59","guid":{"rendered":"https:\/\/agora.xtec.cat\/iescalgravat\/?p=6174"},"modified":"2024-02-28T10:57:59","modified_gmt":"2024-02-28T09:57:59","slug":"calgramatines","status":"publish","type":"post","link":"https:\/\/agora.xtec.cat\/iescalgravat\/general\/calgramatines\/","title":{"rendered":"#CALGRAMATINES"},"content":{"rendered":"<p>El dilluns passat la Khadija El Blout i el Quim Fern\u00e1ndez ens van cantar la can\u00e7\u00f3 turca m\u00e9s bonica que sacseja els sentiments, d&#8217;Aghani Torkia. A part de petar-ho, tamb\u00e9 van estrenar la nova catifa vermella per lluir encara m\u00e9s els nostres <a href=\"https:\/\/twitter.com\/hashtag\/maitines?src=hashtag_click\">#maitines<\/a> dels dilluns.<a href=\"https:\/\/agora.xtec.cat\/iescalgravat\/wp-content\/uploads\/usu63\/2024\/02\/maitines-26022024.jpeg\"><img loading=\"lazy\" decoding=\"async\" class=\"aligncenter size-large wp-image-6175\" src=\"https:\/\/agora.xtec.cat\/iescalgravat\/wp-content\/uploads\/usu63\/2024\/02\/maitines-26022024-1024x768.jpeg\" alt=\"\" width=\"1024\" height=\"768\" srcset=\"https:\/\/agora.xtec.cat\/iescalgravat\/wp-content\/uploads\/usu63\/2024\/02\/maitines-26022024-1024x768.jpeg 1024w, https:\/\/agora.xtec.cat\/iescalgravat\/wp-content\/uploads\/usu63\/2024\/02\/maitines-26022024-300x225.jpeg 300w, https:\/\/agora.xtec.cat\/iescalgravat\/wp-content\/uploads\/usu63\/2024\/02\/maitines-26022024-768x576.jpeg 768w, https:\/\/agora.xtec.cat\/iescalgravat\/wp-content\/uploads\/usu63\/2024\/02\/maitines-26022024-1536x1152.jpeg 1536w, https:\/\/agora.xtec.cat\/iescalgravat\/wp-content\/uploads\/usu63\/2024\/02\/maitines-26022024-200x150.jpeg 200w, https:\/\/agora.xtec.cat\/iescalgravat\/wp-content\/uploads\/usu63\/2024\/02\/maitines-26022024.jpeg 2048w\" sizes=\"auto, (max-width: 1024px) 100vw, 1024px\" \/><\/a><\/p>\n","protected":false},"excerpt":{"rendered":"<p>El dilluns passat la Khadija El Blout i el Quim Fern\u00e1ndez ens van cantar la can\u00e7\u00f3 turca m\u00e9s bonica que sacseja els sentiments, d&#8217;Aghani Torkia. A part de petar-ho, tamb\u00e9 van estrenar la nova catifa vermella per lluir encara m\u00e9s els nostres <a href=\"https:\/\/twitter.com\/hashtag\/maitines?src=hashtag_click\">#maitines<\/a> dels&hellip;  <a href=\"https:\/\/agora.xtec.cat\/iescalgravat\/general\/calgramatines\/\" title=\"Read #CALGRAMATINES\">Llegeix m\u00e9s\u00bb<\/a><\/p>\n","protected":false},"author":1,"featured_media":0,"comment_status":"closed","ping_status":"closed","sticky":false,"template":"","format":"standard","meta":{"_bbp_topic_count":0,"_bbp_reply_count":0,"_bbp_total_topic_count":0,"_bbp_total_reply_count":0,"_bbp_voice_count":0,"_bbp_anonymous_reply_count":0,"_bbp_topic_count_hidden":0,"_bbp_reply_count_hidden":0,"_bbp_forum_subforum_count":0,"footnotes":""},"categories":[1,29],"tags":[],"class_list":["post-6174","post","type-post","status-publish","format-standard","hentry","category-general","category-portada"],"post_mailing_queue_ids":[],"_links":{"self":[{"href":"https:\/\/agora.xtec.cat\/iescalgravat\/wp-json\/wp\/v2\/posts\/6174","targetHints":{"allow":["GET"]}}],"collection":[{"href":"https:\/\/agora.xtec.cat\/iescalgravat\/wp-json\/wp\/v2\/posts"}],"about":[{"href":"https:\/\/agora.xtec.cat\/iescalgravat\/wp-json\/wp\/v2\/types\/post"}],"author":[{"embeddable":true,"href":"https:\/\/agora.xtec.cat\/iescalgravat\/wp-json\/wp\/v2\/users\/1"}],"replies":[{"embeddable":true,"href":"https:\/\/agora.xtec.cat\/iescalgravat\/wp-json\/wp\/v2\/comments?post=6174"}],"version-history":[{"count":1,"href":"https:\/\/agora.xtec.cat\/iescalgravat\/wp-json\/wp\/v2\/posts\/6174\/revisions"}],"predecessor-version":[{"id":6176,"href":"https:\/\/agora.xtec.cat\/iescalgravat\/wp-json\/wp\/v2\/posts\/6174\/revisions\/6176"}],"wp:attachment":[{"href":"https:\/\/agora.xtec.cat\/iescalgravat\/wp-json\/wp\/v2\/media?parent=6174"}],"wp:term":[{"taxonomy":"category","embeddable":true,"href":"https:\/\/agora.xtec.cat\/iescalgravat\/wp-json\/wp\/v2\/categories?post=6174"},{"taxonomy":"post_tag","embeddable":true,"href":"https:\/\/agora.xtec.cat\/iescalgravat\/wp-json\/wp\/v2\/tags?post=6174"}],"curies":[{"name":"wp","href":"https:\/\/api.w.org\/{rel}","templated":true}]}}