{"id":6146,"date":"2024-02-23T11:12:37","date_gmt":"2024-02-23T10:12:37","guid":{"rendered":"https:\/\/agora.xtec.cat\/iescalgravat\/?p=6146"},"modified":"2024-02-23T11:12:37","modified_gmt":"2024-02-23T10:12:37","slug":"t-debat-seleccio-natural","status":"publish","type":"post","link":"https:\/\/agora.xtec.cat\/iescalgravat\/general\/t-debat-seleccio-natural\/","title":{"rendered":"T-DEBAT. SELECCI\u00d3 NATURAL"},"content":{"rendered":"<p>L\u2019actiu M\u00f2nica Barrio, membre de la companyia T-Debat, ha entrat de forma inesperada a les aules de 2n d\u2019ESO per a representar el mon\u00f2leg teatral \u201cSelecci\u00f3 natural\u201d i moderar un debat sobre l\u2019assetjament escolar. La hist\u00f2ria de la Marta Carpio no nom\u00e9s ens ha fet estremir sin\u00f3 que ens ha dut plantejar-nos un munt de preguntes que no hem pogut concloure: els individus m\u00e9s forts s\u00f3n els que millor s\u2019adapten al medi?; qu\u00e8 ens pot dur a trair una amistat?; \u00e9s possible el perd\u00f3 despr\u00e9s d\u2019una ferida molt dolorosa? Llarga vida a la companyia T-Debat!<a href=\"https:\/\/agora.xtec.cat\/iescalgravat\/wp-content\/uploads\/usu63\/2024\/02\/Actriu-Monica-Barrio-de-T-Debat-Laia-Suades.jpg\"><img loading=\"lazy\" decoding=\"async\" class=\"aligncenter size-full wp-image-6147\" src=\"https:\/\/agora.xtec.cat\/iescalgravat\/wp-content\/uploads\/usu63\/2024\/02\/Actriu-Monica-Barrio-de-T-Debat-Laia-Suades.jpg\" alt=\"\" width=\"535\" height=\"541\" srcset=\"https:\/\/agora.xtec.cat\/iescalgravat\/wp-content\/uploads\/usu63\/2024\/02\/Actriu-Monica-Barrio-de-T-Debat-Laia-Suades.jpg 535w, https:\/\/agora.xtec.cat\/iescalgravat\/wp-content\/uploads\/usu63\/2024\/02\/Actriu-Monica-Barrio-de-T-Debat-Laia-Suades-297x300.jpg 297w\" sizes=\"auto, (max-width: 535px) 100vw, 535px\" \/><\/a><\/p>\n","protected":false},"excerpt":{"rendered":"<p>L\u2019actiu M\u00f2nica Barrio, membre de la companyia T-Debat, ha entrat de forma inesperada a les aules de 2n d\u2019ESO per a representar el mon\u00f2leg teatral \u201cSelecci\u00f3 natural\u201d i moderar un debat sobre l\u2019assetjament escolar. La hist\u00f2ria de la Marta Carpio no nom\u00e9s ens ha fet&hellip;  <a href=\"https:\/\/agora.xtec.cat\/iescalgravat\/general\/t-debat-seleccio-natural\/\" title=\"Read T-DEBAT. SELECCI\u00d3 NATURAL\">Llegeix m\u00e9s\u00bb<\/a><\/p>\n","protected":false},"author":1,"featured_media":0,"comment_status":"closed","ping_status":"closed","sticky":false,"template":"","format":"standard","meta":{"_bbp_topic_count":0,"_bbp_reply_count":0,"_bbp_total_topic_count":0,"_bbp_total_reply_count":0,"_bbp_voice_count":0,"_bbp_anonymous_reply_count":0,"_bbp_topic_count_hidden":0,"_bbp_reply_count_hidden":0,"_bbp_forum_subforum_count":0,"footnotes":""},"categories":[1,29],"tags":[],"class_list":["post-6146","post","type-post","status-publish","format-standard","hentry","category-general","category-portada"],"post_mailing_queue_ids":[],"_links":{"self":[{"href":"https:\/\/agora.xtec.cat\/iescalgravat\/wp-json\/wp\/v2\/posts\/6146","targetHints":{"allow":["GET"]}}],"collection":[{"href":"https:\/\/agora.xtec.cat\/iescalgravat\/wp-json\/wp\/v2\/posts"}],"about":[{"href":"https:\/\/agora.xtec.cat\/iescalgravat\/wp-json\/wp\/v2\/types\/post"}],"author":[{"embeddable":true,"href":"https:\/\/agora.xtec.cat\/iescalgravat\/wp-json\/wp\/v2\/users\/1"}],"replies":[{"embeddable":true,"href":"https:\/\/agora.xtec.cat\/iescalgravat\/wp-json\/wp\/v2\/comments?post=6146"}],"version-history":[{"count":1,"href":"https:\/\/agora.xtec.cat\/iescalgravat\/wp-json\/wp\/v2\/posts\/6146\/revisions"}],"predecessor-version":[{"id":6148,"href":"https:\/\/agora.xtec.cat\/iescalgravat\/wp-json\/wp\/v2\/posts\/6146\/revisions\/6148"}],"wp:attachment":[{"href":"https:\/\/agora.xtec.cat\/iescalgravat\/wp-json\/wp\/v2\/media?parent=6146"}],"wp:term":[{"taxonomy":"category","embeddable":true,"href":"https:\/\/agora.xtec.cat\/iescalgravat\/wp-json\/wp\/v2\/categories?post=6146"},{"taxonomy":"post_tag","embeddable":true,"href":"https:\/\/agora.xtec.cat\/iescalgravat\/wp-json\/wp\/v2\/tags?post=6146"}],"curies":[{"name":"wp","href":"https:\/\/api.w.org\/{rel}","templated":true}]}}