{"id":6142,"date":"2024-02-23T11:08:34","date_gmt":"2024-02-23T10:08:34","guid":{"rendered":"https:\/\/agora.xtec.cat\/iescalgravat\/?p=6142"},"modified":"2024-02-23T11:08:34","modified_gmt":"2024-02-23T10:08:34","slug":"projectes-flex36","status":"publish","type":"post","link":"https:\/\/agora.xtec.cat\/iescalgravat\/general\/projectes-flex36\/","title":{"rendered":"PROJECTES FLEX36"},"content":{"rendered":"<p>El grup del Flex 6 de tercer, dins el Projecte \u201cCrea el teu viatge\u201d, hem anat a l&#8217;Oficina de Turisme de Manresa per con\u00e8ixer tot el que es pot fer a la nostra ciutat. Us en far\u00edeu creus de la quantitat de llocs que hi ha per visitar i activitats per fer: museus, espais naturals, teatres, botigues, fires, actes, xerrades, exposicions\u2026 L&#8217;Anna, la guia que ens ha rebut \u00e9s una gran viatgera, a m\u00e9s, i ens ha donat consells molt valuosos per viatjar pel m\u00f3n. Comen\u00e7ant per Manresa, \u00e9s clar!<a href=\"https:\/\/agora.xtec.cat\/iescalgravat\/wp-content\/uploads\/usu63\/2024\/02\/Flex-6-Turisme-2-Ada-Andres-scaled.jpg\"><img loading=\"lazy\" decoding=\"async\" class=\"aligncenter wp-image-6144 size-large\" src=\"https:\/\/agora.xtec.cat\/iescalgravat\/wp-content\/uploads\/usu63\/2024\/02\/Flex-6-Turisme-2-Ada-Andres-1024x768.jpg\" alt=\"\" width=\"1024\" height=\"768\" srcset=\"https:\/\/agora.xtec.cat\/iescalgravat\/wp-content\/uploads\/usu63\/2024\/02\/Flex-6-Turisme-2-Ada-Andres-1024x768.jpg 1024w, https:\/\/agora.xtec.cat\/iescalgravat\/wp-content\/uploads\/usu63\/2024\/02\/Flex-6-Turisme-2-Ada-Andres-300x225.jpg 300w, https:\/\/agora.xtec.cat\/iescalgravat\/wp-content\/uploads\/usu63\/2024\/02\/Flex-6-Turisme-2-Ada-Andres-768x576.jpg 768w, https:\/\/agora.xtec.cat\/iescalgravat\/wp-content\/uploads\/usu63\/2024\/02\/Flex-6-Turisme-2-Ada-Andres-1536x1152.jpg 1536w, https:\/\/agora.xtec.cat\/iescalgravat\/wp-content\/uploads\/usu63\/2024\/02\/Flex-6-Turisme-2-Ada-Andres-2048x1536.jpg 2048w, https:\/\/agora.xtec.cat\/iescalgravat\/wp-content\/uploads\/usu63\/2024\/02\/Flex-6-Turisme-2-Ada-Andres-200x150.jpg 200w\" sizes=\"auto, (max-width: 1024px) 100vw, 1024px\" \/><\/a><a href=\"https:\/\/agora.xtec.cat\/iescalgravat\/wp-content\/uploads\/usu63\/2024\/02\/Flex-6-Turisme-2-Ada-Andres.heic\"><img decoding=\"async\" class=\"aligncenter size-full wp-image-6143\" src=\"https:\/\/agora.xtec.cat\/iescalgravat\/wp-content\/uploads\/usu63\/2024\/02\/Flex-6-Turisme-2-Ada-Andres.heic\" alt=\"\" \/><\/a><\/p>\n","protected":false},"excerpt":{"rendered":"<p>El grup del Flex 6 de tercer, dins el Projecte \u201cCrea el teu viatge\u201d, hem anat a l&#8217;Oficina de Turisme de Manresa per con\u00e8ixer tot el que es pot fer a la nostra ciutat. Us en far\u00edeu creus de la quantitat de llocs que hi&hellip;  <a href=\"https:\/\/agora.xtec.cat\/iescalgravat\/general\/projectes-flex36\/\" title=\"Read PROJECTES FLEX36\">Llegeix m\u00e9s\u00bb<\/a><\/p>\n","protected":false},"author":1,"featured_media":0,"comment_status":"closed","ping_status":"closed","sticky":false,"template":"","format":"standard","meta":{"_bbp_topic_count":0,"_bbp_reply_count":0,"_bbp_total_topic_count":0,"_bbp_total_reply_count":0,"_bbp_voice_count":0,"_bbp_anonymous_reply_count":0,"_bbp_topic_count_hidden":0,"_bbp_reply_count_hidden":0,"_bbp_forum_subforum_count":0,"footnotes":""},"categories":[1,29],"tags":[],"class_list":["post-6142","post","type-post","status-publish","format-standard","hentry","category-general","category-portada"],"post_mailing_queue_ids":[],"_links":{"self":[{"href":"https:\/\/agora.xtec.cat\/iescalgravat\/wp-json\/wp\/v2\/posts\/6142","targetHints":{"allow":["GET"]}}],"collection":[{"href":"https:\/\/agora.xtec.cat\/iescalgravat\/wp-json\/wp\/v2\/posts"}],"about":[{"href":"https:\/\/agora.xtec.cat\/iescalgravat\/wp-json\/wp\/v2\/types\/post"}],"author":[{"embeddable":true,"href":"https:\/\/agora.xtec.cat\/iescalgravat\/wp-json\/wp\/v2\/users\/1"}],"replies":[{"embeddable":true,"href":"https:\/\/agora.xtec.cat\/iescalgravat\/wp-json\/wp\/v2\/comments?post=6142"}],"version-history":[{"count":1,"href":"https:\/\/agora.xtec.cat\/iescalgravat\/wp-json\/wp\/v2\/posts\/6142\/revisions"}],"predecessor-version":[{"id":6145,"href":"https:\/\/agora.xtec.cat\/iescalgravat\/wp-json\/wp\/v2\/posts\/6142\/revisions\/6145"}],"wp:attachment":[{"href":"https:\/\/agora.xtec.cat\/iescalgravat\/wp-json\/wp\/v2\/media?parent=6142"}],"wp:term":[{"taxonomy":"category","embeddable":true,"href":"https:\/\/agora.xtec.cat\/iescalgravat\/wp-json\/wp\/v2\/categories?post=6142"},{"taxonomy":"post_tag","embeddable":true,"href":"https:\/\/agora.xtec.cat\/iescalgravat\/wp-json\/wp\/v2\/tags?post=6142"}],"curies":[{"name":"wp","href":"https:\/\/api.w.org\/{rel}","templated":true}]}}