{"id":6129,"date":"2024-02-13T09:37:51","date_gmt":"2024-02-13T08:37:51","guid":{"rendered":"https:\/\/agora.xtec.cat\/iescalgravat\/?p=6129"},"modified":"2024-02-13T09:37:51","modified_gmt":"2024-02-13T08:37:51","slug":"sortida-de-portes-obertes-a-la-uab","status":"publish","type":"post","link":"https:\/\/agora.xtec.cat\/iescalgravat\/general\/sortida-de-portes-obertes-a-la-uab\/","title":{"rendered":"SORTIDA DE PORTES OBERTES A LA UAB"},"content":{"rendered":"<p>Com cada any hem assistit a la jornada de portes obertes de la UAB per tal que els estudiants de 2n de Batxillerat coneguessin el campus de Bellaterra i obtinguessin informaci\u00f3 de primera m\u00e0 dels diferents estudis que s&#8217;ofereixen al campus de la Universitat Aut\u00f2noma de Barcelona. <a href=\"https:\/\/agora.xtec.cat\/iescalgravat\/wp-content\/uploads\/usu63\/2024\/02\/IMG20240207091845-CESAR-RIOLA-DEVANT-scaled.jpg\"><img loading=\"lazy\" decoding=\"async\" class=\"aligncenter wp-image-6130 size-large\" src=\"https:\/\/agora.xtec.cat\/iescalgravat\/wp-content\/uploads\/usu63\/2024\/02\/IMG20240207091845-CESAR-RIOLA-DEVANT-1024x771.jpg\" alt=\"\" width=\"1024\" height=\"771\" srcset=\"https:\/\/agora.xtec.cat\/iescalgravat\/wp-content\/uploads\/usu63\/2024\/02\/IMG20240207091845-CESAR-RIOLA-DEVANT-1024x771.jpg 1024w, https:\/\/agora.xtec.cat\/iescalgravat\/wp-content\/uploads\/usu63\/2024\/02\/IMG20240207091845-CESAR-RIOLA-DEVANT-300x226.jpg 300w, https:\/\/agora.xtec.cat\/iescalgravat\/wp-content\/uploads\/usu63\/2024\/02\/IMG20240207091845-CESAR-RIOLA-DEVANT-768x578.jpg 768w, https:\/\/agora.xtec.cat\/iescalgravat\/wp-content\/uploads\/usu63\/2024\/02\/IMG20240207091845-CESAR-RIOLA-DEVANT-1536x1157.jpg 1536w, https:\/\/agora.xtec.cat\/iescalgravat\/wp-content\/uploads\/usu63\/2024\/02\/IMG20240207091845-CESAR-RIOLA-DEVANT-2048x1542.jpg 2048w, https:\/\/agora.xtec.cat\/iescalgravat\/wp-content\/uploads\/usu63\/2024\/02\/IMG20240207091845-CESAR-RIOLA-DEVANT-200x150.jpg 200w\" sizes=\"auto, (max-width: 1024px) 100vw, 1024px\" \/><\/a><\/p>\n","protected":false},"excerpt":{"rendered":"<p>Com cada any hem assistit a la jornada de portes obertes de la UAB per tal que els estudiants de 2n de Batxillerat coneguessin el campus de Bellaterra i obtinguessin informaci\u00f3 de primera m\u00e0 dels diferents estudis que s&#8217;ofereixen al campus de la Universitat Aut\u00f2noma&hellip;  <a href=\"https:\/\/agora.xtec.cat\/iescalgravat\/general\/sortida-de-portes-obertes-a-la-uab\/\" title=\"Read SORTIDA DE PORTES OBERTES A LA UAB\">Llegeix m\u00e9s\u00bb<\/a><\/p>\n","protected":false},"author":1,"featured_media":0,"comment_status":"closed","ping_status":"closed","sticky":false,"template":"","format":"standard","meta":{"_bbp_topic_count":0,"_bbp_reply_count":0,"_bbp_total_topic_count":0,"_bbp_total_reply_count":0,"_bbp_voice_count":0,"_bbp_anonymous_reply_count":0,"_bbp_topic_count_hidden":0,"_bbp_reply_count_hidden":0,"_bbp_forum_subforum_count":0,"footnotes":""},"categories":[1,29],"tags":[],"class_list":["post-6129","post","type-post","status-publish","format-standard","hentry","category-general","category-portada"],"post_mailing_queue_ids":[],"_links":{"self":[{"href":"https:\/\/agora.xtec.cat\/iescalgravat\/wp-json\/wp\/v2\/posts\/6129","targetHints":{"allow":["GET"]}}],"collection":[{"href":"https:\/\/agora.xtec.cat\/iescalgravat\/wp-json\/wp\/v2\/posts"}],"about":[{"href":"https:\/\/agora.xtec.cat\/iescalgravat\/wp-json\/wp\/v2\/types\/post"}],"author":[{"embeddable":true,"href":"https:\/\/agora.xtec.cat\/iescalgravat\/wp-json\/wp\/v2\/users\/1"}],"replies":[{"embeddable":true,"href":"https:\/\/agora.xtec.cat\/iescalgravat\/wp-json\/wp\/v2\/comments?post=6129"}],"version-history":[{"count":1,"href":"https:\/\/agora.xtec.cat\/iescalgravat\/wp-json\/wp\/v2\/posts\/6129\/revisions"}],"predecessor-version":[{"id":6131,"href":"https:\/\/agora.xtec.cat\/iescalgravat\/wp-json\/wp\/v2\/posts\/6129\/revisions\/6131"}],"wp:attachment":[{"href":"https:\/\/agora.xtec.cat\/iescalgravat\/wp-json\/wp\/v2\/media?parent=6129"}],"wp:term":[{"taxonomy":"category","embeddable":true,"href":"https:\/\/agora.xtec.cat\/iescalgravat\/wp-json\/wp\/v2\/categories?post=6129"},{"taxonomy":"post_tag","embeddable":true,"href":"https:\/\/agora.xtec.cat\/iescalgravat\/wp-json\/wp\/v2\/tags?post=6129"}],"curies":[{"name":"wp","href":"https:\/\/api.w.org\/{rel}","templated":true}]}}