{"id":6121,"date":"2024-02-07T09:24:58","date_gmt":"2024-02-07T08:24:58","guid":{"rendered":"https:\/\/agora.xtec.cat\/iescalgravat\/?p=6121"},"modified":"2024-02-07T18:17:23","modified_gmt":"2024-02-07T17:17:23","slug":"natacio-1r-eso-i-bat","status":"publish","type":"post","link":"https:\/\/agora.xtec.cat\/iescalgravat\/general\/natacio-1r-eso-i-bat\/","title":{"rendered":"NATACI\u00d3 1r ESO i BAT"},"content":{"rendered":"<p>Durant aquest segon trimestre els alumnes de 1r d&#8217;ESO i BAT hem realitzat les classes d&#8217;Educaci\u00f3 F\u00edsica a les piscines municipals de Manresa. Hem posat en pr\u00e0ctica diversos estils de nataci\u00f3, com tamb\u00e9 d&#8217;altres esports i activitats aqu\u00e0tiques. Tot sota la supervisi\u00f3 del professorat d&#8217;EF del centre i els t\u00e8cnics de la piscina.<\/p>\n\n\t\t<style type=\"text\/css\">\n\t\t\t#gallery-1 {\n\t\t\t\tmargin: auto;\n\t\t\t}\n\t\t\t#gallery-1 .gallery-item {\n\t\t\t\tfloat: left;\n\t\t\t\tmargin-top: 10px;\n\t\t\t\ttext-align: center;\n\t\t\t\twidth: 50%;\n\t\t\t}\n\t\t\t#gallery-1 img {\n\t\t\t\tborder: 2px solid #cfcfcf;\n\t\t\t}\n\t\t\t#gallery-1 .gallery-caption {\n\t\t\t\tmargin-left: 0;\n\t\t\t}\n\t\t\t\/* see gallery_shortcode() in wp-includes\/media.php *\/\n\t\t<\/style>\n\t\t<div id='gallery-1' class='gallery galleryid-6121 gallery-columns-2 gallery-size-full'><dl class='gallery-item'>\n\t\t\t<dt class='gallery-icon landscape'>\n\t\t\t\t<a href='https:\/\/agora.xtec.cat\/iescalgravat\/general\/natacio-1r-eso-i-bat\/attachment\/piscina-manresa-david-martinez\/'><img loading=\"lazy\" decoding=\"async\" width=\"1360\" height=\"765\" src=\"https:\/\/agora.xtec.cat\/iescalgravat\/wp-content\/uploads\/usu63\/2024\/02\/piscina-manresa-David-Martinez.jpg\" class=\"attachment-full size-full\" alt=\"\" srcset=\"https:\/\/agora.xtec.cat\/iescalgravat\/wp-content\/uploads\/usu63\/2024\/02\/piscina-manresa-David-Martinez.jpg 1360w, https:\/\/agora.xtec.cat\/iescalgravat\/wp-content\/uploads\/usu63\/2024\/02\/piscina-manresa-David-Martinez-300x169.jpg 300w, https:\/\/agora.xtec.cat\/iescalgravat\/wp-content\/uploads\/usu63\/2024\/02\/piscina-manresa-David-Martinez-1024x576.jpg 1024w, https:\/\/agora.xtec.cat\/iescalgravat\/wp-content\/uploads\/usu63\/2024\/02\/piscina-manresa-David-Martinez-768x432.jpg 768w\" sizes=\"auto, (max-width: 1360px) 100vw, 1360px\" \/><\/a>\n\t\t\t<\/dt><\/dl><dl class='gallery-item'>\n\t\t\t<dt class='gallery-icon landscape'>\n\t\t\t\t<a href='https:\/\/agora.xtec.cat\/iescalgravat\/general\/natacio-1r-eso-i-bat\/attachment\/20240201_135005-david-martinez\/'><img loading=\"lazy\" decoding=\"async\" width=\"2560\" height=\"1440\" src=\"https:\/\/agora.xtec.cat\/iescalgravat\/wp-content\/uploads\/usu63\/2024\/02\/20240201_135005-David-Martinez-scaled.jpg\" class=\"attachment-full size-full\" alt=\"\" srcset=\"https:\/\/agora.xtec.cat\/iescalgravat\/wp-content\/uploads\/usu63\/2024\/02\/20240201_135005-David-Martinez-scaled.jpg 2560w, https:\/\/agora.xtec.cat\/iescalgravat\/wp-content\/uploads\/usu63\/2024\/02\/20240201_135005-David-Martinez-300x169.jpg 300w, https:\/\/agora.xtec.cat\/iescalgravat\/wp-content\/uploads\/usu63\/2024\/02\/20240201_135005-David-Martinez-1024x576.jpg 1024w, https:\/\/agora.xtec.cat\/iescalgravat\/wp-content\/uploads\/usu63\/2024\/02\/20240201_135005-David-Martinez-768x432.jpg 768w, https:\/\/agora.xtec.cat\/iescalgravat\/wp-content\/uploads\/usu63\/2024\/02\/20240201_135005-David-Martinez-1536x864.jpg 1536w, https:\/\/agora.xtec.cat\/iescalgravat\/wp-content\/uploads\/usu63\/2024\/02\/20240201_135005-David-Martinez-2048x1152.jpg 2048w\" sizes=\"auto, (max-width: 2560px) 100vw, 2560px\" \/><\/a>\n\t\t\t<\/dt><\/dl><br style=\"clear: both\" \/>\n\t\t<\/div>\n\n","protected":false},"excerpt":{"rendered":"<p>Durant aquest segon trimestre els alumnes de 1r d&#8217;ESO i BAT hem realitzat les classes d&#8217;Educaci\u00f3 F\u00edsica a les piscines municipals de Manresa. Hem posat en pr\u00e0ctica diversos estils de nataci\u00f3, com tamb\u00e9 d&#8217;altres esports i activitats aqu\u00e0tiques. Tot sota la supervisi\u00f3 del professorat d&#8217;EF&hellip;  <a href=\"https:\/\/agora.xtec.cat\/iescalgravat\/general\/natacio-1r-eso-i-bat\/\" title=\"Read NATACI\u00d3 1r ESO i BAT\">Llegeix m\u00e9s\u00bb<\/a><\/p>\n","protected":false},"author":1,"featured_media":0,"comment_status":"closed","ping_status":"closed","sticky":false,"template":"","format":"standard","meta":{"_bbp_topic_count":0,"_bbp_reply_count":0,"_bbp_total_topic_count":0,"_bbp_total_reply_count":0,"_bbp_voice_count":0,"_bbp_anonymous_reply_count":0,"_bbp_topic_count_hidden":0,"_bbp_reply_count_hidden":0,"_bbp_forum_subforum_count":0,"footnotes":""},"categories":[1,29],"tags":[],"class_list":["post-6121","post","type-post","status-publish","format-standard","hentry","category-general","category-portada"],"post_mailing_queue_ids":[],"_links":{"self":[{"href":"https:\/\/agora.xtec.cat\/iescalgravat\/wp-json\/wp\/v2\/posts\/6121","targetHints":{"allow":["GET"]}}],"collection":[{"href":"https:\/\/agora.xtec.cat\/iescalgravat\/wp-json\/wp\/v2\/posts"}],"about":[{"href":"https:\/\/agora.xtec.cat\/iescalgravat\/wp-json\/wp\/v2\/types\/post"}],"author":[{"embeddable":true,"href":"https:\/\/agora.xtec.cat\/iescalgravat\/wp-json\/wp\/v2\/users\/1"}],"replies":[{"embeddable":true,"href":"https:\/\/agora.xtec.cat\/iescalgravat\/wp-json\/wp\/v2\/comments?post=6121"}],"version-history":[{"count":1,"href":"https:\/\/agora.xtec.cat\/iescalgravat\/wp-json\/wp\/v2\/posts\/6121\/revisions"}],"predecessor-version":[{"id":6124,"href":"https:\/\/agora.xtec.cat\/iescalgravat\/wp-json\/wp\/v2\/posts\/6121\/revisions\/6124"}],"wp:attachment":[{"href":"https:\/\/agora.xtec.cat\/iescalgravat\/wp-json\/wp\/v2\/media?parent=6121"}],"wp:term":[{"taxonomy":"category","embeddable":true,"href":"https:\/\/agora.xtec.cat\/iescalgravat\/wp-json\/wp\/v2\/categories?post=6121"},{"taxonomy":"post_tag","embeddable":true,"href":"https:\/\/agora.xtec.cat\/iescalgravat\/wp-json\/wp\/v2\/tags?post=6121"}],"curies":[{"name":"wp","href":"https:\/\/api.w.org\/{rel}","templated":true}]}}