{"id":6059,"date":"2024-01-31T11:16:22","date_gmt":"2024-01-31T10:16:22","guid":{"rendered":"https:\/\/agora.xtec.cat\/iescalgravat\/?p=6059"},"modified":"2024-02-07T18:16:01","modified_gmt":"2024-02-07T17:16:01","slug":"sortida-a-la-uab","status":"publish","type":"post","link":"https:\/\/agora.xtec.cat\/iescalgravat\/general\/sortida-a-la-uab\/","title":{"rendered":"SORTIDA A LA UAB"},"content":{"rendered":"<p>La setmana passada els alumnes Human\u00edstico-social de Batxillerat vam fer una visita a la facultat de Filosofia i Lletres de la UAB en una sortida organitzada pel departament de Llengua Castellana.<\/p>\n<p>A m\u00e9s a m\u00e9s de veure la Universitat Aut\u00f2noma vam participar en dues confer\u00e8ncies-tallers molt interessants a c\u00e0rrec de diferents professors de la facultat.<\/p>\n<p><a href=\"https:\/\/agora.xtec.cat\/iescalgravat\/wp-content\/uploads\/usu63\/2024\/01\/20240117_093755-Ovidi-Cobacho-Closa-1-1-scaled.jpg\"><img loading=\"lazy\" decoding=\"async\" class=\"size-medium wp-image-6062 aligncenter\" src=\"https:\/\/agora.xtec.cat\/iescalgravat\/wp-content\/uploads\/usu63\/2024\/01\/20240117_093755-Ovidi-Cobacho-Closa-1-1-300x225.jpg\" alt=\"\" width=\"300\" height=\"225\" srcset=\"https:\/\/agora.xtec.cat\/iescalgravat\/wp-content\/uploads\/usu63\/2024\/01\/20240117_093755-Ovidi-Cobacho-Closa-1-1-300x225.jpg 300w, https:\/\/agora.xtec.cat\/iescalgravat\/wp-content\/uploads\/usu63\/2024\/01\/20240117_093755-Ovidi-Cobacho-Closa-1-1-1024x768.jpg 1024w, https:\/\/agora.xtec.cat\/iescalgravat\/wp-content\/uploads\/usu63\/2024\/01\/20240117_093755-Ovidi-Cobacho-Closa-1-1-768x576.jpg 768w, https:\/\/agora.xtec.cat\/iescalgravat\/wp-content\/uploads\/usu63\/2024\/01\/20240117_093755-Ovidi-Cobacho-Closa-1-1-1536x1152.jpg 1536w, https:\/\/agora.xtec.cat\/iescalgravat\/wp-content\/uploads\/usu63\/2024\/01\/20240117_093755-Ovidi-Cobacho-Closa-1-1-2048x1536.jpg 2048w, https:\/\/agora.xtec.cat\/iescalgravat\/wp-content\/uploads\/usu63\/2024\/01\/20240117_093755-Ovidi-Cobacho-Closa-1-1-200x150.jpg 200w\" sizes=\"auto, (max-width: 300px) 100vw, 300px\" \/><\/a><\/p>\n<p><a href=\"https:\/\/agora.xtec.cat\/iescalgravat\/wp-content\/uploads\/usu63\/2024\/01\/20240117_115617-Ovidi-Cobacho-Closa-1-scaled.jpg\"><img loading=\"lazy\" decoding=\"async\" class=\"aligncenter size-medium wp-image-6063\" src=\"https:\/\/agora.xtec.cat\/iescalgravat\/wp-content\/uploads\/usu63\/2024\/01\/20240117_115617-Ovidi-Cobacho-Closa-1-300x225.jpg\" alt=\"\" width=\"300\" height=\"225\" srcset=\"https:\/\/agora.xtec.cat\/iescalgravat\/wp-content\/uploads\/usu63\/2024\/01\/20240117_115617-Ovidi-Cobacho-Closa-1-300x225.jpg 300w, https:\/\/agora.xtec.cat\/iescalgravat\/wp-content\/uploads\/usu63\/2024\/01\/20240117_115617-Ovidi-Cobacho-Closa-1-1024x768.jpg 1024w, https:\/\/agora.xtec.cat\/iescalgravat\/wp-content\/uploads\/usu63\/2024\/01\/20240117_115617-Ovidi-Cobacho-Closa-1-768x576.jpg 768w, https:\/\/agora.xtec.cat\/iescalgravat\/wp-content\/uploads\/usu63\/2024\/01\/20240117_115617-Ovidi-Cobacho-Closa-1-1536x1152.jpg 1536w, https:\/\/agora.xtec.cat\/iescalgravat\/wp-content\/uploads\/usu63\/2024\/01\/20240117_115617-Ovidi-Cobacho-Closa-1-2048x1536.jpg 2048w, https:\/\/agora.xtec.cat\/iescalgravat\/wp-content\/uploads\/usu63\/2024\/01\/20240117_115617-Ovidi-Cobacho-Closa-1-200x150.jpg 200w\" sizes=\"auto, (max-width: 300px) 100vw, 300px\" \/><\/a><\/p>\n","protected":false},"excerpt":{"rendered":"<p>La setmana passada els alumnes Human\u00edstico-social de Batxillerat vam fer una visita a la facultat de Filosofia i Lletres de la UAB en una sortida organitzada pel departament de Llengua Castellana.<br \/>\nA m\u00e9s a m\u00e9s de veure la Universitat Aut\u00f2noma vam participar en dues confer\u00e8ncies-tallers molt&hellip;  <a href=\"https:\/\/agora.xtec.cat\/iescalgravat\/general\/sortida-a-la-uab\/\" title=\"Read SORTIDA A LA UAB\">Llegeix m\u00e9s\u00bb<\/a><\/p>\n","protected":false},"author":1,"featured_media":0,"comment_status":"closed","ping_status":"closed","sticky":false,"template":"","format":"standard","meta":{"_bbp_topic_count":0,"_bbp_reply_count":0,"_bbp_total_topic_count":0,"_bbp_total_reply_count":0,"_bbp_voice_count":0,"_bbp_anonymous_reply_count":0,"_bbp_topic_count_hidden":0,"_bbp_reply_count_hidden":0,"_bbp_forum_subforum_count":0,"footnotes":""},"categories":[1,29],"tags":[],"class_list":["post-6059","post","type-post","status-publish","format-standard","hentry","category-general","category-portada"],"post_mailing_queue_ids":[],"_links":{"self":[{"href":"https:\/\/agora.xtec.cat\/iescalgravat\/wp-json\/wp\/v2\/posts\/6059","targetHints":{"allow":["GET"]}}],"collection":[{"href":"https:\/\/agora.xtec.cat\/iescalgravat\/wp-json\/wp\/v2\/posts"}],"about":[{"href":"https:\/\/agora.xtec.cat\/iescalgravat\/wp-json\/wp\/v2\/types\/post"}],"author":[{"embeddable":true,"href":"https:\/\/agora.xtec.cat\/iescalgravat\/wp-json\/wp\/v2\/users\/1"}],"replies":[{"embeddable":true,"href":"https:\/\/agora.xtec.cat\/iescalgravat\/wp-json\/wp\/v2\/comments?post=6059"}],"version-history":[{"count":6,"href":"https:\/\/agora.xtec.cat\/iescalgravat\/wp-json\/wp\/v2\/posts\/6059\/revisions"}],"predecessor-version":[{"id":6068,"href":"https:\/\/agora.xtec.cat\/iescalgravat\/wp-json\/wp\/v2\/posts\/6059\/revisions\/6068"}],"wp:attachment":[{"href":"https:\/\/agora.xtec.cat\/iescalgravat\/wp-json\/wp\/v2\/media?parent=6059"}],"wp:term":[{"taxonomy":"category","embeddable":true,"href":"https:\/\/agora.xtec.cat\/iescalgravat\/wp-json\/wp\/v2\/categories?post=6059"},{"taxonomy":"post_tag","embeddable":true,"href":"https:\/\/agora.xtec.cat\/iescalgravat\/wp-json\/wp\/v2\/tags?post=6059"}],"curies":[{"name":"wp","href":"https:\/\/api.w.org\/{rel}","templated":true}]}}