{"id":5986,"date":"2023-11-14T23:17:49","date_gmt":"2023-11-14T22:17:49","guid":{"rendered":"https:\/\/agora.xtec.cat\/iescalgravat\/?p=5986"},"modified":"2023-11-14T23:17:49","modified_gmt":"2023-11-14T22:17:49","slug":"taller-idees-joves-marqueting-digital","status":"publish","type":"post","link":"https:\/\/agora.xtec.cat\/iescalgravat\/general\/taller-idees-joves-marqueting-digital\/","title":{"rendered":"TALLER IDEES JOVES: M\u00c0RQUETING DIGITAL"},"content":{"rendered":"<p style=\"text-align: justify;\">L&#8217;alumnat de 1r de Batxillerat de l&#8217;optativa de Funcionament de l&#8217;Empresa i d&#8217;Economia hem participat en el primer taller sobre M\u00e0rqueting Digital. La Paola ha deixat el seu dia a dia com a assessora de m\u00e0rqueting per venir a l&#8217;aula a explicar-nos que \u00e9s i com a evolucionat el M\u00e0rqueting els darrers 15 anys. Aquesta \u00e9s la seva experi\u00e8ncia dintre el sector.<\/p>\n<p style=\"text-align: justify;\">Un luxe escoltar-la, \u00e9s un plaer quan alg\u00fa l&#8217;apassiona all\u00f2 que fa. Aquest taller est\u00e0 emmarcat dins el Projecte Idees Joves de l&#8217;Ajuntament de Manresa. Un programa per fomentar la creativitat i la generaci\u00f3 de noves idees entre els joves estudiants de batxillerat dels centres educatius de Manresa. Entre els objectius hi ha potenciar les actituds positives envers la cultura emprenedora i fomentar activament els valors empresarials, tot eliminant la por a assumir riscos.<\/p>\n<p style=\"text-align: justify;\">El programa culmina amb el concurs d\u2019Idees Empresarials i Pla d\u2019Empresa, en el qual els alumnes que han participat en el projecte presenten les seves pr\u00f2pies idees de negoci.<\/p>\n\n\t\t<style type=\"text\/css\">\n\t\t\t#gallery-1 {\n\t\t\t\tmargin: auto;\n\t\t\t}\n\t\t\t#gallery-1 .gallery-item {\n\t\t\t\tfloat: left;\n\t\t\t\tmargin-top: 10px;\n\t\t\t\ttext-align: center;\n\t\t\t\twidth: 50%;\n\t\t\t}\n\t\t\t#gallery-1 img {\n\t\t\t\tborder: 2px solid #cfcfcf;\n\t\t\t}\n\t\t\t#gallery-1 .gallery-caption {\n\t\t\t\tmargin-left: 0;\n\t\t\t}\n\t\t\t\/* see gallery_shortcode() in wp-includes\/media.php *\/\n\t\t<\/style>\n\t\t<div id='gallery-1' class='gallery galleryid-5986 gallery-columns-2 gallery-size-medium'><dl class='gallery-item'>\n\t\t\t<dt class='gallery-icon landscape'>\n\t\t\t\t<a href='https:\/\/agora.xtec.cat\/iescalgravat\/general\/taller-idees-joves-marqueting-digital\/attachment\/sherpa3-gerard-girbau-fonts-1\/'><img loading=\"lazy\" decoding=\"async\" width=\"300\" height=\"245\" src=\"https:\/\/agora.xtec.cat\/iescalgravat\/wp-content\/uploads\/usu63\/2023\/11\/Sherpa3-GERARD-GIRBAU-FONTS-1-300x245.jpeg\" class=\"attachment-medium size-medium\" alt=\"\" srcset=\"https:\/\/agora.xtec.cat\/iescalgravat\/wp-content\/uploads\/usu63\/2023\/11\/Sherpa3-GERARD-GIRBAU-FONTS-1-300x245.jpeg 300w, https:\/\/agora.xtec.cat\/iescalgravat\/wp-content\/uploads\/usu63\/2023\/11\/Sherpa3-GERARD-GIRBAU-FONTS-1-1024x836.jpeg 1024w, https:\/\/agora.xtec.cat\/iescalgravat\/wp-content\/uploads\/usu63\/2023\/11\/Sherpa3-GERARD-GIRBAU-FONTS-1-768x627.jpeg 768w, https:\/\/agora.xtec.cat\/iescalgravat\/wp-content\/uploads\/usu63\/2023\/11\/Sherpa3-GERARD-GIRBAU-FONTS-1-1536x1254.jpeg 1536w, https:\/\/agora.xtec.cat\/iescalgravat\/wp-content\/uploads\/usu63\/2023\/11\/Sherpa3-GERARD-GIRBAU-FONTS-1-2048x1672.jpeg 2048w\" sizes=\"auto, (max-width: 300px) 100vw, 300px\" \/><\/a>\n\t\t\t<\/dt><\/dl><dl class='gallery-item'>\n\t\t\t<dt class='gallery-icon landscape'>\n\t\t\t\t<a href='https:\/\/agora.xtec.cat\/iescalgravat\/general\/taller-idees-joves-marqueting-digital\/attachment\/imagesherpa-gerard-girbau-fonts-1\/'><img loading=\"lazy\" decoding=\"async\" width=\"300\" height=\"239\" src=\"https:\/\/agora.xtec.cat\/iescalgravat\/wp-content\/uploads\/usu63\/2023\/11\/imageSherpa-GERARD-GIRBAU-FONTS-1-300x239.jpeg\" class=\"attachment-medium size-medium\" alt=\"\" srcset=\"https:\/\/agora.xtec.cat\/iescalgravat\/wp-content\/uploads\/usu63\/2023\/11\/imageSherpa-GERARD-GIRBAU-FONTS-1-300x239.jpeg 300w, https:\/\/agora.xtec.cat\/iescalgravat\/wp-content\/uploads\/usu63\/2023\/11\/imageSherpa-GERARD-GIRBAU-FONTS-1-1024x816.jpeg 1024w, https:\/\/agora.xtec.cat\/iescalgravat\/wp-content\/uploads\/usu63\/2023\/11\/imageSherpa-GERARD-GIRBAU-FONTS-1-768x612.jpeg 768w, https:\/\/agora.xtec.cat\/iescalgravat\/wp-content\/uploads\/usu63\/2023\/11\/imageSherpa-GERARD-GIRBAU-FONTS-1-1536x1224.jpeg 1536w, https:\/\/agora.xtec.cat\/iescalgravat\/wp-content\/uploads\/usu63\/2023\/11\/imageSherpa-GERARD-GIRBAU-FONTS-1-2048x1631.jpeg 2048w\" sizes=\"auto, (max-width: 300px) 100vw, 300px\" \/><\/a>\n\t\t\t<\/dt><\/dl><br style=\"clear: both\" \/>\n\t\t<\/div>\n\n","protected":false},"excerpt":{"rendered":"<p>L&#8217;alumnat de 1r de Batxillerat de l&#8217;optativa de Funcionament de l&#8217;Empresa i d&#8217;Economia hem participat en el primer taller sobre M\u00e0rqueting Digital. La Paola ha deixat el seu dia a dia com a assessora de m\u00e0rqueting per venir a l&#8217;aula a explicar-nos que \u00e9s i&hellip;  <a href=\"https:\/\/agora.xtec.cat\/iescalgravat\/general\/taller-idees-joves-marqueting-digital\/\" title=\"Read TALLER IDEES JOVES: M\u00c0RQUETING DIGITAL\">Llegeix m\u00e9s\u00bb<\/a><\/p>\n","protected":false},"author":1,"featured_media":0,"comment_status":"open","ping_status":"closed","sticky":false,"template":"","format":"standard","meta":{"_bbp_topic_count":0,"_bbp_reply_count":0,"_bbp_total_topic_count":0,"_bbp_total_reply_count":0,"_bbp_voice_count":0,"_bbp_anonymous_reply_count":0,"_bbp_topic_count_hidden":0,"_bbp_reply_count_hidden":0,"_bbp_forum_subforum_count":0,"footnotes":""},"categories":[8,1,29],"tags":[],"class_list":["post-5986","post","type-post","status-publish","format-standard","hentry","category-batxillerat","category-general","category-portada"],"post_mailing_queue_ids":[],"_links":{"self":[{"href":"https:\/\/agora.xtec.cat\/iescalgravat\/wp-json\/wp\/v2\/posts\/5986","targetHints":{"allow":["GET"]}}],"collection":[{"href":"https:\/\/agora.xtec.cat\/iescalgravat\/wp-json\/wp\/v2\/posts"}],"about":[{"href":"https:\/\/agora.xtec.cat\/iescalgravat\/wp-json\/wp\/v2\/types\/post"}],"author":[{"embeddable":true,"href":"https:\/\/agora.xtec.cat\/iescalgravat\/wp-json\/wp\/v2\/users\/1"}],"replies":[{"embeddable":true,"href":"https:\/\/agora.xtec.cat\/iescalgravat\/wp-json\/wp\/v2\/comments?post=5986"}],"version-history":[{"count":1,"href":"https:\/\/agora.xtec.cat\/iescalgravat\/wp-json\/wp\/v2\/posts\/5986\/revisions"}],"predecessor-version":[{"id":5989,"href":"https:\/\/agora.xtec.cat\/iescalgravat\/wp-json\/wp\/v2\/posts\/5986\/revisions\/5989"}],"wp:attachment":[{"href":"https:\/\/agora.xtec.cat\/iescalgravat\/wp-json\/wp\/v2\/media?parent=5986"}],"wp:term":[{"taxonomy":"category","embeddable":true,"href":"https:\/\/agora.xtec.cat\/iescalgravat\/wp-json\/wp\/v2\/categories?post=5986"},{"taxonomy":"post_tag","embeddable":true,"href":"https:\/\/agora.xtec.cat\/iescalgravat\/wp-json\/wp\/v2\/tags?post=5986"}],"curies":[{"name":"wp","href":"https:\/\/api.w.org\/{rel}","templated":true}]}}