{"id":5971,"date":"2023-11-14T23:10:11","date_gmt":"2023-11-14T22:10:11","guid":{"rendered":"https:\/\/agora.xtec.cat\/iescalgravat\/?p=5971"},"modified":"2023-11-14T23:26:26","modified_gmt":"2023-11-14T22:26:26","slug":"exposicio-fosses-comunes-a-catalunya","status":"publish","type":"post","link":"https:\/\/agora.xtec.cat\/iescalgravat\/general\/exposicio-fosses-comunes-a-catalunya\/","title":{"rendered":"EXPOSICI\u00d3 FOSSES COMUNES A CATALUNYA"},"content":{"rendered":"<p style=\"text-align: justify;\">Divendres 10 de novembre l&#8217;alumnat d&#8217;Hist\u00f2ria del m\u00f3n contemporani de primer de batxillerat, hem anat a veure l&#8217;exposici\u00f3 &#8220;On s\u00f3n? 85 anys d\u2019exhumacions de fosses comunes de la Guerra Civil a Catalunya&#8221; que est\u00e0 aquests dies al Museu de Manresa. L&#8217;historiador local Quim Aloy ens ha situat en el context en que es van produir les fosses comunes, guerra civil i repressi\u00f3, i ens ha explicat la hist\u00f2ria, el significat i la import\u00e0ncia de les exhumacions.<\/p>\n\n\t\t<style type=\"text\/css\">\n\t\t\t#gallery-1 {\n\t\t\t\tmargin: auto;\n\t\t\t}\n\t\t\t#gallery-1 .gallery-item {\n\t\t\t\tfloat: left;\n\t\t\t\tmargin-top: 10px;\n\t\t\t\ttext-align: center;\n\t\t\t\twidth: 50%;\n\t\t\t}\n\t\t\t#gallery-1 img {\n\t\t\t\tborder: 2px solid #cfcfcf;\n\t\t\t}\n\t\t\t#gallery-1 .gallery-caption {\n\t\t\t\tmargin-left: 0;\n\t\t\t}\n\t\t\t\/* see gallery_shortcode() in wp-includes\/media.php *\/\n\t\t<\/style>\n\t\t<div id='gallery-1' class='gallery galleryid-5971 gallery-columns-2 gallery-size-medium'><dl class='gallery-item'>\n\t\t\t<dt class='gallery-icon landscape'>\n\t\t\t\t<a href='https:\/\/agora.xtec.cat\/iescalgravat\/general\/exposicio-fosses-comunes-a-catalunya\/attachment\/20231110_134335-roger-canyadell-1\/'><img loading=\"lazy\" decoding=\"async\" width=\"300\" height=\"225\" src=\"https:\/\/agora.xtec.cat\/iescalgravat\/wp-content\/uploads\/usu63\/2023\/11\/20231110_134335-Roger-Canyadell-1-300x225.jpg\" class=\"attachment-medium size-medium\" alt=\"\" srcset=\"https:\/\/agora.xtec.cat\/iescalgravat\/wp-content\/uploads\/usu63\/2023\/11\/20231110_134335-Roger-Canyadell-1-300x225.jpg 300w, https:\/\/agora.xtec.cat\/iescalgravat\/wp-content\/uploads\/usu63\/2023\/11\/20231110_134335-Roger-Canyadell-1-1024x768.jpg 1024w, https:\/\/agora.xtec.cat\/iescalgravat\/wp-content\/uploads\/usu63\/2023\/11\/20231110_134335-Roger-Canyadell-1-768x576.jpg 768w, https:\/\/agora.xtec.cat\/iescalgravat\/wp-content\/uploads\/usu63\/2023\/11\/20231110_134335-Roger-Canyadell-1-1536x1152.jpg 1536w, https:\/\/agora.xtec.cat\/iescalgravat\/wp-content\/uploads\/usu63\/2023\/11\/20231110_134335-Roger-Canyadell-1-2048x1536.jpg 2048w, https:\/\/agora.xtec.cat\/iescalgravat\/wp-content\/uploads\/usu63\/2023\/11\/20231110_134335-Roger-Canyadell-1-200x150.jpg 200w\" sizes=\"auto, (max-width: 300px) 100vw, 300px\" \/><\/a>\n\t\t\t<\/dt><\/dl><dl class='gallery-item'>\n\t\t\t<dt class='gallery-icon landscape'>\n\t\t\t\t<a href='https:\/\/agora.xtec.cat\/iescalgravat\/general\/exposicio-fosses-comunes-a-catalunya\/attachment\/20231110_134306-roger-canyadell-1\/'><img loading=\"lazy\" decoding=\"async\" width=\"300\" height=\"225\" src=\"https:\/\/agora.xtec.cat\/iescalgravat\/wp-content\/uploads\/usu63\/2023\/11\/20231110_134306-Roger-Canyadell-1-300x225.jpg\" class=\"attachment-medium size-medium\" alt=\"\" srcset=\"https:\/\/agora.xtec.cat\/iescalgravat\/wp-content\/uploads\/usu63\/2023\/11\/20231110_134306-Roger-Canyadell-1-300x225.jpg 300w, https:\/\/agora.xtec.cat\/iescalgravat\/wp-content\/uploads\/usu63\/2023\/11\/20231110_134306-Roger-Canyadell-1-1024x768.jpg 1024w, https:\/\/agora.xtec.cat\/iescalgravat\/wp-content\/uploads\/usu63\/2023\/11\/20231110_134306-Roger-Canyadell-1-768x576.jpg 768w, https:\/\/agora.xtec.cat\/iescalgravat\/wp-content\/uploads\/usu63\/2023\/11\/20231110_134306-Roger-Canyadell-1-1536x1152.jpg 1536w, https:\/\/agora.xtec.cat\/iescalgravat\/wp-content\/uploads\/usu63\/2023\/11\/20231110_134306-Roger-Canyadell-1-2048x1536.jpg 2048w, https:\/\/agora.xtec.cat\/iescalgravat\/wp-content\/uploads\/usu63\/2023\/11\/20231110_134306-Roger-Canyadell-1-200x150.jpg 200w\" sizes=\"auto, (max-width: 300px) 100vw, 300px\" \/><\/a>\n\t\t\t<\/dt><\/dl><br style=\"clear: both\" \/><dl class='gallery-item'>\n\t\t\t<dt class='gallery-icon landscape'>\n\t\t\t\t<a href='https:\/\/agora.xtec.cat\/iescalgravat\/general\/exposicio-fosses-comunes-a-catalunya\/attachment\/20231110_134622-roger-canyadell-1\/'><img loading=\"lazy\" decoding=\"async\" width=\"300\" height=\"225\" src=\"https:\/\/agora.xtec.cat\/iescalgravat\/wp-content\/uploads\/usu63\/2023\/11\/20231110_134622-Roger-Canyadell-1-300x225.jpg\" class=\"attachment-medium size-medium\" alt=\"\" srcset=\"https:\/\/agora.xtec.cat\/iescalgravat\/wp-content\/uploads\/usu63\/2023\/11\/20231110_134622-Roger-Canyadell-1-300x225.jpg 300w, https:\/\/agora.xtec.cat\/iescalgravat\/wp-content\/uploads\/usu63\/2023\/11\/20231110_134622-Roger-Canyadell-1-1024x768.jpg 1024w, https:\/\/agora.xtec.cat\/iescalgravat\/wp-content\/uploads\/usu63\/2023\/11\/20231110_134622-Roger-Canyadell-1-768x576.jpg 768w, https:\/\/agora.xtec.cat\/iescalgravat\/wp-content\/uploads\/usu63\/2023\/11\/20231110_134622-Roger-Canyadell-1-1536x1152.jpg 1536w, https:\/\/agora.xtec.cat\/iescalgravat\/wp-content\/uploads\/usu63\/2023\/11\/20231110_134622-Roger-Canyadell-1-2048x1536.jpg 2048w, https:\/\/agora.xtec.cat\/iescalgravat\/wp-content\/uploads\/usu63\/2023\/11\/20231110_134622-Roger-Canyadell-1-200x150.jpg 200w\" sizes=\"auto, (max-width: 300px) 100vw, 300px\" \/><\/a>\n\t\t\t<\/dt><\/dl>\n\t\t\t<br style='clear: both' \/>\n\t\t<\/div>\n\n<p>&nbsp;<\/p>\n","protected":false},"excerpt":{"rendered":"<p>Divendres 10 de novembre l&#8217;alumnat d&#8217;Hist\u00f2ria del m\u00f3n contemporani de primer de batxillerat, hem anat a veure l&#8217;exposici\u00f3 &#8220;On s\u00f3n? 85 anys d\u2019exhumacions de fosses comunes de la Guerra Civil a Catalunya&#8221; que est\u00e0 aquests dies al Museu de Manresa. L&#8217;historiador local Quim Aloy ens&hellip;  <a href=\"https:\/\/agora.xtec.cat\/iescalgravat\/general\/exposicio-fosses-comunes-a-catalunya\/\" title=\"Read EXPOSICI\u00d3 FOSSES COMUNES A CATALUNYA\">Llegeix m\u00e9s\u00bb<\/a><\/p>\n","protected":false},"author":1,"featured_media":0,"comment_status":"open","ping_status":"closed","sticky":false,"template":"","format":"standard","meta":{"_bbp_topic_count":0,"_bbp_reply_count":0,"_bbp_total_topic_count":0,"_bbp_total_reply_count":0,"_bbp_voice_count":0,"_bbp_anonymous_reply_count":0,"_bbp_topic_count_hidden":0,"_bbp_reply_count_hidden":0,"_bbp_forum_subforum_count":0,"footnotes":""},"categories":[8,1,29],"tags":[],"class_list":["post-5971","post","type-post","status-publish","format-standard","hentry","category-batxillerat","category-general","category-portada"],"post_mailing_queue_ids":[],"_links":{"self":[{"href":"https:\/\/agora.xtec.cat\/iescalgravat\/wp-json\/wp\/v2\/posts\/5971","targetHints":{"allow":["GET"]}}],"collection":[{"href":"https:\/\/agora.xtec.cat\/iescalgravat\/wp-json\/wp\/v2\/posts"}],"about":[{"href":"https:\/\/agora.xtec.cat\/iescalgravat\/wp-json\/wp\/v2\/types\/post"}],"author":[{"embeddable":true,"href":"https:\/\/agora.xtec.cat\/iescalgravat\/wp-json\/wp\/v2\/users\/1"}],"replies":[{"embeddable":true,"href":"https:\/\/agora.xtec.cat\/iescalgravat\/wp-json\/wp\/v2\/comments?post=5971"}],"version-history":[{"count":3,"href":"https:\/\/agora.xtec.cat\/iescalgravat\/wp-json\/wp\/v2\/posts\/5971\/revisions"}],"predecessor-version":[{"id":5995,"href":"https:\/\/agora.xtec.cat\/iescalgravat\/wp-json\/wp\/v2\/posts\/5971\/revisions\/5995"}],"wp:attachment":[{"href":"https:\/\/agora.xtec.cat\/iescalgravat\/wp-json\/wp\/v2\/media?parent=5971"}],"wp:term":[{"taxonomy":"category","embeddable":true,"href":"https:\/\/agora.xtec.cat\/iescalgravat\/wp-json\/wp\/v2\/categories?post=5971"},{"taxonomy":"post_tag","embeddable":true,"href":"https:\/\/agora.xtec.cat\/iescalgravat\/wp-json\/wp\/v2\/tags?post=5971"}],"curies":[{"name":"wp","href":"https:\/\/api.w.org\/{rel}","templated":true}]}}