{"id":5959,"date":"2023-11-14T22:53:13","date_gmt":"2023-11-14T21:53:13","guid":{"rendered":"https:\/\/agora.xtec.cat\/iescalgravat\/?p=5959"},"modified":"2023-11-14T23:26:54","modified_gmt":"2023-11-14T22:26:54","slug":"taller-de-resolucio-de-conflictes-a-2n-eso","status":"publish","type":"post","link":"https:\/\/agora.xtec.cat\/iescalgravat\/general\/taller-de-resolucio-de-conflictes-a-2n-eso\/","title":{"rendered":"TALLER DE RESOLUCI\u00d3 DE CONFLICTES A 2n ESO"},"content":{"rendered":"<p style=\"text-align: justify;\">El passat dilluns 23 d\u2019octubre l&#8217;alumnat de 2n d&#8217;ESO hem iniciat un taller sobre resoluci\u00f3 de conflictes. Hem apr\u00e8s la difer\u00e8ncia entre conflicte i problema. Tamb\u00e9 ens han parlat sobre el concepte \u201cel nostre temple\u201d on trobem les \u201ccolumnes\u201d que ens poden fer estar b\u00e9 o malament. Dins de les nostres columnes trobem: la social, la familiar, la salut, etc. L&#8217;objectiu del taller ha estat ensenyar passos per a resoldre situacions de forma respectuosa.<\/p>\n\n\t\t<style type=\"text\/css\">\n\t\t\t#gallery-1 {\n\t\t\t\tmargin: auto;\n\t\t\t}\n\t\t\t#gallery-1 .gallery-item {\n\t\t\t\tfloat: left;\n\t\t\t\tmargin-top: 10px;\n\t\t\t\ttext-align: center;\n\t\t\t\twidth: 50%;\n\t\t\t}\n\t\t\t#gallery-1 img {\n\t\t\t\tborder: 2px solid #cfcfcf;\n\t\t\t}\n\t\t\t#gallery-1 .gallery-caption {\n\t\t\t\tmargin-left: 0;\n\t\t\t}\n\t\t\t\/* see gallery_shortcode() in wp-includes\/media.php *\/\n\t\t<\/style>\n\t\t<div id='gallery-1' class='gallery galleryid-5959 gallery-columns-2 gallery-size-medium'><dl class='gallery-item'>\n\t\t\t<dt class='gallery-icon portrait'>\n\t\t\t\t<a href='https:\/\/agora.xtec.cat\/iescalgravat\/general\/taller-de-resolucio-de-conflictes-a-2n-eso\/attachment\/img-2011-david-martinez-alvarez-1-2\/'><img loading=\"lazy\" decoding=\"async\" width=\"225\" height=\"300\" src=\"https:\/\/agora.xtec.cat\/iescalgravat\/wp-content\/uploads\/usu63\/2023\/11\/IMG-2011-DAVID-MARTINEZ-ALVAREZ-1-1-225x300.jpg\" class=\"attachment-medium size-medium\" alt=\"\" srcset=\"https:\/\/agora.xtec.cat\/iescalgravat\/wp-content\/uploads\/usu63\/2023\/11\/IMG-2011-DAVID-MARTINEZ-ALVAREZ-1-1-225x300.jpg 225w, https:\/\/agora.xtec.cat\/iescalgravat\/wp-content\/uploads\/usu63\/2023\/11\/IMG-2011-DAVID-MARTINEZ-ALVAREZ-1-1-768x1024.jpg 768w, https:\/\/agora.xtec.cat\/iescalgravat\/wp-content\/uploads\/usu63\/2023\/11\/IMG-2011-DAVID-MARTINEZ-ALVAREZ-1-1-1152x1536.jpg 1152w, https:\/\/agora.xtec.cat\/iescalgravat\/wp-content\/uploads\/usu63\/2023\/11\/IMG-2011-DAVID-MARTINEZ-ALVAREZ-1-1-1536x2048.jpg 1536w, https:\/\/agora.xtec.cat\/iescalgravat\/wp-content\/uploads\/usu63\/2023\/11\/IMG-2011-DAVID-MARTINEZ-ALVAREZ-1-1-scaled.jpg 1920w\" sizes=\"auto, (max-width: 225px) 100vw, 225px\" \/><\/a>\n\t\t\t<\/dt><\/dl><dl class='gallery-item'>\n\t\t\t<dt class='gallery-icon portrait'>\n\t\t\t\t<a href='https:\/\/agora.xtec.cat\/iescalgravat\/general\/taller-de-resolucio-de-conflictes-a-2n-eso\/attachment\/img-1990-david-martinez-alvarez-2\/'><img loading=\"lazy\" decoding=\"async\" width=\"225\" height=\"300\" src=\"https:\/\/agora.xtec.cat\/iescalgravat\/wp-content\/uploads\/usu63\/2023\/11\/IMG-1990-DAVID-MARTINEZ-ALVAREZ-1-225x300.jpg\" class=\"attachment-medium size-medium\" alt=\"\" srcset=\"https:\/\/agora.xtec.cat\/iescalgravat\/wp-content\/uploads\/usu63\/2023\/11\/IMG-1990-DAVID-MARTINEZ-ALVAREZ-1-225x300.jpg 225w, https:\/\/agora.xtec.cat\/iescalgravat\/wp-content\/uploads\/usu63\/2023\/11\/IMG-1990-DAVID-MARTINEZ-ALVAREZ-1-768x1024.jpg 768w, https:\/\/agora.xtec.cat\/iescalgravat\/wp-content\/uploads\/usu63\/2023\/11\/IMG-1990-DAVID-MARTINEZ-ALVAREZ-1-1152x1536.jpg 1152w, https:\/\/agora.xtec.cat\/iescalgravat\/wp-content\/uploads\/usu63\/2023\/11\/IMG-1990-DAVID-MARTINEZ-ALVAREZ-1-1536x2048.jpg 1536w, https:\/\/agora.xtec.cat\/iescalgravat\/wp-content\/uploads\/usu63\/2023\/11\/IMG-1990-DAVID-MARTINEZ-ALVAREZ-1-scaled.jpg 1920w\" sizes=\"auto, (max-width: 225px) 100vw, 225px\" \/><\/a>\n\t\t\t<\/dt><\/dl><br style=\"clear: both\" \/><dl class='gallery-item'>\n\t\t\t<dt class='gallery-icon landscape'>\n\t\t\t\t<a href='https:\/\/agora.xtec.cat\/iescalgravat\/general\/taller-de-resolucio-de-conflictes-a-2n-eso\/attachment\/img-2020-david-martinez-alvarez-1-1\/'><img loading=\"lazy\" decoding=\"async\" width=\"300\" height=\"225\" src=\"https:\/\/agora.xtec.cat\/iescalgravat\/wp-content\/uploads\/usu63\/2023\/11\/IMG-2020-DAVID-MARTINEZ-ALVAREZ-1-1-300x225.jpg\" class=\"attachment-medium size-medium\" alt=\"\" srcset=\"https:\/\/agora.xtec.cat\/iescalgravat\/wp-content\/uploads\/usu63\/2023\/11\/IMG-2020-DAVID-MARTINEZ-ALVAREZ-1-1-300x225.jpg 300w, https:\/\/agora.xtec.cat\/iescalgravat\/wp-content\/uploads\/usu63\/2023\/11\/IMG-2020-DAVID-MARTINEZ-ALVAREZ-1-1-1024x768.jpg 1024w, https:\/\/agora.xtec.cat\/iescalgravat\/wp-content\/uploads\/usu63\/2023\/11\/IMG-2020-DAVID-MARTINEZ-ALVAREZ-1-1-768x576.jpg 768w, https:\/\/agora.xtec.cat\/iescalgravat\/wp-content\/uploads\/usu63\/2023\/11\/IMG-2020-DAVID-MARTINEZ-ALVAREZ-1-1-1536x1152.jpg 1536w, https:\/\/agora.xtec.cat\/iescalgravat\/wp-content\/uploads\/usu63\/2023\/11\/IMG-2020-DAVID-MARTINEZ-ALVAREZ-1-1-2048x1536.jpg 2048w, https:\/\/agora.xtec.cat\/iescalgravat\/wp-content\/uploads\/usu63\/2023\/11\/IMG-2020-DAVID-MARTINEZ-ALVAREZ-1-1-200x150.jpg 200w\" sizes=\"auto, (max-width: 300px) 100vw, 300px\" \/><\/a>\n\t\t\t<\/dt><\/dl>\n\t\t\t<br style='clear: both' \/>\n\t\t<\/div>\n\n<p>&nbsp;<\/p>\n<p>(Paola, Cl\u00e0udia i Carla, reporteres 2n ESO E)<\/p>\n","protected":false},"excerpt":{"rendered":"<p>El passat dilluns 23 d\u2019octubre l&#8217;alumnat de 2n d&#8217;ESO hem iniciat un taller sobre resoluci\u00f3 de conflictes. Hem apr\u00e8s la difer\u00e8ncia entre conflicte i problema. Tamb\u00e9 ens han parlat sobre el concepte \u201cel nostre temple\u201d on trobem les \u201ccolumnes\u201d que ens poden fer estar b\u00e9&hellip;  <a href=\"https:\/\/agora.xtec.cat\/iescalgravat\/general\/taller-de-resolucio-de-conflictes-a-2n-eso\/\" title=\"Read TALLER DE RESOLUCI\u00d3 DE CONFLICTES A 2n ESO\">Llegeix m\u00e9s\u00bb<\/a><\/p>\n","protected":false},"author":1,"featured_media":0,"comment_status":"open","ping_status":"closed","sticky":false,"template":"","format":"standard","meta":{"_bbp_topic_count":0,"_bbp_reply_count":0,"_bbp_total_topic_count":0,"_bbp_total_reply_count":0,"_bbp_voice_count":0,"_bbp_anonymous_reply_count":0,"_bbp_topic_count_hidden":0,"_bbp_reply_count_hidden":0,"_bbp_forum_subforum_count":0,"footnotes":""},"categories":[3,1,29],"tags":[],"class_list":["post-5959","post","type-post","status-publish","format-standard","hentry","category-eso","category-general","category-portada"],"post_mailing_queue_ids":[],"_links":{"self":[{"href":"https:\/\/agora.xtec.cat\/iescalgravat\/wp-json\/wp\/v2\/posts\/5959","targetHints":{"allow":["GET"]}}],"collection":[{"href":"https:\/\/agora.xtec.cat\/iescalgravat\/wp-json\/wp\/v2\/posts"}],"about":[{"href":"https:\/\/agora.xtec.cat\/iescalgravat\/wp-json\/wp\/v2\/types\/post"}],"author":[{"embeddable":true,"href":"https:\/\/agora.xtec.cat\/iescalgravat\/wp-json\/wp\/v2\/users\/1"}],"replies":[{"embeddable":true,"href":"https:\/\/agora.xtec.cat\/iescalgravat\/wp-json\/wp\/v2\/comments?post=5959"}],"version-history":[{"count":6,"href":"https:\/\/agora.xtec.cat\/iescalgravat\/wp-json\/wp\/v2\/posts\/5959\/revisions"}],"predecessor-version":[{"id":5996,"href":"https:\/\/agora.xtec.cat\/iescalgravat\/wp-json\/wp\/v2\/posts\/5959\/revisions\/5996"}],"wp:attachment":[{"href":"https:\/\/agora.xtec.cat\/iescalgravat\/wp-json\/wp\/v2\/media?parent=5959"}],"wp:term":[{"taxonomy":"category","embeddable":true,"href":"https:\/\/agora.xtec.cat\/iescalgravat\/wp-json\/wp\/v2\/categories?post=5959"},{"taxonomy":"post_tag","embeddable":true,"href":"https:\/\/agora.xtec.cat\/iescalgravat\/wp-json\/wp\/v2\/tags?post=5959"}],"curies":[{"name":"wp","href":"https:\/\/api.w.org\/{rel}","templated":true}]}}