{"id":5939,"date":"2023-11-14T23:33:22","date_gmt":"2023-11-14T22:33:22","guid":{"rendered":"https:\/\/agora.xtec.cat\/iescalgravat\/?p=5939"},"modified":"2023-11-14T23:34:06","modified_gmt":"2023-11-14T22:34:06","slug":"el-gorg-blau-amb-alumnat-de-1r-btx","status":"publish","type":"post","link":"https:\/\/agora.xtec.cat\/iescalgravat\/general\/el-gorg-blau-amb-alumnat-de-1r-btx\/","title":{"rendered":"EL GORG BLAU AMB ALUMNAT DE 1R BTX"},"content":{"rendered":"<p style=\"text-align: justify;\">Primera sortida de l\u2019any de l\u2019alumnat de primer de batxillerat, l\u2019intenci\u00f3 \u00e9s cohesionar el grup. Aquest any hi ha noves incorporacions que venen d\u2019altres instituts i els hem de fer sentir com a casa. El Gorg Blau no est\u00e0 en el seu millor moment per\u00f2 compleix els requisits m\u00ednims per refrescar-se, poca cosa m\u00e9s.<\/p>\n<p>&nbsp;<\/p>\n\n\t\t<style type=\"text\/css\">\n\t\t\t#gallery-1 {\n\t\t\t\tmargin: auto;\n\t\t\t}\n\t\t\t#gallery-1 .gallery-item {\n\t\t\t\tfloat: left;\n\t\t\t\tmargin-top: 10px;\n\t\t\t\ttext-align: center;\n\t\t\t\twidth: 50%;\n\t\t\t}\n\t\t\t#gallery-1 img {\n\t\t\t\tborder: 2px solid #cfcfcf;\n\t\t\t}\n\t\t\t#gallery-1 .gallery-caption {\n\t\t\t\tmargin-left: 0;\n\t\t\t}\n\t\t\t\/* see gallery_shortcode() in wp-includes\/media.php *\/\n\t\t<\/style>\n\t\t<div id='gallery-1' class='gallery galleryid-5939 gallery-columns-2 gallery-size-medium'><dl class='gallery-item'>\n\t\t\t<dt class='gallery-icon landscape'>\n\t\t\t\t<a href='https:\/\/agora.xtec.cat\/iescalgravat\/general\/el-gorg-blau-amb-alumnat-de-1r-btx\/attachment\/img_4939-gerard-girbau-fonts-1\/'><img loading=\"lazy\" decoding=\"async\" width=\"300\" height=\"225\" src=\"https:\/\/agora.xtec.cat\/iescalgravat\/wp-content\/uploads\/usu63\/2023\/10\/IMG_4939-GERARD-GIRBAU-FONTS-1-300x225.jpeg\" class=\"attachment-medium size-medium\" alt=\"\" srcset=\"https:\/\/agora.xtec.cat\/iescalgravat\/wp-content\/uploads\/usu63\/2023\/10\/IMG_4939-GERARD-GIRBAU-FONTS-1-300x225.jpeg 300w, https:\/\/agora.xtec.cat\/iescalgravat\/wp-content\/uploads\/usu63\/2023\/10\/IMG_4939-GERARD-GIRBAU-FONTS-1-1024x768.jpeg 1024w, https:\/\/agora.xtec.cat\/iescalgravat\/wp-content\/uploads\/usu63\/2023\/10\/IMG_4939-GERARD-GIRBAU-FONTS-1-768x576.jpeg 768w, https:\/\/agora.xtec.cat\/iescalgravat\/wp-content\/uploads\/usu63\/2023\/10\/IMG_4939-GERARD-GIRBAU-FONTS-1-1536x1152.jpeg 1536w, https:\/\/agora.xtec.cat\/iescalgravat\/wp-content\/uploads\/usu63\/2023\/10\/IMG_4939-GERARD-GIRBAU-FONTS-1-2048x1536.jpeg 2048w, https:\/\/agora.xtec.cat\/iescalgravat\/wp-content\/uploads\/usu63\/2023\/10\/IMG_4939-GERARD-GIRBAU-FONTS-1-200x150.jpeg 200w\" sizes=\"auto, (max-width: 300px) 100vw, 300px\" \/><\/a>\n\t\t\t<\/dt><\/dl><dl class='gallery-item'>\n\t\t\t<dt class='gallery-icon landscape'>\n\t\t\t\t<a href='https:\/\/agora.xtec.cat\/iescalgravat\/general\/el-gorg-blau-amb-alumnat-de-1r-btx\/attachment\/img_20231011_104607-2\/'><img loading=\"lazy\" decoding=\"async\" width=\"300\" height=\"225\" src=\"https:\/\/agora.xtec.cat\/iescalgravat\/wp-content\/uploads\/usu63\/2023\/10\/IMG_20231011_104607-1-300x225.jpg\" class=\"attachment-medium size-medium\" alt=\"\" srcset=\"https:\/\/agora.xtec.cat\/iescalgravat\/wp-content\/uploads\/usu63\/2023\/10\/IMG_20231011_104607-1-300x225.jpg 300w, https:\/\/agora.xtec.cat\/iescalgravat\/wp-content\/uploads\/usu63\/2023\/10\/IMG_20231011_104607-1-1024x768.jpg 1024w, https:\/\/agora.xtec.cat\/iescalgravat\/wp-content\/uploads\/usu63\/2023\/10\/IMG_20231011_104607-1-768x576.jpg 768w, https:\/\/agora.xtec.cat\/iescalgravat\/wp-content\/uploads\/usu63\/2023\/10\/IMG_20231011_104607-1-1536x1152.jpg 1536w, https:\/\/agora.xtec.cat\/iescalgravat\/wp-content\/uploads\/usu63\/2023\/10\/IMG_20231011_104607-1-2048x1536.jpg 2048w, https:\/\/agora.xtec.cat\/iescalgravat\/wp-content\/uploads\/usu63\/2023\/10\/IMG_20231011_104607-1-200x150.jpg 200w\" sizes=\"auto, (max-width: 300px) 100vw, 300px\" \/><\/a>\n\t\t\t<\/dt><\/dl><br style=\"clear: both\" \/><dl class='gallery-item'>\n\t\t\t<dt class='gallery-icon landscape'>\n\t\t\t\t<a href='https:\/\/agora.xtec.cat\/iescalgravat\/general\/el-gorg-blau-amb-alumnat-de-1r-btx\/attachment\/img_4958-gerard-girbau-fonts-1\/'><img loading=\"lazy\" decoding=\"async\" width=\"300\" height=\"187\" src=\"https:\/\/agora.xtec.cat\/iescalgravat\/wp-content\/uploads\/usu63\/2023\/10\/IMG_4958-GERARD-GIRBAU-FONTS-1-300x187.jpeg\" class=\"attachment-medium size-medium\" alt=\"\" srcset=\"https:\/\/agora.xtec.cat\/iescalgravat\/wp-content\/uploads\/usu63\/2023\/10\/IMG_4958-GERARD-GIRBAU-FONTS-1-300x187.jpeg 300w, https:\/\/agora.xtec.cat\/iescalgravat\/wp-content\/uploads\/usu63\/2023\/10\/IMG_4958-GERARD-GIRBAU-FONTS-1-1024x638.jpeg 1024w, https:\/\/agora.xtec.cat\/iescalgravat\/wp-content\/uploads\/usu63\/2023\/10\/IMG_4958-GERARD-GIRBAU-FONTS-1-768x479.jpeg 768w, https:\/\/agora.xtec.cat\/iescalgravat\/wp-content\/uploads\/usu63\/2023\/10\/IMG_4958-GERARD-GIRBAU-FONTS-1-1536x958.jpeg 1536w, https:\/\/agora.xtec.cat\/iescalgravat\/wp-content\/uploads\/usu63\/2023\/10\/IMG_4958-GERARD-GIRBAU-FONTS-1-2048x1277.jpeg 2048w\" sizes=\"auto, (max-width: 300px) 100vw, 300px\" \/><\/a>\n\t\t\t<\/dt><\/dl>\n\t\t\t<br style='clear: both' \/>\n\t\t<\/div>\n\n","protected":false},"excerpt":{"rendered":"<p>Primera sortida de l\u2019any de l\u2019alumnat de primer de batxillerat, l\u2019intenci\u00f3 \u00e9s cohesionar el grup. Aquest any hi ha noves incorporacions que venen d\u2019altres instituts i els hem de fer sentir com a casa. El Gorg Blau no est\u00e0 en el seu millor moment per\u00f2&hellip;  <a href=\"https:\/\/agora.xtec.cat\/iescalgravat\/general\/el-gorg-blau-amb-alumnat-de-1r-btx\/\" title=\"Read EL GORG BLAU AMB ALUMNAT DE 1R BTX\">Llegeix m\u00e9s\u00bb<\/a><\/p>\n","protected":false},"author":1,"featured_media":0,"comment_status":"open","ping_status":"closed","sticky":false,"template":"","format":"standard","meta":{"_bbp_topic_count":0,"_bbp_reply_count":0,"_bbp_total_topic_count":0,"_bbp_total_reply_count":0,"_bbp_voice_count":0,"_bbp_anonymous_reply_count":0,"_bbp_topic_count_hidden":0,"_bbp_reply_count_hidden":0,"_bbp_forum_subforum_count":0,"footnotes":""},"categories":[8,1],"tags":[],"class_list":["post-5939","post","type-post","status-publish","format-standard","hentry","category-batxillerat","category-general"],"post_mailing_queue_ids":[],"_links":{"self":[{"href":"https:\/\/agora.xtec.cat\/iescalgravat\/wp-json\/wp\/v2\/posts\/5939","targetHints":{"allow":["GET"]}}],"collection":[{"href":"https:\/\/agora.xtec.cat\/iescalgravat\/wp-json\/wp\/v2\/posts"}],"about":[{"href":"https:\/\/agora.xtec.cat\/iescalgravat\/wp-json\/wp\/v2\/types\/post"}],"author":[{"embeddable":true,"href":"https:\/\/agora.xtec.cat\/iescalgravat\/wp-json\/wp\/v2\/users\/1"}],"replies":[{"embeddable":true,"href":"https:\/\/agora.xtec.cat\/iescalgravat\/wp-json\/wp\/v2\/comments?post=5939"}],"version-history":[{"count":1,"href":"https:\/\/agora.xtec.cat\/iescalgravat\/wp-json\/wp\/v2\/posts\/5939\/revisions"}],"predecessor-version":[{"id":6003,"href":"https:\/\/agora.xtec.cat\/iescalgravat\/wp-json\/wp\/v2\/posts\/5939\/revisions\/6003"}],"wp:attachment":[{"href":"https:\/\/agora.xtec.cat\/iescalgravat\/wp-json\/wp\/v2\/media?parent=5939"}],"wp:term":[{"taxonomy":"category","embeddable":true,"href":"https:\/\/agora.xtec.cat\/iescalgravat\/wp-json\/wp\/v2\/categories?post=5939"},{"taxonomy":"post_tag","embeddable":true,"href":"https:\/\/agora.xtec.cat\/iescalgravat\/wp-json\/wp\/v2\/tags?post=5939"}],"curies":[{"name":"wp","href":"https:\/\/api.w.org\/{rel}","templated":true}]}}