{"id":5926,"date":"2023-10-06T10:53:56","date_gmt":"2023-10-06T08:53:56","guid":{"rendered":"https:\/\/agora.xtec.cat\/iescalgravat\/?p=5926"},"modified":"2023-11-14T23:25:36","modified_gmt":"2023-11-14T22:25:36","slug":"coeduquem-per-a-una-educacio-feminista","status":"publish","type":"post","link":"https:\/\/agora.xtec.cat\/iescalgravat\/general\/coeduquem-per-a-una-educacio-feminista\/","title":{"rendered":"COEDUQUEM PER A UNA EDUCACI\u00d3 FEMINISTA"},"content":{"rendered":"<p style=\"text-align: justify;\">Una representaci\u00f3 de la comissi\u00f3 de g\u00e8nere de l\u2019institut hem participat en la I Jornada de Coeducaci\u00f3: Coeduquem per a una Educaci\u00f3 Feminista. Hem assistit a pon\u00e8ncies i hem format part de grups de treball dels quals ens n\u2019enduem eines per a seguir treballant en l\u2019objectiu d\u2019incorporar la coeducaci\u00f3 i la perspectiva de g\u00e8nere al centre.<\/p>\n\n\t\t<style type=\"text\/css\">\n\t\t\t#gallery-1 {\n\t\t\t\tmargin: auto;\n\t\t\t}\n\t\t\t#gallery-1 .gallery-item {\n\t\t\t\tfloat: left;\n\t\t\t\tmargin-top: 10px;\n\t\t\t\ttext-align: center;\n\t\t\t\twidth: 33%;\n\t\t\t}\n\t\t\t#gallery-1 img {\n\t\t\t\tborder: 2px solid #cfcfcf;\n\t\t\t}\n\t\t\t#gallery-1 .gallery-caption {\n\t\t\t\tmargin-left: 0;\n\t\t\t}\n\t\t\t\/* see gallery_shortcode() in wp-includes\/media.php *\/\n\t\t<\/style>\n\t\t<div id='gallery-1' class='gallery galleryid-5926 gallery-columns-3 gallery-size-medium'><dl class='gallery-item'>\n\t\t\t<dt class='gallery-icon landscape'>\n\t\t\t\t<a href='https:\/\/agora.xtec.cat\/iescalgravat\/general\/coeduquem-per-a-una-educacio-feminista\/attachment\/img_2227-laura-viayna-graells\/'><img loading=\"lazy\" decoding=\"async\" width=\"300\" height=\"225\" src=\"https:\/\/agora.xtec.cat\/iescalgravat\/wp-content\/uploads\/usu63\/2023\/10\/IMG_2227-LAURA-VIAYNA-GRAELLS-300x225.jpeg\" class=\"attachment-medium size-medium\" alt=\"\" srcset=\"https:\/\/agora.xtec.cat\/iescalgravat\/wp-content\/uploads\/usu63\/2023\/10\/IMG_2227-LAURA-VIAYNA-GRAELLS-300x225.jpeg 300w, https:\/\/agora.xtec.cat\/iescalgravat\/wp-content\/uploads\/usu63\/2023\/10\/IMG_2227-LAURA-VIAYNA-GRAELLS-1024x768.jpeg 1024w, https:\/\/agora.xtec.cat\/iescalgravat\/wp-content\/uploads\/usu63\/2023\/10\/IMG_2227-LAURA-VIAYNA-GRAELLS-768x576.jpeg 768w, https:\/\/agora.xtec.cat\/iescalgravat\/wp-content\/uploads\/usu63\/2023\/10\/IMG_2227-LAURA-VIAYNA-GRAELLS-1536x1152.jpeg 1536w, https:\/\/agora.xtec.cat\/iescalgravat\/wp-content\/uploads\/usu63\/2023\/10\/IMG_2227-LAURA-VIAYNA-GRAELLS-2048x1536.jpeg 2048w, https:\/\/agora.xtec.cat\/iescalgravat\/wp-content\/uploads\/usu63\/2023\/10\/IMG_2227-LAURA-VIAYNA-GRAELLS-200x150.jpeg 200w\" sizes=\"auto, (max-width: 300px) 100vw, 300px\" \/><\/a>\n\t\t\t<\/dt><\/dl><dl class='gallery-item'>\n\t\t\t<dt class='gallery-icon landscape'>\n\t\t\t\t<a href='https:\/\/agora.xtec.cat\/iescalgravat\/general\/coeduquem-per-a-una-educacio-feminista\/attachment\/img_2228-laura-viayna-graells\/'><img loading=\"lazy\" decoding=\"async\" width=\"300\" height=\"257\" src=\"https:\/\/agora.xtec.cat\/iescalgravat\/wp-content\/uploads\/usu63\/2023\/10\/IMG_2228-LAURA-VIAYNA-GRAELLS-300x257.jpeg\" class=\"attachment-medium size-medium\" alt=\"\" srcset=\"https:\/\/agora.xtec.cat\/iescalgravat\/wp-content\/uploads\/usu63\/2023\/10\/IMG_2228-LAURA-VIAYNA-GRAELLS-300x257.jpeg 300w, https:\/\/agora.xtec.cat\/iescalgravat\/wp-content\/uploads\/usu63\/2023\/10\/IMG_2228-LAURA-VIAYNA-GRAELLS-1024x876.jpeg 1024w, https:\/\/agora.xtec.cat\/iescalgravat\/wp-content\/uploads\/usu63\/2023\/10\/IMG_2228-LAURA-VIAYNA-GRAELLS-768x657.jpeg 768w, https:\/\/agora.xtec.cat\/iescalgravat\/wp-content\/uploads\/usu63\/2023\/10\/IMG_2228-LAURA-VIAYNA-GRAELLS-1536x1314.jpeg 1536w, https:\/\/agora.xtec.cat\/iescalgravat\/wp-content\/uploads\/usu63\/2023\/10\/IMG_2228-LAURA-VIAYNA-GRAELLS-2048x1751.jpeg 2048w\" sizes=\"auto, (max-width: 300px) 100vw, 300px\" \/><\/a>\n\t\t\t<\/dt><\/dl><dl class='gallery-item'>\n\t\t\t<dt class='gallery-icon landscape'>\n\t\t\t\t<a href='https:\/\/agora.xtec.cat\/iescalgravat\/general\/coeduquem-per-a-una-educacio-feminista\/attachment\/img_2233-laura-viayna-graells\/'><img loading=\"lazy\" decoding=\"async\" width=\"300\" height=\"225\" src=\"https:\/\/agora.xtec.cat\/iescalgravat\/wp-content\/uploads\/usu63\/2023\/10\/IMG_2233-LAURA-VIAYNA-GRAELLS-300x225.jpeg\" class=\"attachment-medium size-medium\" alt=\"\" srcset=\"https:\/\/agora.xtec.cat\/iescalgravat\/wp-content\/uploads\/usu63\/2023\/10\/IMG_2233-LAURA-VIAYNA-GRAELLS-300x225.jpeg 300w, https:\/\/agora.xtec.cat\/iescalgravat\/wp-content\/uploads\/usu63\/2023\/10\/IMG_2233-LAURA-VIAYNA-GRAELLS-1024x768.jpeg 1024w, https:\/\/agora.xtec.cat\/iescalgravat\/wp-content\/uploads\/usu63\/2023\/10\/IMG_2233-LAURA-VIAYNA-GRAELLS-768x576.jpeg 768w, https:\/\/agora.xtec.cat\/iescalgravat\/wp-content\/uploads\/usu63\/2023\/10\/IMG_2233-LAURA-VIAYNA-GRAELLS-1536x1152.jpeg 1536w, https:\/\/agora.xtec.cat\/iescalgravat\/wp-content\/uploads\/usu63\/2023\/10\/IMG_2233-LAURA-VIAYNA-GRAELLS-2048x1536.jpeg 2048w, https:\/\/agora.xtec.cat\/iescalgravat\/wp-content\/uploads\/usu63\/2023\/10\/IMG_2233-LAURA-VIAYNA-GRAELLS-200x150.jpeg 200w\" sizes=\"auto, (max-width: 300px) 100vw, 300px\" \/><\/a>\n\t\t\t<\/dt><\/dl><br style=\"clear: both\" \/>\n\t\t<\/div>\n\n<p>&nbsp;<\/p>\n","protected":false},"excerpt":{"rendered":"<p>Una representaci\u00f3 de la comissi\u00f3 de g\u00e8nere de l\u2019institut hem participat en la I Jornada de Coeducaci\u00f3: Coeduquem per a una Educaci\u00f3 Feminista. Hem assistit a pon\u00e8ncies i hem format part de grups de treball dels quals ens n\u2019enduem eines per a seguir treballant en&hellip;  <a href=\"https:\/\/agora.xtec.cat\/iescalgravat\/general\/coeduquem-per-a-una-educacio-feminista\/\" title=\"Read COEDUQUEM PER A UNA EDUCACI\u00d3 FEMINISTA\">Llegeix m\u00e9s\u00bb<\/a><\/p>\n","protected":false},"author":1,"featured_media":0,"comment_status":"open","ping_status":"closed","sticky":false,"template":"","format":"standard","meta":{"_bbp_topic_count":0,"_bbp_reply_count":0,"_bbp_total_topic_count":0,"_bbp_total_reply_count":0,"_bbp_voice_count":0,"_bbp_anonymous_reply_count":0,"_bbp_topic_count_hidden":0,"_bbp_reply_count_hidden":0,"_bbp_forum_subforum_count":0,"footnotes":""},"categories":[1,29],"tags":[],"class_list":["post-5926","post","type-post","status-publish","format-standard","hentry","category-general","category-portada"],"post_mailing_queue_ids":[],"_links":{"self":[{"href":"https:\/\/agora.xtec.cat\/iescalgravat\/wp-json\/wp\/v2\/posts\/5926","targetHints":{"allow":["GET"]}}],"collection":[{"href":"https:\/\/agora.xtec.cat\/iescalgravat\/wp-json\/wp\/v2\/posts"}],"about":[{"href":"https:\/\/agora.xtec.cat\/iescalgravat\/wp-json\/wp\/v2\/types\/post"}],"author":[{"embeddable":true,"href":"https:\/\/agora.xtec.cat\/iescalgravat\/wp-json\/wp\/v2\/users\/1"}],"replies":[{"embeddable":true,"href":"https:\/\/agora.xtec.cat\/iescalgravat\/wp-json\/wp\/v2\/comments?post=5926"}],"version-history":[{"count":3,"href":"https:\/\/agora.xtec.cat\/iescalgravat\/wp-json\/wp\/v2\/posts\/5926\/revisions"}],"predecessor-version":[{"id":5994,"href":"https:\/\/agora.xtec.cat\/iescalgravat\/wp-json\/wp\/v2\/posts\/5926\/revisions\/5994"}],"wp:attachment":[{"href":"https:\/\/agora.xtec.cat\/iescalgravat\/wp-json\/wp\/v2\/media?parent=5926"}],"wp:term":[{"taxonomy":"category","embeddable":true,"href":"https:\/\/agora.xtec.cat\/iescalgravat\/wp-json\/wp\/v2\/categories?post=5926"},{"taxonomy":"post_tag","embeddable":true,"href":"https:\/\/agora.xtec.cat\/iescalgravat\/wp-json\/wp\/v2\/tags?post=5926"}],"curies":[{"name":"wp","href":"https:\/\/api.w.org\/{rel}","templated":true}]}}