{"id":5864,"date":"2023-06-14T09:19:38","date_gmt":"2023-06-14T07:19:38","guid":{"rendered":"https:\/\/agora.xtec.cat\/iescalgravat\/?p=5864"},"modified":"2023-06-21T09:51:30","modified_gmt":"2023-06-21T07:51:30","slug":"sortida-a-sitges-de-batxillerat","status":"publish","type":"post","link":"https:\/\/agora.xtec.cat\/iescalgravat\/general\/sortida-a-sitges-de-batxillerat\/","title":{"rendered":"SORTIDA A SITGES DE BATXILLERAT"},"content":{"rendered":"<p><span data-sheets-value=\"{&quot;1&quot;:2,&quot;2&quot;:&quot;Avui 13 de juny els alumnes de batxillerat han fet una visita al Cau Ferrat i al Museu Mar i Cel de Sitges. Despr\u00e9s han gaudit de banys de mar i de sol, celebrant aix\u00ed el seu final de curs, que per als de segon \u00e9s el final de la seva etapa al nostre Institut. Enhorabona i molta sort a tots ells.&quot;}\" data-sheets-userformat=\"{&quot;2&quot;:513,&quot;3&quot;:{&quot;1&quot;:0},&quot;12&quot;:0}\">Avui 13 de juny els alumnes de Batxillerat han fet una visita al Cau Ferrat i al Museu Mar i Cel de Sitges. Despr\u00e9s han gaudit de banys de mar i de sol, celebrant aix\u00ed el seu final de curs, que per als de segon \u00e9s el final de la seva etapa al nostre Institut. Enhorabona i molta sort a tots ells.<\/span><\/p>\n<p><a href=\"https:\/\/agora.xtec.cat\/iescalgravat\/wp-content\/uploads\/usu63\/2023\/06\/IMG_20230613_153119-JOSEP-MARIA-FREIXA-PLANAS-min-scaled.jpg\"><img loading=\"lazy\" decoding=\"async\" class=\"aligncenter size-medium wp-image-5866\" src=\"https:\/\/agora.xtec.cat\/iescalgravat\/wp-content\/uploads\/usu63\/2023\/06\/IMG_20230613_153119-JOSEP-MARIA-FREIXA-PLANAS-min-300x300.jpg\" alt=\"\" width=\"300\" height=\"300\" srcset=\"https:\/\/agora.xtec.cat\/iescalgravat\/wp-content\/uploads\/usu63\/2023\/06\/IMG_20230613_153119-JOSEP-MARIA-FREIXA-PLANAS-min-300x300.jpg 300w, https:\/\/agora.xtec.cat\/iescalgravat\/wp-content\/uploads\/usu63\/2023\/06\/IMG_20230613_153119-JOSEP-MARIA-FREIXA-PLANAS-min-1024x1024.jpg 1024w, https:\/\/agora.xtec.cat\/iescalgravat\/wp-content\/uploads\/usu63\/2023\/06\/IMG_20230613_153119-JOSEP-MARIA-FREIXA-PLANAS-min-150x150.jpg 150w, https:\/\/agora.xtec.cat\/iescalgravat\/wp-content\/uploads\/usu63\/2023\/06\/IMG_20230613_153119-JOSEP-MARIA-FREIXA-PLANAS-min-768x768.jpg 768w, https:\/\/agora.xtec.cat\/iescalgravat\/wp-content\/uploads\/usu63\/2023\/06\/IMG_20230613_153119-JOSEP-MARIA-FREIXA-PLANAS-min-1536x1536.jpg 1536w, https:\/\/agora.xtec.cat\/iescalgravat\/wp-content\/uploads\/usu63\/2023\/06\/IMG_20230613_153119-JOSEP-MARIA-FREIXA-PLANAS-min-2048x2048.jpg 2048w\" sizes=\"auto, (max-width: 300px) 100vw, 300px\" \/><\/a><\/p>\n","protected":false},"excerpt":{"rendered":"<p>Avui 13 de juny els alumnes de Batxillerat han fet una visita al Cau Ferrat i al Museu Mar i Cel de Sitges. Despr\u00e9s han gaudit de banys de mar i de sol, celebrant aix\u00ed el seu final de curs, que per als de segon&hellip;  <a href=\"https:\/\/agora.xtec.cat\/iescalgravat\/general\/sortida-a-sitges-de-batxillerat\/\" title=\"Read SORTIDA A SITGES DE BATXILLERAT\">Llegeix m\u00e9s\u00bb<\/a><\/p>\n","protected":false},"author":1,"featured_media":0,"comment_status":"open","ping_status":"closed","sticky":false,"template":"","format":"standard","meta":{"_bbp_topic_count":0,"_bbp_reply_count":0,"_bbp_total_topic_count":0,"_bbp_total_reply_count":0,"_bbp_voice_count":0,"_bbp_anonymous_reply_count":0,"_bbp_topic_count_hidden":0,"_bbp_reply_count_hidden":0,"_bbp_forum_subforum_count":0,"footnotes":""},"categories":[8,1,29],"tags":[],"class_list":["post-5864","post","type-post","status-publish","format-standard","hentry","category-batxillerat","category-general","category-portada"],"post_mailing_queue_ids":[],"_links":{"self":[{"href":"https:\/\/agora.xtec.cat\/iescalgravat\/wp-json\/wp\/v2\/posts\/5864","targetHints":{"allow":["GET"]}}],"collection":[{"href":"https:\/\/agora.xtec.cat\/iescalgravat\/wp-json\/wp\/v2\/posts"}],"about":[{"href":"https:\/\/agora.xtec.cat\/iescalgravat\/wp-json\/wp\/v2\/types\/post"}],"author":[{"embeddable":true,"href":"https:\/\/agora.xtec.cat\/iescalgravat\/wp-json\/wp\/v2\/users\/1"}],"replies":[{"embeddable":true,"href":"https:\/\/agora.xtec.cat\/iescalgravat\/wp-json\/wp\/v2\/comments?post=5864"}],"version-history":[{"count":2,"href":"https:\/\/agora.xtec.cat\/iescalgravat\/wp-json\/wp\/v2\/posts\/5864\/revisions"}],"predecessor-version":[{"id":5867,"href":"https:\/\/agora.xtec.cat\/iescalgravat\/wp-json\/wp\/v2\/posts\/5864\/revisions\/5867"}],"wp:attachment":[{"href":"https:\/\/agora.xtec.cat\/iescalgravat\/wp-json\/wp\/v2\/media?parent=5864"}],"wp:term":[{"taxonomy":"category","embeddable":true,"href":"https:\/\/agora.xtec.cat\/iescalgravat\/wp-json\/wp\/v2\/categories?post=5864"},{"taxonomy":"post_tag","embeddable":true,"href":"https:\/\/agora.xtec.cat\/iescalgravat\/wp-json\/wp\/v2\/tags?post=5864"}],"curies":[{"name":"wp","href":"https:\/\/api.w.org\/{rel}","templated":true}]}}