{"id":5851,"date":"2023-05-31T10:34:12","date_gmt":"2023-05-31T08:34:12","guid":{"rendered":"https:\/\/agora.xtec.cat\/iescalgravat\/?p=5851"},"modified":"2023-05-31T12:43:32","modified_gmt":"2023-05-31T10:43:32","slug":"neteja-dentorn","status":"publish","type":"post","link":"https:\/\/agora.xtec.cat\/iescalgravat\/general\/neteja-dentorn\/","title":{"rendered":"NETEJA D&#8217;ENTORN"},"content":{"rendered":"<p><span data-sheets-value=\"{&quot;1&quot;:2,&quot;2&quot;:&quot;Avui primera neteja d'entorn pel barri de Cal Gravat com a colof\u00f3 del treball fet de consci\u00e8ncia c\u00edvica i ecol\u00f2gica.\\n#agentsc\u00edviques @avvcalgravat&quot;}\" data-sheets-userformat=\"{&quot;2&quot;:513,&quot;3&quot;:{&quot;1&quot;:0},&quot;12&quot;:0}\">Avui primera neteja d&#8217;entorn pel barri de Cal Gravat com a colof\u00f3 del treball fet de consci\u00e8ncia c\u00edvica i ecol\u00f2gica.<\/span><\/p>\n<table style=\"border-collapse: collapse; width: 37.4184%;\">\n<tbody>\n<tr>\n<td style=\"width: 100%; border-color: #000000; background-color: #bcf7e5;\"><a href=\"https:\/\/agora.xtec.cat\/iescalgravat\/wp-content\/uploads\/usu63\/2023\/05\/IMG20230524113050-MIREIA-RIBAS-SOLER-2-min-scaled.jpg\"><img loading=\"lazy\" decoding=\"async\" class=\"aligncenter size-medium wp-image-5854\" src=\"https:\/\/agora.xtec.cat\/iescalgravat\/wp-content\/uploads\/usu63\/2023\/05\/IMG20230524113050-MIREIA-RIBAS-SOLER-2-min-300x225.jpg\" alt=\"\" width=\"300\" height=\"225\" srcset=\"https:\/\/agora.xtec.cat\/iescalgravat\/wp-content\/uploads\/usu63\/2023\/05\/IMG20230524113050-MIREIA-RIBAS-SOLER-2-min-300x225.jpg 300w, https:\/\/agora.xtec.cat\/iescalgravat\/wp-content\/uploads\/usu63\/2023\/05\/IMG20230524113050-MIREIA-RIBAS-SOLER-2-min-1024x768.jpg 1024w, https:\/\/agora.xtec.cat\/iescalgravat\/wp-content\/uploads\/usu63\/2023\/05\/IMG20230524113050-MIREIA-RIBAS-SOLER-2-min-768x576.jpg 768w, https:\/\/agora.xtec.cat\/iescalgravat\/wp-content\/uploads\/usu63\/2023\/05\/IMG20230524113050-MIREIA-RIBAS-SOLER-2-min-1536x1152.jpg 1536w, https:\/\/agora.xtec.cat\/iescalgravat\/wp-content\/uploads\/usu63\/2023\/05\/IMG20230524113050-MIREIA-RIBAS-SOLER-2-min-2048x1536.jpg 2048w, https:\/\/agora.xtec.cat\/iescalgravat\/wp-content\/uploads\/usu63\/2023\/05\/IMG20230524113050-MIREIA-RIBAS-SOLER-2-min-200x150.jpg 200w\" sizes=\"auto, (max-width: 300px) 100vw, 300px\" \/><\/a><\/td>\n<\/tr>\n<\/tbody>\n<\/table>\n<p>&nbsp;<\/p>\n","protected":false},"excerpt":{"rendered":"<p>Avui primera neteja d&#8217;entorn pel barri de Cal Gravat com a colof\u00f3 del treball fet de consci\u00e8ncia c\u00edvica i ecol\u00f2gica.<\/p>\n<p><a href=\"https:\/\/agora.xtec.cat\/iescalgravat\/wp-content\/uploads\/usu63\/2023\/05\/IMG20230524113050-MIREIA-RIBAS-SOLER-2-min-scaled.jpg\"><\/a><\/p>\n<p>&nbsp;<\/p>\n","protected":false},"author":1,"featured_media":0,"comment_status":"open","ping_status":"closed","sticky":false,"template":"","format":"standard","meta":{"_bbp_topic_count":0,"_bbp_reply_count":0,"_bbp_total_topic_count":0,"_bbp_total_reply_count":0,"_bbp_voice_count":0,"_bbp_anonymous_reply_count":0,"_bbp_topic_count_hidden":0,"_bbp_reply_count_hidden":0,"_bbp_forum_subforum_count":0,"footnotes":""},"categories":[4,1,29],"tags":[],"class_list":["post-5851","post","type-post","status-publish","format-standard","hentry","category-eso-1","category-general","category-portada"],"post_mailing_queue_ids":[],"_links":{"self":[{"href":"https:\/\/agora.xtec.cat\/iescalgravat\/wp-json\/wp\/v2\/posts\/5851","targetHints":{"allow":["GET"]}}],"collection":[{"href":"https:\/\/agora.xtec.cat\/iescalgravat\/wp-json\/wp\/v2\/posts"}],"about":[{"href":"https:\/\/agora.xtec.cat\/iescalgravat\/wp-json\/wp\/v2\/types\/post"}],"author":[{"embeddable":true,"href":"https:\/\/agora.xtec.cat\/iescalgravat\/wp-json\/wp\/v2\/users\/1"}],"replies":[{"embeddable":true,"href":"https:\/\/agora.xtec.cat\/iescalgravat\/wp-json\/wp\/v2\/comments?post=5851"}],"version-history":[{"count":3,"href":"https:\/\/agora.xtec.cat\/iescalgravat\/wp-json\/wp\/v2\/posts\/5851\/revisions"}],"predecessor-version":[{"id":5855,"href":"https:\/\/agora.xtec.cat\/iescalgravat\/wp-json\/wp\/v2\/posts\/5851\/revisions\/5855"}],"wp:attachment":[{"href":"https:\/\/agora.xtec.cat\/iescalgravat\/wp-json\/wp\/v2\/media?parent=5851"}],"wp:term":[{"taxonomy":"category","embeddable":true,"href":"https:\/\/agora.xtec.cat\/iescalgravat\/wp-json\/wp\/v2\/categories?post=5851"},{"taxonomy":"post_tag","embeddable":true,"href":"https:\/\/agora.xtec.cat\/iescalgravat\/wp-json\/wp\/v2\/tags?post=5851"}],"curies":[{"name":"wp","href":"https:\/\/api.w.org\/{rel}","templated":true}]}}