{"id":5842,"date":"2023-05-30T09:44:00","date_gmt":"2023-05-30T07:44:00","guid":{"rendered":"https:\/\/agora.xtec.cat\/iescalgravat\/?p=5842"},"modified":"2023-05-31T10:28:44","modified_gmt":"2023-05-31T08:28:44","slug":"aula-de-teatre-entre-classe-i-classe","status":"publish","type":"post","link":"https:\/\/agora.xtec.cat\/iescalgravat\/general\/aula-de-teatre-entre-classe-i-classe\/","title":{"rendered":"AULA DE TEATRE: &#8220;ENTRE CLASSE I CLASSE&#8221;"},"content":{"rendered":"<p><span data-sheets-value=\"{&quot;1&quot;:2,&quot;2&quot;:&quot;Avui dia 29 de maig de 2023 els alumnes de l'Aula de Teatre de l'Institut Cal Gravat han representat l'obra \\&quot; Entre classe i classe\\&quot;. L'obra dirigida per T\u00e0tels P\u00e9rez \u00e9s un recull d'escenes de vida quotidiana d'uns nois i noies d'Institut. Els gags s\u00f3n fragments de converses sobre el seu dia a dia a les classes: el seus somnis, malentesos i frec frec entre amics, els primers enamoraments, les seves disputes amb el professorat... Situacions com la vida real que han representat amb solv\u00e8ncia els alumnes de l'aula de teatre. Vagi des d'aqu\u00ed una felicitaci\u00f3 a ells i a la seva directora, T\u00e0tels P\u00e9rez, que despr\u00e9s de tres cursos amb nosaltres ens deixa moment\u00e0niament per seguir altres reptes professionals. Esperem retrobar-la ben aviat.&quot;}\" data-sheets-userformat=\"{&quot;2&quot;:513,&quot;3&quot;:{&quot;1&quot;:0},&quot;12&quot;:0}\">Avui dia 29 de maig de 2023 els alumnes de<strong> l&#8217;Aula de Teatre<\/strong> de l&#8217;Institut Cal Gravat han representat l&#8217;obra <em>&#8221; Entre classe i classe&#8221;<\/em>. L&#8217;obra dirigida per <strong>T\u00e0tels P\u00e9rez<\/strong> \u00e9s un recull d&#8217;escenes de vida quotidiana d&#8217;uns nois i noies d&#8217;Institut. Els gags s\u00f3n fragments de converses sobre el seu dia a dia a les classes: el seus somnis, malentesos i frec frec entre amics, els primers enamoraments, les seves disputes amb el professorat&#8230; Situacions com la vida real que han representat amb solv\u00e8ncia els alumnes de l&#8217;aula de teatre. Vagi des d&#8217;aqu\u00ed una felicitaci\u00f3 a ells i a la seva directora, T\u00e0tels P\u00e9rez, que despr\u00e9s de tres cursos amb nosaltres ens deixa moment\u00e0niament per seguir altres reptes professionals. Esperem retrobar-la ben aviat.<\/span><\/p>\n<table style=\"border-collapse: collapse; width: 48.9485%;\">\n<tbody>\n<tr>\n<td style=\"width: 100%; border-color: #000000;\"><a href=\"https:\/\/agora.xtec.cat\/iescalgravat\/wp-content\/uploads\/usu63\/2023\/05\/IMG_20230529_200051-Josep-Maria-Freixa-min-scaled.jpg\"><img loading=\"lazy\" decoding=\"async\" class=\"aligncenter size-medium wp-image-5846\" src=\"https:\/\/agora.xtec.cat\/iescalgravat\/wp-content\/uploads\/usu63\/2023\/05\/IMG_20230529_200051-Josep-Maria-Freixa-min-300x300.jpg\" alt=\"\" width=\"300\" height=\"300\" srcset=\"https:\/\/agora.xtec.cat\/iescalgravat\/wp-content\/uploads\/usu63\/2023\/05\/IMG_20230529_200051-Josep-Maria-Freixa-min-300x300.jpg 300w, https:\/\/agora.xtec.cat\/iescalgravat\/wp-content\/uploads\/usu63\/2023\/05\/IMG_20230529_200051-Josep-Maria-Freixa-min-1024x1024.jpg 1024w, https:\/\/agora.xtec.cat\/iescalgravat\/wp-content\/uploads\/usu63\/2023\/05\/IMG_20230529_200051-Josep-Maria-Freixa-min-150x150.jpg 150w, https:\/\/agora.xtec.cat\/iescalgravat\/wp-content\/uploads\/usu63\/2023\/05\/IMG_20230529_200051-Josep-Maria-Freixa-min-768x768.jpg 768w, https:\/\/agora.xtec.cat\/iescalgravat\/wp-content\/uploads\/usu63\/2023\/05\/IMG_20230529_200051-Josep-Maria-Freixa-min-1536x1536.jpg 1536w, https:\/\/agora.xtec.cat\/iescalgravat\/wp-content\/uploads\/usu63\/2023\/05\/IMG_20230529_200051-Josep-Maria-Freixa-min-2048x2048.jpg 2048w\" sizes=\"auto, (max-width: 300px) 100vw, 300px\" \/><\/a><\/td>\n<\/tr>\n<\/tbody>\n<\/table>\n","protected":false},"excerpt":{"rendered":"<p>Avui dia 29 de maig de 2023 els alumnes de l&#8217;Aula de Teatre de l&#8217;Institut Cal Gravat han representat l&#8217;obra &#8221; Entre classe i classe&#8221;. L&#8217;obra dirigida per T\u00e0tels P\u00e9rez \u00e9s un recull d&#8217;escenes de vida quotidiana d&#8217;uns nois i noies d&#8217;Institut. Els gags s\u00f3n&hellip;  <a href=\"https:\/\/agora.xtec.cat\/iescalgravat\/general\/aula-de-teatre-entre-classe-i-classe\/\" title=\"Read AULA DE TEATRE: &#8220;ENTRE CLASSE I CLASSE&#8221;\">Llegeix m\u00e9s\u00bb<\/a><\/p>\n","protected":false},"author":1,"featured_media":0,"comment_status":"open","ping_status":"closed","sticky":false,"template":"","format":"standard","meta":{"_bbp_topic_count":0,"_bbp_reply_count":0,"_bbp_total_topic_count":0,"_bbp_total_reply_count":0,"_bbp_voice_count":0,"_bbp_anonymous_reply_count":0,"_bbp_topic_count_hidden":0,"_bbp_reply_count_hidden":0,"_bbp_forum_subforum_count":0,"footnotes":""},"categories":[4,5,1,29],"tags":[],"class_list":["post-5842","post","type-post","status-publish","format-standard","hentry","category-eso-1","category-eso-2","category-general","category-portada"],"post_mailing_queue_ids":[],"_links":{"self":[{"href":"https:\/\/agora.xtec.cat\/iescalgravat\/wp-json\/wp\/v2\/posts\/5842","targetHints":{"allow":["GET"]}}],"collection":[{"href":"https:\/\/agora.xtec.cat\/iescalgravat\/wp-json\/wp\/v2\/posts"}],"about":[{"href":"https:\/\/agora.xtec.cat\/iescalgravat\/wp-json\/wp\/v2\/types\/post"}],"author":[{"embeddable":true,"href":"https:\/\/agora.xtec.cat\/iescalgravat\/wp-json\/wp\/v2\/users\/1"}],"replies":[{"embeddable":true,"href":"https:\/\/agora.xtec.cat\/iescalgravat\/wp-json\/wp\/v2\/comments?post=5842"}],"version-history":[{"count":3,"href":"https:\/\/agora.xtec.cat\/iescalgravat\/wp-json\/wp\/v2\/posts\/5842\/revisions"}],"predecessor-version":[{"id":5848,"href":"https:\/\/agora.xtec.cat\/iescalgravat\/wp-json\/wp\/v2\/posts\/5842\/revisions\/5848"}],"wp:attachment":[{"href":"https:\/\/agora.xtec.cat\/iescalgravat\/wp-json\/wp\/v2\/media?parent=5842"}],"wp:term":[{"taxonomy":"category","embeddable":true,"href":"https:\/\/agora.xtec.cat\/iescalgravat\/wp-json\/wp\/v2\/categories?post=5842"},{"taxonomy":"post_tag","embeddable":true,"href":"https:\/\/agora.xtec.cat\/iescalgravat\/wp-json\/wp\/v2\/tags?post=5842"}],"curies":[{"name":"wp","href":"https:\/\/api.w.org\/{rel}","templated":true}]}}