{"id":5815,"date":"2023-05-24T09:23:48","date_gmt":"2023-05-24T07:23:48","guid":{"rendered":"https:\/\/agora.xtec.cat\/iescalgravat\/?p=5815"},"modified":"2023-05-24T13:08:31","modified_gmt":"2023-05-24T11:08:31","slug":"iii-jornada-de-classiques-del-bages","status":"publish","type":"post","link":"https:\/\/agora.xtec.cat\/iescalgravat\/general\/iii-jornada-de-classiques-del-bages\/","title":{"rendered":"III JORNADA DE CL\u00c0SSIQUES DEL BAGES"},"content":{"rendered":"<p><span data-sheets-value=\"{&quot;1&quot;:2,&quot;2&quot;:&quot;Avui l'alumnat de 4t d'ESO de la modalitat de llat\u00ed ha participat en la III Jornada de Cl\u00e0ssiques del Bages, juntament amb l'alumnat de llat\u00ed d'altres centres de la comarca. Han dut a terme tallers de criptografia cl\u00e0ssica, mosaics romans, estampaci\u00f3 de samarretes amb motius mitol\u00f2gics, d'escriptures antigues, kahoots, i Escape Room, a m\u00e9s d'un photocall grecorom\u00e0. En acabar, els Armats de Manresa els han parlat del seu origen rom\u00e0 i els han mostrat la indument\u00e0ria d'un soldat de l'\u00e8poca.&quot;}\" data-sheets-userformat=\"{&quot;2&quot;:513,&quot;3&quot;:{&quot;1&quot;:0},&quot;12&quot;:0}\">Avui l&#8217;alumnat de 4t d&#8217;ESO de la modalitat de llat\u00ed ha participat en la<strong> III Jornada de Cl\u00e0ssiques del Bages<\/strong>, juntament amb l&#8217;alumnat de llat\u00ed d&#8217;altres centres de la comarca. Han dut a terme tallers de criptografia cl\u00e0ssica, mosaics romans, estampaci\u00f3 de samarretes amb motius mitol\u00f2gics, d&#8217;escriptures antigues, kahoots, i Escape Room, a m\u00e9s d&#8217;un photocall grecorom\u00e0. En acabar, els Armats de Manresa els han parlat del seu origen rom\u00e0 i els han mostrat la indument\u00e0ria d&#8217;un soldat de l&#8217;\u00e8poca.<\/span><\/p>\n<table style=\"border-collapse: collapse; width: 45.5391%;\">\n<tbody>\n<tr>\n<td style=\"width: 22.8064%; border-color: #000000; background-color: #f0bd56;\"><a href=\"https:\/\/agora.xtec.cat\/iescalgravat\/wp-content\/uploads\/usu63\/2023\/05\/IMG-9635-LAURA-VIAYNA-GRAELLS-scaled.jpg\"><img loading=\"lazy\" decoding=\"async\" class=\"aligncenter size-medium wp-image-5830\" src=\"https:\/\/agora.xtec.cat\/iescalgravat\/wp-content\/uploads\/usu63\/2023\/05\/IMG-9635-LAURA-VIAYNA-GRAELLS-300x225.jpg\" alt=\"\" width=\"300\" height=\"225\" srcset=\"https:\/\/agora.xtec.cat\/iescalgravat\/wp-content\/uploads\/usu63\/2023\/05\/IMG-9635-LAURA-VIAYNA-GRAELLS-300x225.jpg 300w, https:\/\/agora.xtec.cat\/iescalgravat\/wp-content\/uploads\/usu63\/2023\/05\/IMG-9635-LAURA-VIAYNA-GRAELLS-1024x768.jpg 1024w, https:\/\/agora.xtec.cat\/iescalgravat\/wp-content\/uploads\/usu63\/2023\/05\/IMG-9635-LAURA-VIAYNA-GRAELLS-768x576.jpg 768w, https:\/\/agora.xtec.cat\/iescalgravat\/wp-content\/uploads\/usu63\/2023\/05\/IMG-9635-LAURA-VIAYNA-GRAELLS-1536x1152.jpg 1536w, https:\/\/agora.xtec.cat\/iescalgravat\/wp-content\/uploads\/usu63\/2023\/05\/IMG-9635-LAURA-VIAYNA-GRAELLS-2048x1536.jpg 2048w, https:\/\/agora.xtec.cat\/iescalgravat\/wp-content\/uploads\/usu63\/2023\/05\/IMG-9635-LAURA-VIAYNA-GRAELLS-200x150.jpg 200w\" sizes=\"auto, (max-width: 300px) 100vw, 300px\" \/><\/a><\/td>\n<td style=\"width: 22.7338%; border-color: #000000; background-color: #f0bd56;\"><a href=\"https:\/\/agora.xtec.cat\/iescalgravat\/wp-content\/uploads\/usu63\/2023\/05\/997189c0-bad2-437e-81bc-1b2112276a97-LAURA-VIAYNA-GRAELLS-2.jpg\"><img loading=\"lazy\" decoding=\"async\" class=\"aligncenter size-medium wp-image-5826\" src=\"https:\/\/agora.xtec.cat\/iescalgravat\/wp-content\/uploads\/usu63\/2023\/05\/997189c0-bad2-437e-81bc-1b2112276a97-LAURA-VIAYNA-GRAELLS-2-300x225.jpg\" alt=\"\" width=\"300\" height=\"225\" srcset=\"https:\/\/agora.xtec.cat\/iescalgravat\/wp-content\/uploads\/usu63\/2023\/05\/997189c0-bad2-437e-81bc-1b2112276a97-LAURA-VIAYNA-GRAELLS-2-300x225.jpg 300w, https:\/\/agora.xtec.cat\/iescalgravat\/wp-content\/uploads\/usu63\/2023\/05\/997189c0-bad2-437e-81bc-1b2112276a97-LAURA-VIAYNA-GRAELLS-2-1024x768.jpg 1024w, https:\/\/agora.xtec.cat\/iescalgravat\/wp-content\/uploads\/usu63\/2023\/05\/997189c0-bad2-437e-81bc-1b2112276a97-LAURA-VIAYNA-GRAELLS-2-768x576.jpg 768w, https:\/\/agora.xtec.cat\/iescalgravat\/wp-content\/uploads\/usu63\/2023\/05\/997189c0-bad2-437e-81bc-1b2112276a97-LAURA-VIAYNA-GRAELLS-2-1536x1152.jpg 1536w, https:\/\/agora.xtec.cat\/iescalgravat\/wp-content\/uploads\/usu63\/2023\/05\/997189c0-bad2-437e-81bc-1b2112276a97-LAURA-VIAYNA-GRAELLS-2-200x150.jpg 200w, https:\/\/agora.xtec.cat\/iescalgravat\/wp-content\/uploads\/usu63\/2023\/05\/997189c0-bad2-437e-81bc-1b2112276a97-LAURA-VIAYNA-GRAELLS-2.jpg 2000w\" sizes=\"auto, (max-width: 300px) 100vw, 300px\" \/><\/a><\/td>\n<\/tr>\n<\/tbody>\n<\/table>\n","protected":false},"excerpt":{"rendered":"<p>Avui l&#8217;alumnat de 4t d&#8217;ESO de la modalitat de llat\u00ed ha participat en la III Jornada de Cl\u00e0ssiques del Bages, juntament amb l&#8217;alumnat de llat\u00ed d&#8217;altres centres de la comarca. Han dut a terme tallers de criptografia cl\u00e0ssica, mosaics romans, estampaci\u00f3 de samarretes amb motius&hellip;  <a href=\"https:\/\/agora.xtec.cat\/iescalgravat\/general\/iii-jornada-de-classiques-del-bages\/\" title=\"Read III JORNADA DE CL\u00c0SSIQUES DEL BAGES\">Llegeix m\u00e9s\u00bb<\/a><\/p>\n","protected":false},"author":1,"featured_media":0,"comment_status":"open","ping_status":"closed","sticky":false,"template":"","format":"standard","meta":{"_bbp_topic_count":0,"_bbp_reply_count":0,"_bbp_total_topic_count":0,"_bbp_total_reply_count":0,"_bbp_voice_count":0,"_bbp_anonymous_reply_count":0,"_bbp_topic_count_hidden":0,"_bbp_reply_count_hidden":0,"_bbp_forum_subforum_count":0,"footnotes":""},"categories":[7,1,29],"tags":[],"class_list":["post-5815","post","type-post","status-publish","format-standard","hentry","category-eso-4","category-general","category-portada"],"post_mailing_queue_ids":[],"_links":{"self":[{"href":"https:\/\/agora.xtec.cat\/iescalgravat\/wp-json\/wp\/v2\/posts\/5815","targetHints":{"allow":["GET"]}}],"collection":[{"href":"https:\/\/agora.xtec.cat\/iescalgravat\/wp-json\/wp\/v2\/posts"}],"about":[{"href":"https:\/\/agora.xtec.cat\/iescalgravat\/wp-json\/wp\/v2\/types\/post"}],"author":[{"embeddable":true,"href":"https:\/\/agora.xtec.cat\/iescalgravat\/wp-json\/wp\/v2\/users\/1"}],"replies":[{"embeddable":true,"href":"https:\/\/agora.xtec.cat\/iescalgravat\/wp-json\/wp\/v2\/comments?post=5815"}],"version-history":[{"count":2,"href":"https:\/\/agora.xtec.cat\/iescalgravat\/wp-json\/wp\/v2\/posts\/5815\/revisions"}],"predecessor-version":[{"id":5832,"href":"https:\/\/agora.xtec.cat\/iescalgravat\/wp-json\/wp\/v2\/posts\/5815\/revisions\/5832"}],"wp:attachment":[{"href":"https:\/\/agora.xtec.cat\/iescalgravat\/wp-json\/wp\/v2\/media?parent=5815"}],"wp:term":[{"taxonomy":"category","embeddable":true,"href":"https:\/\/agora.xtec.cat\/iescalgravat\/wp-json\/wp\/v2\/categories?post=5815"},{"taxonomy":"post_tag","embeddable":true,"href":"https:\/\/agora.xtec.cat\/iescalgravat\/wp-json\/wp\/v2\/tags?post=5815"}],"curies":[{"name":"wp","href":"https:\/\/api.w.org\/{rel}","templated":true}]}}